{"id":5146,"date":"2020-04-15T21:00:30","date_gmt":"2020-04-16T00:00:30","guid":{"rendered":"http:\/\/desarrollosdeprueba.xyz\/universo_mola\/?p=5146"},"modified":"2021-08-07T21:02:26","modified_gmt":"2021-08-08T00:02:26","slug":"el-impacto-economico-de-covid-19-para-el-mercado-local","status":"publish","type":"post","link":"https:\/\/universomola.com\/en\/el-impacto-economico-de-covid-19-para-el-mercado-local\/","title":{"rendered":"EL IMPACTO ECON\u00d3MICO DE COVID 19 PARA EL MERCADO LOCAL"},"content":{"rendered":"<div class=\"fusion-fullwidth fullwidth-box fusion-builder-row-1 fusion-flex-container nonhundred-percent-fullwidth non-hundred-percent-height-scrolling\" style=\"--awb-border-radius-top-left:0px;--awb-border-radius-top-right:0px;--awb-border-radius-bottom-right:0px;--awb-border-radius-bottom-left:0px;--awb-flex-wrap:wrap;\" ><div class=\"fusion-builder-row fusion-row fusion-flex-align-items-flex-start fusion-flex-content-wrap\" style=\"max-width:1248px;margin-left: calc(-4% \/ 2 );margin-right: calc(-4% \/ 2 );\"><div class=\"fusion-layout-column fusion_builder_column fusion-builder-column-0 fusion_builder_column_1_1 1_1 fusion-flex-column\" style=\"--awb-bg-size:cover;--awb-width-large:100%;--awb-margin-top-large:0px;--awb-spacing-right-large:1.92%;--awb-margin-bottom-large:0px;--awb-spacing-left-large:1.92%;--awb-width-medium:100%;--awb-spacing-right-medium:1.92%;--awb-spacing-left-medium:1.92%;--awb-width-small:100%;--awb-spacing-right-small:1.92%;--awb-spacing-left-small:1.92%;\"><div class=\"fusion-column-wrapper fusion-flex-justify-content-flex-start fusion-content-layout-column\"><div class=\"fusion-text fusion-text-1\"><\/div><div class=\"fusion-text fusion-text-2\"><p><em><span style=\"font-weight: 400; color: #33cccc;\">Por Alberto Pecanha, Voz del #UniversoMOLA Brasil .\u00a0<\/span><\/em><\/p>\n<p><span style=\"font-weight: 400;\">El impacto econ\u00f3mico m\u00e1s all\u00e1 del importante problema de salud p\u00fablica de la pandemia de COVID-19 debe verse mejor en la parte m\u00e1s fr\u00e1gil de la cadena econ\u00f3mica.<\/span><b> El mercado local y el peque\u00f1o pro- ductor en varias regiones del continente, debido a sus caracter\u00edsticas y tama\u00f1o, enfrentan muchas m\u00e1s dificultades.<\/b><span style=\"font-weight: 400;\"> Si bien el gobierno federal brasile\u00f1o (y creo que otros gobiernos latinoamericanos) han tomado medidas tales como subsidios de emergencia para microempresarios, trabajadores informales y aut\u00f3nomos, <\/span><b>es urgente observar las acciones que los agentes de moda, de acuerdo con nuestras limitaciones, pueden resaltar,<\/b><span style=\"font-weight: 400;\"> OXFAM proyecta que 500 millones de personas corren el riesgo de caer en la pobreza si no se adoptan los planes de ayuda.<\/span><\/p>\n<p><span style=\"font-weight: 400;\">Nosotros en <\/span><a href=\"https:\/\/www.manari.com.br\/\"><b>Manari Eco,<\/b><\/a><span style=\"font-weight: 400;\"> aunque con sede en R\u00edo de Janeiro, utilizamos en nuestra producci\u00f3n adornos de etnias ind\u00edgenas, l\u00e1tex natural, etc. del Amazonas. De esta manera, buscamos fortalecer toda la cadena de producci\u00f3n mediante la inclusi\u00f3n econ\u00f3mica sostenible, siempre en un contexto social y ecol\u00f3gico. Recientemente participamos en NeoNyt 2020 (feria de moda ecol\u00f3gica), en Berl\u00edn, tomando este mensaje de moda continental. Sin embargo, incluso despu\u00e9s de la exhibici\u00f3n fuera de Brasil de nuestro trabajo, nuestra planificaci\u00f3n de internacionalizaci\u00f3n se vio obstaculizada por consultas y participaci\u00f3n en eventos pospuestos sin expectativas de retorno. Adem\u00e1s, el mercado nacional est\u00e1 fuertemente comprometido, lo que nos lleva a posponer contactos prometedores. <\/span><b>Esta situaci\u00f3n oscura nos oblig\u00f3 a posponer las solicitudes de socios proveedores, artesanos y productores comunitarios, comprometiendo la situaci\u00f3n de varias familias<\/b><span style=\"font-weight: 400;\">, lideradas por la mayor\u00eda de las mujeres. Estos proveedores comunales se encuentran en una situaci\u00f3n desesperada debido a las necesarias medidas de aislamiento sanitario en muchas ciudades. En un efecto en cascada, causaron la cancelaci\u00f3n de ferias generales, comerciales o de arte (incluidas las grandes y exhibiciones nacionales en las capitales). El resultado, entonces, son peque\u00f1as tiendas de artesanos cerrados, peque\u00f1os productores con stock varado, costureras en sus talleres vac\u00edos, l\u00e1tex natural sin encontrar compradores, etc. Esta situaci\u00f3n se repite en varios lugares, comprometiendo a estas personas de manera inoportuna y que se ven privadas de su sustento econ\u00f3mico.<\/span><\/p>\n<p><b>Como agentes de la moda, de cualquier tama\u00f1o, tenemos la misi\u00f3n de fomentar asociaciones y dise\u00f1ar soluciones para mitigar los efectos da\u00f1inos de esta crisis<\/b><span style=\"font-weight: 400;\">. Fui uno de los oradores en un foro reciente sobre certificaci\u00f3n ambiental en la Representaci\u00f3n de la ONU en Brasilia. En la ocasi\u00f3n, trat\u00e9 de enfatizar la importancia de la innovaci\u00f3n para hacer que el logro de los Objetivos de Desarrollo Sostenible (ODS) de la ONU sea m\u00e1s eficiente, como la Erradicaci\u00f3n de la Pobreza, la Igualdad de G\u00e9nero, la Acci\u00f3n Responsable contra el Clima, el Consumo y la Producci\u00f3n. La innovaci\u00f3n que se traduce en una mayor capacitaci\u00f3n para los eslabones m\u00e1s d\u00e9biles de la cadena de producci\u00f3n, uniendo el lado t\u00e9cnico con el conocimiento tradicional del bosque o la costurera que aprendi\u00f3 de su abuela. Hay una necesidad imperiosa de poner en nuestro radar una extensi\u00f3n, o si es algo nuevo para el agente de moda, el comienzo de asociaciones clave tanto con el peque\u00f1o proveedor del taller en la periferia como con la comunidad agroextractiva. Creo que esa tarea depende de todos nosotros.<\/span><\/p>\n<p><img decoding=\"async\" class=\"wp-image-5140 aligncenter lazyload\" data-src=\"http:\/\/desarrollosdeprueba.xyz\/universo_mola\/wp-content\/uploads\/2021\/08\/14-1.png\" alt=\"\" width=\"634\" height=\"360\" data-srcset=\"https:\/\/universomola.com\/wp-content\/uploads\/2021\/08\/14-1-200x113.png 200w, https:\/\/universomola.com\/wp-content\/uploads\/2021\/08\/14-1-300x170.png 300w, https:\/\/universomola.com\/wp-content\/uploads\/2021\/08\/14-1-400x227.png 400w, https:\/\/universomola.com\/wp-content\/uploads\/2021\/08\/14-1-500x284.png 500w, https:\/\/universomola.com\/wp-content\/uploads\/2021\/08\/14-1-600x340.png 600w, https:\/\/universomola.com\/wp-content\/uploads\/2021\/08\/14-1-700x397.png 700w, https:\/\/universomola.com\/wp-content\/uploads\/2021\/08\/14-1-768x436.png 768w, https:\/\/universomola.com\/wp-content\/uploads\/2021\/08\/14-1-800x454.png 800w, https:\/\/universomola.com\/wp-content\/uploads\/2021\/08\/14-1.png 927w\" data-sizes=\"(max-width: 634px) 100vw, 634px\" src=\"data:image\/svg+xml;base64,PHN2ZyB3aWR0aD0iMSIgaGVpZ2h0PSIxIiB4bWxucz0iaHR0cDovL3d3dy53My5vcmcvMjAwMC9zdmciPjwvc3ZnPg==\" style=\"--smush-placeholder-width: 634px; --smush-placeholder-aspect-ratio: 634\/360;\" \/><\/p>\n<\/div><\/div><\/div><\/div><\/div>","protected":false},"excerpt":{"rendered":"<p>Lorem ipsum dolor sit amet, consectetur adipiscing elit. Nam pharetra dictum eleifend. Sed posuere magna at luctus pretium. Aliquam ligula sem, aliquet sit amet nisi ac, dignissim porta ipsum.<\/p>","protected":false},"author":9,"featured_media":5139,"comment_status":"open","ping_status":"open","sticky":false,"template":"","format":"standard","meta":{"_monsterinsights_skip_tracking":false,"_monsterinsights_sitenote_active":false,"_monsterinsights_sitenote_note":"","_monsterinsights_sitenote_category":0,"footnotes":""},"categories":[40],"tags":[97,93,91,95,98,89,48,92,47,96,90,88],"class_list":["post-5146","post","type-post","status-publish","format-standard","has-post-thumbnail","hentry","category-blog","tag-covid-19","tag-disenadores-sostenibles","tag-ethical-fashion","tag-innovacion","tag-mercado-local","tag-moda-etica","tag-moda-latina","tag-moda-latinoamericana","tag-moda-sostenible","tag-moda-sustentable","tag-sustainable","tag-universo-mola"],"_links":{"self":[{"href":"https:\/\/universomola.com\/en\/wp-json\/wp\/v2\/posts\/5146","targetHints":{"allow":["GET"]}}],"collection":[{"href":"https:\/\/universomola.com\/en\/wp-json\/wp\/v2\/posts"}],"about":[{"href":"https:\/\/universomola.com\/en\/wp-json\/wp\/v2\/types\/post"}],"author":[{"embeddable":true,"href":"https:\/\/universomola.com\/en\/wp-json\/wp\/v2\/users\/9"}],"replies":[{"embeddable":true,"href":"https:\/\/universomola.com\/en\/wp-json\/wp\/v2\/comments?post=5146"}],"version-history":[{"count":1,"href":"https:\/\/universomola.com\/en\/wp-json\/wp\/v2\/posts\/5146\/revisions"}],"predecessor-version":[{"id":5147,"href":"https:\/\/universomola.com\/en\/wp-json\/wp\/v2\/posts\/5146\/revisions\/5147"}],"wp:featuredmedia":[{"embeddable":true,"href":"https:\/\/universomola.com\/en\/wp-json\/wp\/v2\/media\/5139"}],"wp:attachment":[{"href":"https:\/\/universomola.com\/en\/wp-json\/wp\/v2\/media?parent=5146"}],"wp:term":[{"taxonomy":"category","embeddable":true,"href":"https:\/\/universomola.com\/en\/wp-json\/wp\/v2\/categories?post=5146"},{"taxonomy":"post_tag","embeddable":true,"href":"https:\/\/universomola.com\/en\/wp-json\/wp\/v2\/tags?post=5146"}],"curies":[{"name":"wp","href":"https:\/\/api.w.org\/{rel}","templated":true}]}}