{"id":5151,"date":"2020-05-19T21:09:21","date_gmt":"2020-05-20T00:09:21","guid":{"rendered":"http:\/\/desarrollosdeprueba.xyz\/universo_mola\/?p=5151"},"modified":"2021-08-07T21:16:28","modified_gmt":"2021-08-08T00:16:28","slug":"sostenibilidad-y-traje-a-la-medida-como-alinear-estos-conceptos","status":"publish","type":"post","link":"https:\/\/universomola.com\/en\/sostenibilidad-y-traje-a-la-medida-como-alinear-estos-conceptos\/","title":{"rendered":"SOSTENIBILIDAD Y TRAJE A LA MEDIDA. \u00bfC\u00d3MO ALINEAR ESTOS CONCEPTOS?"},"content":{"rendered":"<div class=\"fusion-fullwidth fullwidth-box fusion-builder-row-1 fusion-flex-container nonhundred-percent-fullwidth non-hundred-percent-height-scrolling\" style=\"--awb-border-radius-top-left:0px;--awb-border-radius-top-right:0px;--awb-border-radius-bottom-right:0px;--awb-border-radius-bottom-left:0px;--awb-flex-wrap:wrap;\" ><div class=\"fusion-builder-row fusion-row fusion-flex-align-items-flex-start fusion-flex-content-wrap\" style=\"max-width:1248px;margin-left: calc(-4% \/ 2 );margin-right: calc(-4% \/ 2 );\"><div class=\"fusion-layout-column fusion_builder_column fusion-builder-column-0 fusion_builder_column_1_1 1_1 fusion-flex-column\" style=\"--awb-bg-size:cover;--awb-width-large:100%;--awb-margin-top-large:0px;--awb-spacing-right-large:1.92%;--awb-margin-bottom-large:0px;--awb-spacing-left-large:1.92%;--awb-width-medium:100%;--awb-spacing-right-medium:1.92%;--awb-spacing-left-medium:1.92%;--awb-width-small:100%;--awb-spacing-right-small:1.92%;--awb-spacing-left-small:1.92%;\"><div class=\"fusion-column-wrapper fusion-flex-justify-content-flex-start fusion-content-layout-column\"><div class=\"fusion-text fusion-text-1\"><\/div><div class=\"fusion-text fusion-text-2\"><p><em><span style=\"color: #33cccc;\"><span style=\"font-weight: 400;\">By <\/span><a style=\"color: #33cccc;\" href=\"https:\/\/www.rooks-rocks.com.mx\/\"><span style=\"font-weight: 400;\">Rooks &amp; Rocks M\u00e9xico<\/span><\/a><\/span><\/em><\/p>\n<p><span style=\"font-weight: 400;\">La moda sostenible suele estar relacionada con prendas casuales, pero ciertamente tiene la capacidad de abordar otros estilos de vestuario. Como un traje a la medida, por ejemplo.\u00a0<\/span><\/p>\n<p><span style=\"font-weight: 400;\">\u00bfTe parece poco cre\u00edble? Te sorprender\u00e1 conocer la versatilidad de los textiles org\u00e1nicos y c\u00f3mo pueden involucrarse en\u00a0 la<\/span><a href=\"https:\/\/www.rooks-rocks.com.mx\/\"> <span style=\"font-weight: 400;\">vestimenta formal<\/span><\/a><span style=\"font-weight: 400;\">.\u00a0<\/span><\/p>\n<p><span style=\"font-weight: 400;\">As\u00ed que si quieres conocer un poco m\u00e1s sobre esta nueva era de la moda, aqu\u00ed te contamos todo lo que debes saber para empezar a ser parte del cambio.\u00a0\u00a0<\/span><\/p>\n<p><b>\u00bfQu\u00e9 es la moda sostenible?\u00a0<\/b><\/p>\n<p><span style=\"font-weight: 400;\">La moda sostenible ha surgido como una respuesta a la crisis ecol\u00f3gica que supone la industria textil tradicional. Lamentablemente, este es un tema que muchos desconocen, pero poco a poco se ha ido colando en la conciencia de muchos grupos.\u00a0<\/span><\/p>\n<p><b>\u00bfSab\u00edas que la industria textil es sumamente contaminante del planeta?<\/b><span style=\"font-weight: 400;\"> Probablemente no te lo esperabas. Este fen\u00f3meno responde a una largu\u00edsima cadena de producci\u00f3n que muchas veces no contempla la integridad de los trabajadores o la ecolog\u00eda del producto.\u00a0<\/span><\/p>\n<p><span style=\"font-weight: 400;\">La moda sostenible, sustentable, \u00e9tica o ecol\u00f3gica es una corriente que busca reducir el impacto ambiental de la industria y garantizar el trabajo digno. <\/span><span style=\"font-weight: 400;\">El dise\u00f1o y producci\u00f3n de una prenda de ropa conlleva una gran cantidad de pasos y niveles. Un proceso tan largo hace dif\u00edcil que la moda sostenible pueda ser aplicable en un 100%. Para ello, habr\u00eda que garantizar desde el correcto cultivo de las fibras textiles hasta el reciclaje de la prenda final. <\/span><b>Sin embargo, la producci\u00f3n textil coherente y amigable con el medio ambiente ya es una realidad.<\/b><span style=\"font-weight: 400;\"> Cada vez va ocupando m\u00e1s espacios en el mercado de la moda tradicional.<\/span><\/p>\n<p><img decoding=\"async\" class=\"alignnone size-full wp-image-5152 lazyload\" data-src=\"http:\/\/desarrollosdeprueba.xyz\/universo_mola\/wp-content\/uploads\/2021\/08\/17-1.png\" alt=\"\" width=\"405\" height=\"270\" data-srcset=\"https:\/\/universomola.com\/wp-content\/uploads\/2021\/08\/17-1-200x133.png 200w, https:\/\/universomola.com\/wp-content\/uploads\/2021\/08\/17-1-300x200.png 300w, https:\/\/universomola.com\/wp-content\/uploads\/2021\/08\/17-1-400x267.png 400w, https:\/\/universomola.com\/wp-content\/uploads\/2021\/08\/17-1.png 405w\" data-sizes=\"(max-width: 405px) 100vw, 405px\" src=\"data:image\/svg+xml;base64,PHN2ZyB3aWR0aD0iMSIgaGVpZ2h0PSIxIiB4bWxucz0iaHR0cDovL3d3dy53My5vcmcvMjAwMC9zdmciPjwvc3ZnPg==\" style=\"--smush-placeholder-width: 405px; --smush-placeholder-aspect-ratio: 405\/270;\" \/><\/p>\n<p><b>Source:<\/b><a href=\"https:\/\/pixabay.com\/es\/photos\/textiles-tela-%D0%B4%D0%B6%D0%B8%D0%BD%D1%81%D0%B0-denim-moda-4178233\/\"> <span style=\"font-weight: 400;\">https:\/\/pixabay.com\/es\/photos\/textiles-tela-%D0%B4%D0%B6%D0%B8%D0%BD%D1%81%D0%B0-denim-moda-4178233\/<\/span><\/a><\/p>\n<p><b>Nombre de la imagen<\/b><span style=\"font-weight: 400;\">: textil-ecol\u00f3gico<\/span><\/p>\n<p><b>T\u00edtulo<\/b><span style=\"font-weight: 400;\">: tela org\u00e1nica<\/span><\/p>\n<p><b>ALT<\/b><span style=\"font-weight: 400;\">: textil org\u00e1nico\u00a0<\/span><\/p>\n<h2><b>Traje a la medida: un concepto acorde con la sostenibilidad\u00a0<\/b><\/h2>\n<p><span style=\"font-weight: 400;\"> <img decoding=\"async\" class=\"size-full wp-image-5153 aligncenter lazyload\" data-src=\"http:\/\/desarrollosdeprueba.xyz\/universo_mola\/wp-content\/uploads\/2021\/08\/17-2.png\" alt=\"\" width=\"443\" height=\"295\" data-srcset=\"https:\/\/universomola.com\/wp-content\/uploads\/2021\/08\/17-2-200x133.png 200w, https:\/\/universomola.com\/wp-content\/uploads\/2021\/08\/17-2-300x200.png 300w, https:\/\/universomola.com\/wp-content\/uploads\/2021\/08\/17-2-400x266.png 400w, https:\/\/universomola.com\/wp-content\/uploads\/2021\/08\/17-2.png 443w\" data-sizes=\"(max-width: 443px) 100vw, 443px\" src=\"data:image\/svg+xml;base64,PHN2ZyB3aWR0aD0iMSIgaGVpZ2h0PSIxIiB4bWxucz0iaHR0cDovL3d3dy53My5vcmcvMjAwMC9zdmciPjwvc3ZnPg==\" style=\"--smush-placeholder-width: 443px; --smush-placeholder-aspect-ratio: 443\/295;\" \/><\/span><\/p>\n<h6><b>Source:<\/b><a href=\"https:\/\/pixabay.com\/es\/photos\/corbata-ajustar-ajuste-hombre-690084\/\"> <span style=\"font-weight: 400;\">https:\/\/pixabay.com\/es\/photos\/corbata-ajustar-ajuste-hombre-690084\/<\/span><\/a><\/h6>\n<h6><b>Nombre de la imagen<\/b><span style=\"font-weight: 400;\">: traje-sustentable<\/span><\/h6>\n<h6><b>T\u00edtulo<\/b><span style=\"font-weight: 400;\">: traje a la medida sustentable<\/span><\/h6>\n<h6><b>ALT<\/b><span style=\"font-weight: 400;\">: traje a la medida ecol\u00f3gico<\/span><\/h6>\n<p><span style=\"font-weight: 400;\">Usualmente solemos asociar la moda sostenible con prendas casuales o informales, pero esto no es del todo cierto.<\/span><b> La moda sostenible puede estar presente casi en todo tipo de vestimenta, incluida la formal.\u00a0<\/b><\/p>\n<p><span style=\"font-weight: 400;\">En este punto, un<\/span><a href=\"https:\/\/www.rooks-rocks.com.mx\/blog\/trajes-y-camisas\/traje-a-la-medida\/\"> <span style=\"font-weight: 400;\">traje a la medida<\/span><\/a><span style=\"font-weight: 400;\"> es un excelente ejemplo de ello. Aqu\u00ed tenemos la gran ventaja de que, al ser prendas elaboradas desde cero, tenemos la capacidad de elegir los textiles, acabados y proceso de producci\u00f3n. <\/span><span style=\"font-weight: 400;\">Un traje a la medida, o traje sastre, es un elemento cl\u00e1sico de la vestimenta masculina. Y, en sinton\u00eda con la moda sostenible, <\/span><b>no suele ser producido en masa.<\/b><\/p>\n<p><span style=\"font-weight: 400;\">Al ser prendas dise\u00f1adas y elaboradas por encargo y a la medida de su due\u00f1o, conllevan un proceso dedicado y especializado, casi artesanal. Obviamente, hay algunos requerimientos que deben cumplir para ser considerados sostenibles. Uno de ellos son los materiales.<\/span><\/p>\n<p><b>Materiales 100% naturales en la elaboraci\u00f3n del traje a la medida\u00a0<\/b><\/p>\n<p><span style=\"font-weight: 400;\">Uno de los principales puntos para considerar que un tejido es org\u00e1nico o ecol\u00f3gico es que sea lo m\u00e1s puro posible. Solo est\u00e1 permitido un m\u00e1ximo del 5% de otros textiles o materiales. <\/span><span style=\"font-weight: 400;\">En este sentido, el <\/span><b>algod\u00f3n<\/b><span style=\"font-weight: 400;\"> es uno de los materiales m\u00e1s usados en la moda sostenible. Esto es as\u00ed siempre que no est\u00e9 mezclado con otras fibras y que haya sido producido bajo est\u00e1ndares org\u00e1nicos y seguros. Aqu\u00ed tambi\u00e9n podemos incluir la <\/span><b>lana, lino, seda y c\u00e1\u00f1amo<\/b><span style=\"font-weight: 400;\">. De nuevo, siempre garantizando que hayan tenido un proceso de producci\u00f3n ecol\u00f3gico.<\/span><\/p>\n<p><span style=\"font-weight: 400;\">Para un traje a la medida, f\u00e1cilmente se podr\u00edan emplear cualquiera de estos materiales. Tambi\u00e9n ser\u00eda bueno asegurarnos de que los hilos, botones y acabados sigan una l\u00ednea ecol\u00f3gica. <\/span><span style=\"font-weight: 400;\">Para lograr un acabado profesional, <\/span><b>ser\u00e1 necesario contar con un buen sastre<\/b><span style=\"font-weight: 400;\">. Ciertamente, el producto final no mostrar\u00e1 grandes diferencias con un traje tradicional, pero s\u00ed que te har\u00e1 sentir mucho mejor al usarlo.\u00a0<\/span><\/p>\n<p><span style=\"font-weight: 400;\">En conclusi\u00f3n, la moda sostenible es una alternativa a la vestimenta tradicional que lleg\u00f3 para quedarse. Y esto tambi\u00e9n incluye a la ropa formal.\u00a0<\/span><\/p>\n<p><b>Un traje a la medida hecho de forma sustentable es una verdadera declaraci\u00f3n personal.<\/b><span style=\"font-weight: 400;\"> El estilo y la ecolog\u00eda son conceptos compatibles, y t\u00fa puedes ser uno de los embajadores de ello usando un traje sastre sostenible.<\/span><\/p>\n<\/div><\/div><\/div><\/div><\/div>","protected":false},"excerpt":{"rendered":"<p>Lorem ipsum dolor sit amet, consectetur adipiscing elit. Nam pharetra dictum eleifend. Sed posuere magna at luctus pretium. Aliquam ligula sem, aliquet sit amet nisi ac, dignissim porta ipsum.<\/p>","protected":false},"author":9,"featured_media":5154,"comment_status":"open","ping_status":"open","sticky":false,"template":"","format":"standard","meta":{"_monsterinsights_skip_tracking":false,"_monsterinsights_sitenote_active":false,"_monsterinsights_sitenote_note":"","_monsterinsights_sitenote_category":0,"footnotes":""},"categories":[40],"tags":[93,91,95,89,48,92,47,96,90,88],"class_list":["post-5151","post","type-post","status-publish","format-standard","has-post-thumbnail","hentry","category-blog","tag-disenadores-sostenibles","tag-ethical-fashion","tag-innovacion","tag-moda-etica","tag-moda-latina","tag-moda-latinoamericana","tag-moda-sostenible","tag-moda-sustentable","tag-sustainable","tag-universo-mola"],"_links":{"self":[{"href":"https:\/\/universomola.com\/en\/wp-json\/wp\/v2\/posts\/5151","targetHints":{"allow":["GET"]}}],"collection":[{"href":"https:\/\/universomola.com\/en\/wp-json\/wp\/v2\/posts"}],"about":[{"href":"https:\/\/universomola.com\/en\/wp-json\/wp\/v2\/types\/post"}],"author":[{"embeddable":true,"href":"https:\/\/universomola.com\/en\/wp-json\/wp\/v2\/users\/9"}],"replies":[{"embeddable":true,"href":"https:\/\/universomola.com\/en\/wp-json\/wp\/v2\/comments?post=5151"}],"version-history":[{"count":1,"href":"https:\/\/universomola.com\/en\/wp-json\/wp\/v2\/posts\/5151\/revisions"}],"predecessor-version":[{"id":5155,"href":"https:\/\/universomola.com\/en\/wp-json\/wp\/v2\/posts\/5151\/revisions\/5155"}],"wp:featuredmedia":[{"embeddable":true,"href":"https:\/\/universomola.com\/en\/wp-json\/wp\/v2\/media\/5154"}],"wp:attachment":[{"href":"https:\/\/universomola.com\/en\/wp-json\/wp\/v2\/media?parent=5151"}],"wp:term":[{"taxonomy":"category","embeddable":true,"href":"https:\/\/universomola.com\/en\/wp-json\/wp\/v2\/categories?post=5151"},{"taxonomy":"post_tag","embeddable":true,"href":"https:\/\/universomola.com\/en\/wp-json\/wp\/v2\/tags?post=5151"}],"curies":[{"name":"wp","href":"https:\/\/api.w.org\/{rel}","templated":true}]}}