{"id":5161,"date":"2019-01-16T21:23:13","date_gmt":"2019-01-17T00:23:13","guid":{"rendered":"http:\/\/desarrollosdeprueba.xyz\/universo_mola\/?p=5161"},"modified":"2021-08-07T21:44:53","modified_gmt":"2021-08-08T00:44:53","slug":"3-pasos-para-una-vida-mas-sostenible","status":"publish","type":"post","link":"https:\/\/universomola.com\/en\/3-pasos-para-una-vida-mas-sostenible\/","title":{"rendered":"3 PASOS PARA UNA VIDA M\u00c1S SOSTENIBLE"},"content":{"rendered":"<div class=\"fusion-fullwidth fullwidth-box fusion-builder-row-1 fusion-flex-container nonhundred-percent-fullwidth non-hundred-percent-height-scrolling\" style=\"--awb-border-radius-top-left:0px;--awb-border-radius-top-right:0px;--awb-border-radius-bottom-right:0px;--awb-border-radius-bottom-left:0px;--awb-flex-wrap:wrap;\" ><div class=\"fusion-builder-row fusion-row fusion-flex-align-items-flex-start fusion-flex-content-wrap\" style=\"max-width:1248px;margin-left: calc(-4% \/ 2 );margin-right: calc(-4% \/ 2 );\"><div class=\"fusion-layout-column fusion_builder_column fusion-builder-column-0 fusion_builder_column_1_1 1_1 fusion-flex-column\" style=\"--awb-bg-size:cover;--awb-width-large:100%;--awb-margin-top-large:0px;--awb-spacing-right-large:1.92%;--awb-margin-bottom-large:0px;--awb-spacing-left-large:1.92%;--awb-width-medium:100%;--awb-spacing-right-medium:1.92%;--awb-spacing-left-medium:1.92%;--awb-width-small:100%;--awb-spacing-right-small:1.92%;--awb-spacing-left-small:1.92%;\"><div class=\"fusion-column-wrapper fusion-flex-justify-content-flex-start fusion-content-layout-column\"><div class=\"fusion-text fusion-text-1\"><p><em><span style=\"color: #33cccc;\">Escrito por: Recomendados de Universo MOLA<\/span><\/em><\/p>\n<p><span style=\"font-weight: 400;\">Sabemos y entendemos lo dif\u00edcil que puede ser dar los primeros pasos hacia la sostenibilidad. Afortunadamente, una gran corriente se est\u00e1 gestando, y somos muchos que estamos siendo<\/span><\/p>\n<p><span style=\"font-weight: 400;\">arrastrados por ella. \u00a1No est\u00e1s solo!\u00a0<\/span><\/p>\n<p><span style=\"font-weight: 400;\">Nuestros h\u00e1bitos y costumbres se encuentran atados a un sistema de m\u00e1ximo consumo que nos ha eclipsado el prop\u00f3sito, porque nos venden lo que no necesitamos y nos hacen creer que s\u00ed. Es as\u00ed que hemos generado dependencias hacia ciertos productos o formas de hacer las cosas que no solo nos hacen mal a nosotros sino que al medioambiente.\u00a0<\/span><\/p>\n<p><b>\u00a1Pero todo tiene soluci\u00f3n!\u00a0<\/b><\/p>\n<p><span style=\"font-weight: 400;\">\u00a0<\/span><span style=\"font-weight: 400;\">Si quieres empezar a ser m\u00e1s consciente, m\u00e1s responsable, pero crees que ser 100% es imposible, est\u00e1s en lo correcto: todo lleva su proceso y no sucede de la noche a la ma\u00f1ana. As\u00ed que aqu\u00ed te dejamos <\/span><b>3 pasos para que puedas empezar a caminar hacia la Sostenibilidad con nosotros<\/b><span style=\"font-weight: 400;\">.<\/span><\/p>\n<p><span style=\"color: #e01d1d;\"><b>1- Reducir el pl\u00e1stico<\/b><\/span><\/p>\n<p><span style=\"font-weight: 400;\">Como prop\u00f3sito para el 2019, muchos estamos uni\u00e9ndonos a este objetivo: utilizar el m\u00ednimo pl\u00e1stico posible. Y en caso de que uses, \u00a1que sea reciclado!\u00a0<\/span><\/p>\n<p><span style=\"font-weight: 400;\">\u00a0<\/span><b>El problema:<\/b><span style=\"font-weight: 400;\"> el pl\u00e1stico va a estar aqu\u00ed por siglos, y <\/span><span style=\"font-weight: 400;\">nunca se degradar\u00e1 100%<\/span><span style=\"font-weight: 400;\">, ya que unos pol\u00edmeros del mismo quedar\u00e1n. La mayor\u00eda del pl\u00e1stico desechado (especialmente el pl\u00e1stico de un solo uso &#8211; descartable) se env\u00eda al oc\u00e9ano, creando grandes islas de basura que atacan a las especies animales y vegetales marinas. Recordemos que el <\/span><b>70% del ox\u00edgeno de la Tierra viene de las plantas acu\u00e1ticas<\/b><span style=\"font-weight: 400;\"> (el 28% viene de las selvas h\u00famedas &#8211; como el Amazonas), as\u00ed que mejor hagamos algo al respecto.<\/span><\/p>\n<p><img decoding=\"async\" class=\"alignnone size-full wp-image-5165 lazyload\" data-src=\"http:\/\/desarrollosdeprueba.xyz\/universo_mola\/wp-content\/uploads\/2021\/08\/Captura41.png\" alt=\"\" width=\"454\" height=\"456\" data-srcset=\"https:\/\/universomola.com\/wp-content\/uploads\/2021\/08\/Captura41-66x66.png 66w, https:\/\/universomola.com\/wp-content\/uploads\/2021\/08\/Captura41-100x100.png 100w, https:\/\/universomola.com\/wp-content\/uploads\/2021\/08\/Captura41-150x150.png 150w, https:\/\/universomola.com\/wp-content\/uploads\/2021\/08\/Captura41-200x201.png 200w, https:\/\/universomola.com\/wp-content\/uploads\/2021\/08\/Captura41-300x300.png 300w, https:\/\/universomola.com\/wp-content\/uploads\/2021\/08\/Captura41-400x402.png 400w, https:\/\/universomola.com\/wp-content\/uploads\/2021\/08\/Captura41.png 454w\" data-sizes=\"(max-width: 454px) 100vw, 454px\" src=\"data:image\/svg+xml;base64,PHN2ZyB3aWR0aD0iMSIgaGVpZ2h0PSIxIiB4bWxucz0iaHR0cDovL3d3dy53My5vcmcvMjAwMC9zdmciPjwvc3ZnPg==\" style=\"--smush-placeholder-width: 454px; --smush-placeholder-aspect-ratio: 454\/456;\" \/><\/p>\n<p><i><span style=\"font-weight: 400;\">Imagen de<\/span><\/i><span style=\"color: #33cccc;\"><i><span style=\"font-weight: 400;\"> Less Plastic.<\/span><\/i> <\/span><\/p>\n<p><b>La soluci\u00f3n:\u00a0<\/b><\/p>\n<ul>\n<li style=\"font-weight: 400;\" aria-level=\"1\"><span style=\"font-weight: 400;\">Utiliza botellas de vidrio para almacenar el <\/span><b>agua hervida<\/b><span style=\"font-weight: 400;\"> potable.\u00a0<\/span><\/li>\n<li style=\"font-weight: 400;\" aria-level=\"1\"><span style=\"font-weight: 400;\">Utiliza<\/span><b> frascos de vidrio<\/b><span style=\"font-weight: 400;\"> para almacenar tu comida.\u00a0<\/span><\/li>\n<li style=\"font-weight: 400;\" aria-level=\"1\"><span style=\"font-weight: 400;\">Dile <\/span><b>NO a las bolsas pl\u00e1sticas<\/b><span style=\"font-weight: 400;\">, lleva siempre contigo una <\/span><i><span style=\"font-weight: 400;\">tote bag o bolsa de tela <\/span><\/i><span style=\"font-weight: 400;\">o prefiere bolsas biodegradables.\u00a0<\/span><\/li>\n<li style=\"font-weight: 400;\" aria-level=\"1\"><span style=\"font-weight: 400;\">Adquiere prendas que en su composici\u00f3n textil no tengan ni acr\u00edlicos ni polyester, sino en cambio <\/span><b>natural fibers<\/b><span style=\"font-weight: 400;\"> como algod\u00f3n o lino, si ya tienes prendas sint\u00e9ticas, usalas todo lo que puedas.\u00a0<\/span><\/li>\n<li style=\"font-weight: 400;\" aria-level=\"1\"><span style=\"font-weight: 400;\">Invierte en una <\/span><b>botella de agua o termo de caf\u00e9 reutilizable<\/b><span style=\"font-weight: 400;\"> as\u00ed no sigues consumiendo botellas o vasos de pl\u00e1stico cuando viajes o pasees.<\/span><\/li>\n<\/ul>\n<p><span style=\"font-weight: 400;\">Dile <\/span><b>NO a los cubiertos y platos de pl\u00e1stico<\/b><span style=\"font-weight: 400;\"> en fiestas o reuniones. Si tienes posibilidad, l\u00e1valos y reutil\u00edzalos, si has de usarlos en primera instancia.<\/span><\/p>\n<p><img decoding=\"async\" class=\"alignnone size-full wp-image-5166 lazyload\" data-src=\"http:\/\/desarrollosdeprueba.xyz\/universo_mola\/wp-content\/uploads\/2021\/08\/Captura42.png\" alt=\"\" width=\"426\" height=\"425\" data-srcset=\"https:\/\/universomola.com\/wp-content\/uploads\/2021\/08\/Captura42-66x66.png 66w, https:\/\/universomola.com\/wp-content\/uploads\/2021\/08\/Captura42-100x100.png 100w, https:\/\/universomola.com\/wp-content\/uploads\/2021\/08\/Captura42-150x150.png 150w, https:\/\/universomola.com\/wp-content\/uploads\/2021\/08\/Captura42-200x200.png 200w, https:\/\/universomola.com\/wp-content\/uploads\/2021\/08\/Captura42-300x300.png 300w, https:\/\/universomola.com\/wp-content\/uploads\/2021\/08\/Captura42-400x399.png 400w, https:\/\/universomola.com\/wp-content\/uploads\/2021\/08\/Captura42.png 426w\" data-sizes=\"(max-width: 426px) 100vw, 426px\" src=\"data:image\/svg+xml;base64,PHN2ZyB3aWR0aD0iMSIgaGVpZ2h0PSIxIiB4bWxucz0iaHR0cDovL3d3dy53My5vcmcvMjAwMC9zdmciPjwvc3ZnPg==\" style=\"--smush-placeholder-width: 426px; --smush-placeholder-aspect-ratio: 426\/425;\" \/><\/p>\n<p><em><span style=\"font-weight: 400; color: #ff0000;\">No olvides reutilizar el pl\u00e1stico reciclado \ud83d\ude09<\/span><\/em><\/p>\n<p><span style=\"color: #e01d1d;\"><b>2- Reduce el CO2<\/b><\/span><\/p>\n<p><b>El Problema:<\/b><span style=\"font-weight: 400;\"> Nuestro no muy querido di\u00f3xido de carbono es el responsable de ayudar a que los rayos de Sol no vuelvan al espacio una vez ingresan a la atm\u00f3sfera para darnos vida. La <\/span><i><span style=\"font-weight: 400;\">sobreproducci\u00f3n<\/span><\/i><span style=\"font-weight: 400;\"> de este gas ha generado el <\/span><b>calentamiento global<\/b><span style=\"font-weight: 400;\"> &#8211; s\u00ed, existe &#8211; y por lo tanto las temperaturas de nuestro planeta han aumentado, los polos se han derretido y los mares han crecido.<\/span><\/p>\n<p><b>Soluci\u00f3n:<\/b><span style=\"font-weight: 400;\">\u00a0<\/span><\/p>\n<ul>\n<li style=\"font-weight: 400;\" aria-level=\"1\"><b>M\u00e1s vegetaci\u00f3n<\/b><span style=\"font-weight: 400;\">, m\u00e1s vida. \u00bfPor qu\u00e9? Las plantas toman el CO2 para su fotos\u00edntesis, transform\u00e1ndolo en el oxigeno que nos da vida. Llena tus espacios con plantas y dales amor. Cuida los \u00e1rboles de tus ciudades y planta m\u00e1s cada vez que puedas.<\/span><\/li>\n<li style=\"font-weight: 400;\" aria-level=\"1\"><b>No utilices aerosoles<\/b><span style=\"font-weight: 400;\">, ni en desodorante.<\/span><\/li>\n<li style=\"font-weight: 400;\" aria-level=\"1\"><span style=\"font-weight: 400;\">Usa el <\/span><b>aire acondicionado lo menos posible<\/b><span style=\"font-weight: 400;\">, solo para aquellas situaciones extremas.<\/span><\/li>\n<li style=\"font-weight: 400;\" aria-level=\"1\"><b>Desconecta los electrodom\u00e9sticos<\/b><span style=\"font-weight: 400;\"> cuando no los est\u00e9s usando.<\/span><\/li>\n<\/ul>\n<p><span style=\"font-weight: 400;\">\u00a0<\/span><\/p>\n<p><span style=\"color: #e01d1d;\"><b>3- M\u00ednimo y necesario.<\/b><\/span><\/p>\n<p><span style=\"font-weight: 400; color: #e01d1d;\">\u00a0<\/span><span style=\"font-weight: 400;\">En s\u00edntesis, <\/span><b>la vida es m\u00e1s simple cuando nuestros espacios son limpios<\/b><span style=\"font-weight: 400;\">. Nos da claridad mental y nos ayuda a no distraernos. La idea de este ultimo punto es que entiendas que a veces menos es m\u00e1s, y es mejor que <\/span><b>uses solo lo que necesitas y a lo que le dar\u00e1s real utilidad<\/b><span style=\"font-weight: 400;\">, si no, \u00bfqu\u00e9 sentido tiene?<\/span><\/p>\n<p><span style=\"font-weight: 400;\">La utilidad la encuentras tu, pero estamos seguros que la vajilla que no usas nunca, te est\u00e1 ocupando m\u00e1s espacio que dando felicidad, o las prendas que quieres pero que aun no has estrenado no encontrar\u00e1n nunca \u201cla ocasi\u00f3n perfecta\u201d.<\/span><\/p>\n<p><img decoding=\"async\" class=\"alignnone size-full wp-image-5167 lazyload\" data-src=\"http:\/\/desarrollosdeprueba.xyz\/universo_mola\/wp-content\/uploads\/2021\/08\/Captura43.png\" alt=\"\" width=\"372\" height=\"306\" data-srcset=\"https:\/\/universomola.com\/wp-content\/uploads\/2021\/08\/Captura43-200x165.png 200w, https:\/\/universomola.com\/wp-content\/uploads\/2021\/08\/Captura43-300x247.png 300w, https:\/\/universomola.com\/wp-content\/uploads\/2021\/08\/Captura43.png 372w\" data-sizes=\"(max-width: 372px) 100vw, 372px\" src=\"data:image\/svg+xml;base64,PHN2ZyB3aWR0aD0iMSIgaGVpZ2h0PSIxIiB4bWxucz0iaHR0cDovL3d3dy53My5vcmcvMjAwMC9zdmciPjwvc3ZnPg==\" style=\"--smush-placeholder-width: 372px; --smush-placeholder-aspect-ratio: 372\/306;\" \/><\/p>\n<p style=\"text-align: center;\"><span style=\"color: #e01d1d;\"><b>\u00a1Nos encantar\u00e1 leer c\u00f3mo vas avanzando en estos pasos o qu\u00e9 otros recomiendas!<\/b><\/span><\/p>\n<\/div><\/div><\/div><\/div><\/div>","protected":false},"excerpt":{"rendered":"<p>Lorem ipsum dolor sit amet, consectetur adipiscing elit. Nam pharetra dictum eleifend. Sed posuere magna at luctus pretium. Aliquam ligula sem, aliquet sit amet nisi ac, dignissim porta ipsum.<\/p>","protected":false},"author":9,"featured_media":5168,"comment_status":"open","ping_status":"open","sticky":false,"template":"","format":"standard","meta":{"_monsterinsights_skip_tracking":false,"_monsterinsights_sitenote_active":false,"_monsterinsights_sitenote_note":"","_monsterinsights_sitenote_category":0,"footnotes":""},"categories":[40],"tags":[93,89,48,92,47,96,88],"class_list":["post-5161","post","type-post","status-publish","format-standard","has-post-thumbnail","hentry","category-blog","tag-disenadores-sostenibles","tag-moda-etica","tag-moda-latina","tag-moda-latinoamericana","tag-moda-sostenible","tag-moda-sustentable","tag-universo-mola"],"_links":{"self":[{"href":"https:\/\/universomola.com\/en\/wp-json\/wp\/v2\/posts\/5161","targetHints":{"allow":["GET"]}}],"collection":[{"href":"https:\/\/universomola.com\/en\/wp-json\/wp\/v2\/posts"}],"about":[{"href":"https:\/\/universomola.com\/en\/wp-json\/wp\/v2\/types\/post"}],"author":[{"embeddable":true,"href":"https:\/\/universomola.com\/en\/wp-json\/wp\/v2\/users\/9"}],"replies":[{"embeddable":true,"href":"https:\/\/universomola.com\/en\/wp-json\/wp\/v2\/comments?post=5161"}],"version-history":[{"count":1,"href":"https:\/\/universomola.com\/en\/wp-json\/wp\/v2\/posts\/5161\/revisions"}],"predecessor-version":[{"id":5169,"href":"https:\/\/universomola.com\/en\/wp-json\/wp\/v2\/posts\/5161\/revisions\/5169"}],"wp:featuredmedia":[{"embeddable":true,"href":"https:\/\/universomola.com\/en\/wp-json\/wp\/v2\/media\/5168"}],"wp:attachment":[{"href":"https:\/\/universomola.com\/en\/wp-json\/wp\/v2\/media?parent=5161"}],"wp:term":[{"taxonomy":"category","embeddable":true,"href":"https:\/\/universomola.com\/en\/wp-json\/wp\/v2\/categories?post=5161"},{"taxonomy":"post_tag","embeddable":true,"href":"https:\/\/universomola.com\/en\/wp-json\/wp\/v2\/tags?post=5161"}],"curies":[{"name":"wp","href":"https:\/\/api.w.org\/{rel}","templated":true}]}}