{"id":5176,"date":"2019-02-01T22:06:16","date_gmt":"2019-02-02T01:06:16","guid":{"rendered":"http:\/\/desarrollosdeprueba.xyz\/universo_mola\/?p=5176"},"modified":"2021-08-07T22:20:13","modified_gmt":"2021-08-08T01:20:13","slug":"10-blogs-sostenibles-que-debes-conocer","status":"publish","type":"post","link":"https:\/\/universomola.com\/en\/10-blogs-sostenibles-que-debes-conocer\/","title":{"rendered":"10 BLOGS SOSTENIBLES QUE DEBES CONOCER"},"content":{"rendered":"<div class=\"fusion-fullwidth fullwidth-box fusion-builder-row-1 fusion-flex-container nonhundred-percent-fullwidth non-hundred-percent-height-scrolling\" style=\"--awb-border-radius-top-left:0px;--awb-border-radius-top-right:0px;--awb-border-radius-bottom-right:0px;--awb-border-radius-bottom-left:0px;--awb-flex-wrap:wrap;\" ><div class=\"fusion-builder-row fusion-row fusion-flex-align-items-flex-start fusion-flex-content-wrap\" style=\"max-width:1248px;margin-left: calc(-4% \/ 2 );margin-right: calc(-4% \/ 2 );\"><div class=\"fusion-layout-column fusion_builder_column fusion-builder-column-0 fusion_builder_column_1_1 1_1 fusion-flex-column\" style=\"--awb-bg-size:cover;--awb-width-large:100%;--awb-margin-top-large:0px;--awb-spacing-right-large:1.92%;--awb-margin-bottom-large:0px;--awb-spacing-left-large:1.92%;--awb-width-medium:100%;--awb-spacing-right-medium:1.92%;--awb-spacing-left-medium:1.92%;--awb-width-small:100%;--awb-spacing-right-small:1.92%;--awb-spacing-left-small:1.92%;\"><div class=\"fusion-column-wrapper fusion-flex-justify-content-flex-start fusion-content-layout-column\"><div class=\"fusion-text fusion-text-1\"><p><em><span style=\"color: #33cccc;\">Escrito por: Recomendados de Universo MOLA<\/span><\/em><\/p>\n<p><span style=\"font-weight: 400;\">Somos un blog que comparte y colabora. Nos encanta visibillizar a todos los que est\u00e1n trabajando como nosotros. En el mundo, encontramos un sinf\u00edn de bloggers que hablan sobre todos los temas habidos y por haber. La sostenibilidad no se queda atr\u00e1s en este movimiento y son varios en el mundo &#8211; especialmente mujeres &#8211; que est\u00e1n utilizando sus plataformas como medios de influencia y ense\u00f1anza.<\/span><\/p>\n<p><span style=\"font-weight: 400;\">Conoce nuestros 6 recomendados + 4 bonustracks.\u00a0<\/span><\/p>\n<p><span style=\"color: #de2626;\"><b>Franca magazine:<\/b><\/span><\/p>\n<p><span style=\"font-weight: 400;\">Con su impronta honesta (fiel a su nombre) y femenina, enamora est\u00e9tica y conceptualmente a todos sus lectores. Con una variedad de art\u00edculos vinculados al estilo de vida sostenible, <\/span><span style=\"color: #33cccc;\"><b>Franca<\/b><\/span><span style=\"font-weight: 400;\"> se posiciona fuertemente ante la industria chilena.\u00a0<\/span><\/p>\n<p><span style=\"font-weight: 400;\">Adem\u00e1s de generar contenido escrito (desde hor\u00f3scopos hasta recomendaciones), Franca tambi\u00e9n se centra en generar la conectividad de actores a trav\u00e9s de acciones como workshops y charlas, y asesor\u00eda en comunicaci\u00f3n e imagen.<\/span><\/p>\n<p><img decoding=\"async\" class=\"alignnone size-full wp-image-5183 lazyload\" data-src=\"http:\/\/desarrollosdeprueba.xyz\/universo_mola\/wp-content\/uploads\/2021\/08\/Captura50.png\" alt=\"\" width=\"629\" height=\"359\" data-srcset=\"https:\/\/universomola.com\/wp-content\/uploads\/2021\/08\/Captura50-200x114.png 200w, https:\/\/universomola.com\/wp-content\/uploads\/2021\/08\/Captura50-300x171.png 300w, https:\/\/universomola.com\/wp-content\/uploads\/2021\/08\/Captura50-400x228.png 400w, https:\/\/universomola.com\/wp-content\/uploads\/2021\/08\/Captura50-500x285.png 500w, https:\/\/universomola.com\/wp-content\/uploads\/2021\/08\/Captura50-600x342.png 600w, https:\/\/universomola.com\/wp-content\/uploads\/2021\/08\/Captura50.png 629w\" data-sizes=\"(max-width: 629px) 100vw, 629px\" src=\"data:image\/svg+xml;base64,PHN2ZyB3aWR0aD0iMSIgaGVpZ2h0PSIxIiB4bWxucz0iaHR0cDovL3d3dy53My5vcmcvMjAwMC9zdmciPjwvc3ZnPg==\" style=\"--smush-placeholder-width: 629px; --smush-placeholder-aspect-ratio: 629\/359;\" \/><\/p>\n<p><span style=\"color: #de2626;\"><b>Ecocult<\/b><\/span><\/p>\n<p><span style=\"font-weight: 400;\">Liderado por Alden Wicker, <\/span><span style=\"color: #33cccc;\"><b>EcoCult<\/b><\/span><span style=\"font-weight: 400;\"> es ese espacio de moda sostenible y viajes para la mujer consciente. Con su gran impronta cient\u00edfica y cr\u00edtica, trae art\u00edculos period\u00edsticos que aportan al entender global de la sostenibilidad.\u00a0<\/span><\/p>\n<p><span style=\"font-weight: 400;\">Alden es adem\u00e1s periodista freelance para una variedad de portales como Refinery29, Glamour, Quartz, Newsweek o Racked. Es la presidenta de Ethical Writers, una comunidad con m\u00e1s de 85 creativos que trabajan entorno a la sostenibilidad desde distintos \u00e1mbitos.<\/span><\/p>\n<p><img decoding=\"async\" class=\"alignnone size-full wp-image-5177 lazyload\" data-src=\"http:\/\/desarrollosdeprueba.xyz\/universo_mola\/wp-content\/uploads\/2021\/08\/Captura51.png\" alt=\"\" width=\"619\" height=\"243\" data-srcset=\"https:\/\/universomola.com\/wp-content\/uploads\/2021\/08\/Captura51-200x79.png 200w, https:\/\/universomola.com\/wp-content\/uploads\/2021\/08\/Captura51-300x118.png 300w, https:\/\/universomola.com\/wp-content\/uploads\/2021\/08\/Captura51-400x157.png 400w, https:\/\/universomola.com\/wp-content\/uploads\/2021\/08\/Captura51-500x196.png 500w, https:\/\/universomola.com\/wp-content\/uploads\/2021\/08\/Captura51-600x236.png 600w, https:\/\/universomola.com\/wp-content\/uploads\/2021\/08\/Captura51.png 619w\" data-sizes=\"(max-width: 619px) 100vw, 619px\" src=\"data:image\/svg+xml;base64,PHN2ZyB3aWR0aD0iMSIgaGVpZ2h0PSIxIiB4bWxucz0iaHR0cDovL3d3dy53My5vcmcvMjAwMC9zdmciPjwvc3ZnPg==\" style=\"--smush-placeholder-width: 619px; --smush-placeholder-aspect-ratio: 619\/243;\" \/><\/p>\n<p><span style=\"color: #de2626;\"><b>Slowmotiv<\/b><\/span><\/p>\n<p><span style=\"font-weight: 400;\">Liderado por una amiga de la casa, Patricia Rinc\u00f3n, colombiana residente en Chile, <\/span><span style=\"color: #33cccc;\"><b>Slowmotiv<\/b><\/span><span style=\"font-weight: 400;\"> se presenta como un espacio de cultura, dise\u00f1o y moda ecosostenible. Creadora del concepto modamorfosis, Slowmotiv genera no solo contenido editorial sino la semana de la moda slow, talleres y charlas. <\/span><\/p>\n<p><img decoding=\"async\" class=\"alignnone size-full wp-image-5178 lazyload\" data-src=\"http:\/\/desarrollosdeprueba.xyz\/universo_mola\/wp-content\/uploads\/2021\/08\/Captura52.png\" alt=\"\" width=\"500\" height=\"463\" data-srcset=\"https:\/\/universomola.com\/wp-content\/uploads\/2021\/08\/Captura52-200x185.png 200w, https:\/\/universomola.com\/wp-content\/uploads\/2021\/08\/Captura52-300x278.png 300w, https:\/\/universomola.com\/wp-content\/uploads\/2021\/08\/Captura52-400x370.png 400w, https:\/\/universomola.com\/wp-content\/uploads\/2021\/08\/Captura52.png 500w\" data-sizes=\"(max-width: 500px) 100vw, 500px\" src=\"data:image\/svg+xml;base64,PHN2ZyB3aWR0aD0iMSIgaGVpZ2h0PSIxIiB4bWxucz0iaHR0cDovL3d3dy53My5vcmcvMjAwMC9zdmciPjwvc3ZnPg==\" style=\"--smush-placeholder-width: 500px; --smush-placeholder-aspect-ratio: 500\/463;\" \/><\/p>\n<p><span style=\"color: #de2626;\"><b>Lowly<\/b><\/span><\/p>\n<p><span style=\"font-weight: 400;\">Macarena Algorta, primera uruguaya en tener un blog que se dedica a la sostenibilidad en la moda, es adem\u00e1s la country coordinator de Fashion Revolution Uruguay y una gran amiga de MOLA. Con una motivaci\u00f3n de conscientizar, reflexionar y fomentar una vida m\u00e1s sostenible, ecol\u00f3gica y consciente, <\/span><span style=\"color: #33cccc;\"><b>Lowly<\/b><\/span><span style=\"font-weight: 400;\"> propone la visibilizaci\u00f3n de pr\u00e1cticas, dise\u00f1adores y acciones que apoyan el cuidado medioambiental y social. <\/span><\/p>\n<p><img decoding=\"async\" class=\"alignnone size-full wp-image-5179 lazyload\" data-src=\"http:\/\/desarrollosdeprueba.xyz\/universo_mola\/wp-content\/uploads\/2021\/08\/Captura53.png\" alt=\"\" width=\"563\" height=\"407\" data-srcset=\"https:\/\/universomola.com\/wp-content\/uploads\/2021\/08\/Captura53-200x145.png 200w, https:\/\/universomola.com\/wp-content\/uploads\/2021\/08\/Captura53-300x217.png 300w, https:\/\/universomola.com\/wp-content\/uploads\/2021\/08\/Captura53-400x289.png 400w, https:\/\/universomola.com\/wp-content\/uploads\/2021\/08\/Captura53-500x361.png 500w, https:\/\/universomola.com\/wp-content\/uploads\/2021\/08\/Captura53.png 563w\" data-sizes=\"(max-width: 563px) 100vw, 563px\" src=\"data:image\/svg+xml;base64,PHN2ZyB3aWR0aD0iMSIgaGVpZ2h0PSIxIiB4bWxucz0iaHR0cDovL3d3dy53My5vcmcvMjAwMC9zdmciPjwvc3ZnPg==\" style=\"--smush-placeholder-width: 563px; --smush-placeholder-aspect-ratio: 563\/407;\" \/><\/p>\n<p><span style=\"color: #de2626;\"><b>Luxiders<\/b><\/span><\/p>\n<p><span style=\"font-weight: 400;\">Fundada en Berl\u00edn hace apenas dos a\u00f1os, <\/span><span style=\"color: #33cccc;\"><b>Luxiders<\/b><\/span><span style=\"font-weight: 400;\"> destaca por su mirada global de la sostenibilidad en diferentes \u00e1mbitos de nuestras vidas. Se presenta como una revista innovadora, con una est\u00e9tica minimalista que se basa en el lujo inteligente para hombres y mujeres.\u00a0<\/span><\/p>\n<p><span style=\"font-weight: 400;\">Escrita en ingl\u00e9s, espa\u00f1ol y alem\u00e1n, intenta llegar a un gran p\u00fablico que aporte y se identifique a las historias que all\u00ed se cuentan. Es un recurso global para todos los que hacemos parte del ecosistema de moda. <\/span><\/p>\n<p><img decoding=\"async\" class=\"alignnone size-full wp-image-5180 lazyload\" data-src=\"http:\/\/desarrollosdeprueba.xyz\/universo_mola\/wp-content\/uploads\/2021\/08\/Captura54.png\" alt=\"\" width=\"557\" height=\"319\" data-srcset=\"https:\/\/universomola.com\/wp-content\/uploads\/2021\/08\/Captura54-200x115.png 200w, https:\/\/universomola.com\/wp-content\/uploads\/2021\/08\/Captura54-300x172.png 300w, https:\/\/universomola.com\/wp-content\/uploads\/2021\/08\/Captura54-400x229.png 400w, https:\/\/universomola.com\/wp-content\/uploads\/2021\/08\/Captura54-500x286.png 500w, https:\/\/universomola.com\/wp-content\/uploads\/2021\/08\/Captura54.png 557w\" data-sizes=\"(max-width: 557px) 100vw, 557px\" src=\"data:image\/svg+xml;base64,PHN2ZyB3aWR0aD0iMSIgaGVpZ2h0PSIxIiB4bWxucz0iaHR0cDovL3d3dy53My5vcmcvMjAwMC9zdmciPjwvc3ZnPg==\" style=\"--smush-placeholder-width: 557px; --smush-placeholder-aspect-ratio: 557\/319;\" \/><\/p>\n<p><span style=\"color: #de2626;\"><b>Slow Fashion Next<\/b><\/span><\/p>\n<p><span style=\"font-weight: 400;\">Nuestros amigos de Espa\u00f1a son un \u201cgrupo internacional de <\/span><b>profesionales de expertos en moda sostenible<\/b><span style=\"font-weight: 400;\"> que ayudamos a otros profesionales y empresas de moda a aumentar el valor e impacto positivo de sus marcas a trav\u00e9s de la formaci\u00f3n, innovaci\u00f3n, consultor\u00eda y divulgaci\u00f3n de sus empresas.\u201d Como ellos proponen.<\/span><\/p>\n<p><span style=\"font-weight: 400;\">Liderado por <\/span><b>Gema G\u00f3mez<\/b><span style=\"font-weight: 400;\">, experta referente en sostenibilidad en Espa\u00f1a,<\/span><span style=\"color: #33cccc;\"><b> Slow Fashion Next<\/b><\/span><span style=\"font-weight: 400;\"> no solamente es un blog que aporta contenido al entendimiento de este estilo de vida sino que adem\u00e1s generan cursos presenciales y online, eventos y charlas.<\/span><\/p>\n<p><img decoding=\"async\" class=\"alignnone size-full wp-image-5181 lazyload\" data-src=\"http:\/\/desarrollosdeprueba.xyz\/universo_mola\/wp-content\/uploads\/2021\/08\/Captura55.png\" alt=\"\" width=\"570\" height=\"330\" data-srcset=\"https:\/\/universomola.com\/wp-content\/uploads\/2021\/08\/Captura55-200x116.png 200w, https:\/\/universomola.com\/wp-content\/uploads\/2021\/08\/Captura55-300x174.png 300w, https:\/\/universomola.com\/wp-content\/uploads\/2021\/08\/Captura55-400x232.png 400w, https:\/\/universomola.com\/wp-content\/uploads\/2021\/08\/Captura55-500x289.png 500w, https:\/\/universomola.com\/wp-content\/uploads\/2021\/08\/Captura55.png 570w\" data-sizes=\"(max-width: 570px) 100vw, 570px\" src=\"data:image\/svg+xml;base64,PHN2ZyB3aWR0aD0iMSIgaGVpZ2h0PSIxIiB4bWxucz0iaHR0cDovL3d3dy53My5vcmcvMjAwMC9zdmciPjwvc3ZnPg==\" style=\"--smush-placeholder-width: 570px; --smush-placeholder-aspect-ratio: 570\/330;\" \/><\/p>\n<p><span style=\"color: #de2626;\"><i><span style=\"font-weight: 400;\">Bonustrack:<\/span><\/i><\/span><\/p>\n<p><span style=\"color: #de2626;\"><b>Ethical Unicorn<\/b><\/span><\/p>\n<p><span style=\"font-weight: 400;\">Con una mirada hol\u00edstica, basada en hechos sobre la sostenibilidad y la justicia social, Francesca Willow, londinense, se muestra cr\u00edtica ante el sistema. <\/span><span style=\"font-weight: 400; color: #33cccc;\">Conocela aqu\u00ed.<\/span><\/p>\n<p><span style=\"color: #de2626;\"><b>The Green Hub<\/b><\/span><\/p>\n<p><span style=\"font-weight: 400;\">Kira cuenta su proceso de empezar a tener un estilo de vida sostenibilidad desde la honestidad y la complicidad de ser un ser humano m\u00e1s que est\u00e1 aprendiendo. <\/span><span style=\"font-weight: 400; color: #33cccc;\">Conocela aqu\u00ed.<\/span><\/p>\n<p><span style=\"color: #de2626;\"><b>Model 4 green living<\/b><\/span><\/p>\n<p><span style=\"font-weight: 400;\">Rene Elizabeth Peters, amante de los animales y la naturaleza, es modelo en NYC y cre\u00f3 esta plataforma para a trav\u00e9s de su rol conscientizar sobre el medio ambiente y nuestro papel al protegerlo. <\/span><span style=\"font-weight: 400; color: #33cccc;\">Conocela aqu\u00ed.<\/span><\/p>\n<p><span style=\"color: #de2626;\"><b>Ethical Fashion Advocate<\/b><\/span><\/p>\n<p><span style=\"font-weight: 400;\">\u00abI am a fashion blogger, an avid clothes lover and an advocate for the Australian fashion industry, but first and foremost, I am a conscious consumer.\u201d &#8211; Claire Goldsworthy <\/span><span style=\"font-weight: 400; color: #33cccc;\">Conocela aqu\u00ed.<\/span><\/p>\n<\/div><\/div><\/div><\/div><\/div>","protected":false},"excerpt":{"rendered":"<p>Lorem ipsum dolor sit amet, consectetur adipiscing elit. Nam pharetra dictum eleifend. Sed posuere magna at luctus pretium. Aliquam ligula sem, aliquet sit amet nisi ac, dignissim porta ipsum.<\/p>","protected":false},"author":9,"featured_media":5182,"comment_status":"open","ping_status":"open","sticky":false,"template":"","format":"standard","meta":{"_monsterinsights_skip_tracking":false,"_monsterinsights_sitenote_active":false,"_monsterinsights_sitenote_note":"","_monsterinsights_sitenote_category":0,"footnotes":""},"categories":[40],"tags":[93,89,48,92,47,96,88],"class_list":["post-5176","post","type-post","status-publish","format-standard","has-post-thumbnail","hentry","category-blog","tag-disenadores-sostenibles","tag-moda-etica","tag-moda-latina","tag-moda-latinoamericana","tag-moda-sostenible","tag-moda-sustentable","tag-universo-mola"],"_links":{"self":[{"href":"https:\/\/universomola.com\/en\/wp-json\/wp\/v2\/posts\/5176","targetHints":{"allow":["GET"]}}],"collection":[{"href":"https:\/\/universomola.com\/en\/wp-json\/wp\/v2\/posts"}],"about":[{"href":"https:\/\/universomola.com\/en\/wp-json\/wp\/v2\/types\/post"}],"author":[{"embeddable":true,"href":"https:\/\/universomola.com\/en\/wp-json\/wp\/v2\/users\/9"}],"replies":[{"embeddable":true,"href":"https:\/\/universomola.com\/en\/wp-json\/wp\/v2\/comments?post=5176"}],"version-history":[{"count":1,"href":"https:\/\/universomola.com\/en\/wp-json\/wp\/v2\/posts\/5176\/revisions"}],"predecessor-version":[{"id":5184,"href":"https:\/\/universomola.com\/en\/wp-json\/wp\/v2\/posts\/5176\/revisions\/5184"}],"wp:featuredmedia":[{"embeddable":true,"href":"https:\/\/universomola.com\/en\/wp-json\/wp\/v2\/media\/5182"}],"wp:attachment":[{"href":"https:\/\/universomola.com\/en\/wp-json\/wp\/v2\/media?parent=5176"}],"wp:term":[{"taxonomy":"category","embeddable":true,"href":"https:\/\/universomola.com\/en\/wp-json\/wp\/v2\/categories?post=5176"},{"taxonomy":"post_tag","embeddable":true,"href":"https:\/\/universomola.com\/en\/wp-json\/wp\/v2\/tags?post=5176"}],"curies":[{"name":"wp","href":"https:\/\/api.w.org\/{rel}","templated":true}]}}