{"id":5185,"date":"2019-02-02T22:21:27","date_gmt":"2019-02-03T01:21:27","guid":{"rendered":"http:\/\/desarrollosdeprueba.xyz\/universo_mola\/?p=5185"},"modified":"2021-08-07T22:34:27","modified_gmt":"2021-08-08T01:34:27","slug":"por-que-el-mundo-necesita-de-una-moda-sostenible","status":"publish","type":"post","link":"https:\/\/universomola.com\/en\/por-que-el-mundo-necesita-de-una-moda-sostenible\/","title":{"rendered":"\u00bfPOR QU\u00c9 EL MUNDO NECESITA DE UNA MODA SOSTENIBLE?"},"content":{"rendered":"[fusion_builder_container hundred_percent=\u00bbno\u00bb equal_height_columns=\u00bbno\u00bb menu_anchor=\u00bb\u00bb hide_on_mobile=\u00bbsmall-visibility,medium-visibility,large-visibility\u00bb class=\u00bb\u00bb id=\u00bb\u00bb background_color=\u00bb\u00bb background_image=\u00bb\u00bb background_position=\u00bbcenter center\u00bb background_repeat=\u00bbno-repeat\u00bb fade=\u00bbno\u00bb background_parallax=\u00bbnone\u00bb parallax_speed=\u00bb0.3&#8243; video_mp4=\u00bb\u00bb video_webm=\u00bb\u00bb video_ogv=\u00bb\u00bb video_url=\u00bb\u00bb video_aspect_ratio=\u00bb16:9&#8243; video_loop=\u00bbyes\u00bb video_mute=\u00bbyes\u00bb overlay_color=\u00bb\u00bb video_preview_image=\u00bb\u00bb border_color=\u00bb\u00bb border_style=\u00bbsolid\u00bb padding_top=\u00bb\u00bb padding_bottom=\u00bb\u00bb padding_left=\u00bb\u00bb padding_right=\u00bb\u00bb type=\u00bbflex\u00bb][fusion_builder_row][fusion_builder_column type=\u00bb1_1&#8243; layout=\u00bb1_1&#8243; background_position=\u00bbleft top\u00bb background_color=\u00bb\u00bb border_color=\u00bb\u00bb border_style=\u00bbsolid\u00bb border_position=\u00bball\u00bb spacing=\u00bbyes\u00bb background_image=\u00bb\u00bb background_repeat=\u00bbno-repeat\u00bb padding_top=\u00bb\u00bb padding_right=\u00bb\u00bb padding_bottom=\u00bb\u00bb padding_left=\u00bb\u00bb margin_top=\u00bb0px\u00bb margin_bottom=\u00bb0px\u00bb class=\u00bb\u00bb id=\u00bb\u00bb animation_type=\u00bb\u00bb animation_speed=\u00bb0.3&#8243; animation_direction=\u00bbleft\u00bb hide_on_mobile=\u00bbsmall-visibility,medium-visibility,large-visibility\u00bb center_content=\u00bbno\u00bb last=\u00bbtrue\u00bb min_height=\u00bb\u00bb hover_type=\u00bbnone\u00bb link=\u00bb\u00bb border_sizes_top=\u00bb\u00bb border_sizes_bottom=\u00bb\u00bb border_sizes_left=\u00bb\u00bb border_sizes_right=\u00bb\u00bb first=\u00bbtrue\u00bb][fusion_text columns=\u00bb\u00bb column_min_width=\u00bb\u00bb column_spacing=\u00bb\u00bb rule_style=\u00bbdefault\u00bb rule_size=\u00bb\u00bb rule_color=\u00bb\u00bb content_alignment_medium=\u00bb\u00bb content_alignment_small=\u00bb\u00bb content_alignment=\u00bb\u00bb hide_on_mobile=\u00bbsmall-visibility,medium-visibility,large-visibility\u00bb sticky_display=\u00bbnormal,sticky\u00bb class=\u00bb\u00bb id=\u00bb\u00bb font_size=\u00bb\u00bb fusion_font_family_text_font=\u00bb\u00bb fusion_font_variant_text_font=\u00bb\u00bb line_height=\u00bb\u00bb letter_spacing=\u00bb\u00bb text_color=\u00bb\u00bb animation_type=\u00bb\u00bb animation_direction=\u00bbleft\u00bb animation_speed=\u00bb0.3&#8243; animation_offset=\u00bb\u00bb]\n<p><em><span style=\"color: #33cccc;\">Escrito por: Noticias de Universo MOLA<\/span><\/em><\/p>\n<p><span style=\"font-weight: 400; color: #999999;\">Por Fedra Mauri &amp; Ana Mar\u00eda Mu\u00f1iz &#8211; Voces del #UniversoMOLA Argentina<\/span><\/p>\n<p><span style=\"font-weight: 400;\">El mundo est\u00e1 cambiando, el clima est\u00e1 cambiando, por lo que nosotros debemos cambiar para poder seguir viviendo en \u00e9l.<\/span><\/p>\n<p><span style=\"color: #d91e1e;\"><span style=\"font-weight: 400;\">\u00a0<\/span><span style=\"font-weight: 400;\">1 &#8211; Un poco de historia\u00a0<\/span><\/span><\/p>\n<p><span style=\"font-weight: 400;\">Los <\/span><b>Objetivos de Desarrollo Sostenible<\/b><span style=\"font-weight: 400;\"> (ODS) fueron creados en la Conferencia\u00a0 de las Naciones Unidas sobre el Desarrollo Sostenible, en el 2012 en R\u00edo de Janeiro &#8211; Brasil. Su prop\u00f3sito fue crear un conjunto de objetivos mundiales (17) que dieran <\/span><b>respuesta a los urgentes desaf\u00edos ambientales, pol\u00edticos y econ\u00f3micos<\/b><span style=\"font-weight: 400;\">.<\/span><\/p>\n<p><span style=\"font-weight: 400;\">En el 2015 se celebr\u00f3 la Conferencia sobre el Cambio Clim\u00e1tico (COP 21) que junto con el Marco de Sendai (Jap\u00f3n 2015) crearon un conjunto de normas comunes y metas viables para reducir las emisiones de carbono y gestionar los riesgos de cambio clim\u00e1tico.\u00a0<\/span><\/p>\n<p><span style=\"font-weight: 400;\">El 20 de septiembre del corriente a\u00f1o, los pa\u00edses miembros de la <\/span><b>ONU<\/b><span style=\"font-weight: 400;\"> volver\u00e1n a reunirse en una cumbre sobre el clima, con la finalidad de informar, evaluar e incrementar los cambios realizados hasta el presente.<\/span><\/p>\n<p><img decoding=\"async\" class=\"alignnone size-full wp-image-5189 lazyload\" data-src=\"http:\/\/desarrollosdeprueba.xyz\/universo_mola\/wp-content\/uploads\/2021\/08\/Captura56.png\" alt=\"\" width=\"626\" height=\"383\" data-srcset=\"https:\/\/universomola.com\/wp-content\/uploads\/2021\/08\/Captura56.png 626w, https:\/\/universomola.com\/wp-content\/uploads\/2021\/08\/Captura56-300x184.png 300w, https:\/\/universomola.com\/wp-content\/uploads\/2021\/08\/Captura56-200x122.png 200w, https:\/\/universomola.com\/wp-content\/uploads\/2021\/08\/Captura56-400x245.png 400w, https:\/\/universomola.com\/wp-content\/uploads\/2021\/08\/Captura56-600x367.png 600w, https:\/\/universomola.com\/wp-content\/uploads\/2021\/08\/Captura56-500x306.png 500w\" data-sizes=\"(max-width: 626px) 100vw, 626px\" src=\"data:image\/svg+xml;base64,PHN2ZyB3aWR0aD0iMSIgaGVpZ2h0PSIxIiB4bWxucz0iaHR0cDovL3d3dy53My5vcmcvMjAwMC9zdmciPjwvc3ZnPg==\" style=\"--smush-placeholder-width: 626px; --smush-placeholder-aspect-ratio: 626\/383;\" \/><\/p>\n<p><span style=\"color: #999999;\"><i><span style=\"font-weight: 400;\">Gr\u00e1fico corresponde al informe de la OMS &#8211; Reproducido por Europa press 27\/9\/2016<\/span><\/i><\/span><\/p>\n<p><span style=\"font-weight: 400; color: #d91e1e;\">2 &#8211; Calentamiento global y moda, \u00bfqu\u00e9 est\u00e1 pasando?\u00a0<\/span><\/p>\n<p><span style=\"font-weight: 400;\">El t\u00e9rmino <\/span><b>calentamiento global<\/b><span style=\"font-weight: 400;\"> se refiere al <\/span><b>aumento gradual de las temperaturas medias, tanto de la atm\u00f3sfera como de los oc\u00e9anos del planeta<\/b><span style=\"font-weight: 400;\">. Este incremento se debe al aumento de las concentraciones de <\/span><b>gases de efecto invernadero<\/b><span style=\"font-weight: 400;\"> como consecuencia de causas naturales (actividad solar, ciclos clim\u00e1ticos, etc) pero, fundamentalmente como consecuencia de las actividades humanas (aumento de gases de efecto invernadero, provocado por la emisi\u00f3n de di\u00f3xido de carbono, deforestaci\u00f3n, uso de fertilizantes industriales, emisi\u00f3n de gas metano, etc).<\/span><\/p>\n<p><span style=\"font-weight: 400;\">La emisi\u00f3n de di\u00f3xido de carbono que afecta el cambio clim\u00e1tico sigue en aumento. En el 2017 ya hab\u00eda llegado a 407 ppm y en mayo de 2018 cerr\u00f3 en 412, siendo el <\/span><b>l\u00edmite cr\u00edtico para afectar a la humanidad de 450 ppm<\/b> <i><span style=\"font-weight: 400;\">(Dato brindado por <\/span><\/i><span style=\"color: #33cccc;\"><i><span style=\"font-weight: 400;\">Lic. Alejandra C\u00e1mara<\/span><\/i><i><span style=\"font-weight: 400;\">)<\/span><\/i><\/span><\/p>\n<p><span style=\"font-weight: 400;\">As\u00ed, llegamos a la <\/span><b>huella ecol\u00f3gica<\/b><span style=\"font-weight: 400;\">: representa el total de superficie ecol\u00f3gicamente productiva necesaria para producir y absorber los residuos que genera un ciudadano de una determinada comunidad. De esta manera, la huella ecol\u00f3gica se transforma en un <\/span><b>indicador de sostenibilidad<\/b><span style=\"font-weight: 400;\">.<\/span><\/p>\n<p><img decoding=\"async\" class=\"alignnone size-full wp-image-5190 lazyload\" data-src=\"http:\/\/desarrollosdeprueba.xyz\/universo_mola\/wp-content\/uploads\/2021\/08\/Captura57.png\" alt=\"\" width=\"227\" height=\"345\" data-srcset=\"https:\/\/universomola.com\/wp-content\/uploads\/2021\/08\/Captura57.png 227w, https:\/\/universomola.com\/wp-content\/uploads\/2021\/08\/Captura57-197x300.png 197w, https:\/\/universomola.com\/wp-content\/uploads\/2021\/08\/Captura57-200x304.png 200w\" data-sizes=\"(max-width: 227px) 100vw, 227px\" src=\"data:image\/svg+xml;base64,PHN2ZyB3aWR0aD0iMSIgaGVpZ2h0PSIxIiB4bWxucz0iaHR0cDovL3d3dy53My5vcmcvMjAwMC9zdmciPjwvc3ZnPg==\" style=\"--smush-placeholder-width: 227px; --smush-placeholder-aspect-ratio: 227\/345;\" \/><\/p>\n<p><span style=\"color: #999999;\"><i><span style=\"font-weight: 400;\">Campa\u00f1a \u201cDETOX\u201d de Greenpeace.<\/span><\/i><\/span><\/p>\n<p><span style=\"font-weight: 400;\">El t\u00e9rmino <\/span><b><i>sostenibilidad<\/i><\/b><i><span style=\"font-weight: 400;\">, por su parte, <\/span><\/i><b>\u00a0implica el satisfacer a las necesidades actuales sin comprometer la capacidad de las generaciones futuras de satisfacer las propias, garantizando el equilibrio entre crecimiento econ\u00f3mico, cuidado del medio ambiente y bienestar social.<\/b><\/p>\n<p><span style=\"font-weight: 400;\">El <\/span><b>objetivo n\u00famero 12 de la Agenda 2030<\/b> <span style=\"color: #33cccc;\"><i><span style=\"font-weight: 400;\">(al que MOLA adhiere)<\/span><\/i><\/span><span style=\"font-weight: 400;\"> propone una \u201cProducci\u00f3n y un consumo responsable\u201d siendo la industria textil y de la moda una actividad productiva con varios sectores econ\u00f3micos involucrados (agricultura, ganader\u00eda, hilado, te\u00f1ido, comercializaci\u00f3n, entre otros) dejando en todo este proceso una gran huella ecol\u00f3gica a disminuir.<\/span><\/p>\n<p><img decoding=\"async\" class=\"alignnone size-full wp-image-5191 lazyload\" data-src=\"http:\/\/desarrollosdeprueba.xyz\/universo_mola\/wp-content\/uploads\/2021\/08\/Captura58.png\" alt=\"\" width=\"253\" height=\"252\" data-srcset=\"https:\/\/universomola.com\/wp-content\/uploads\/2021\/08\/Captura58.png 253w, https:\/\/universomola.com\/wp-content\/uploads\/2021\/08\/Captura58-150x150.png 150w, https:\/\/universomola.com\/wp-content\/uploads\/2021\/08\/Captura58-66x66.png 66w, https:\/\/universomola.com\/wp-content\/uploads\/2021\/08\/Captura58-200x199.png 200w, https:\/\/universomola.com\/wp-content\/uploads\/2021\/08\/Captura58-100x100.png 100w\" data-sizes=\"(max-width: 253px) 100vw, 253px\" src=\"data:image\/svg+xml;base64,PHN2ZyB3aWR0aD0iMSIgaGVpZ2h0PSIxIiB4bWxucz0iaHR0cDovL3d3dy53My5vcmcvMjAwMC9zdmciPjwvc3ZnPg==\" style=\"--smush-placeholder-width: 253px; --smush-placeholder-aspect-ratio: 253\/252;\" \/><\/p>\n<p><span style=\"font-weight: 400;\">Si bien no existen datos exactos sobre la contaminaci\u00f3n producto de la Industria textil y de la moda; seg\u00fan datos relevados, <\/span><b>podemos constatar que es una industria altamente contaminante<\/b><span style=\"font-weight: 400;\">. Consume grandes cantidades de agua y energ\u00eda y libera sus residuos al ambiente.<\/span><\/p>\n<p><i><span style=\"font-weight: 400;\">(Greenpeace, a trav\u00e9s de su campa\u00f1a Detox, insta a las empresas textiles a no utilizar elementos qu\u00edmicos contaminantes. All\u00ed enumera 11 sustancias a eliminar antes del 2020: alquifenoles, ftalatos, retardantes de llama bromados y clorados, colorantes azoicos, compuestos org\u00e1nicos de esta\u00f1o, perfluorados, clorobencenos, disolventes clorados, clorofenoles y las parafinas cloradas\u00a0 de cadena corta).<\/span><\/i><\/p>\n<p><span style=\"font-weight: 400;\">Algunos datos alarmantes:<\/span><\/p>\n<ul>\n<li style=\"font-weight: 400;\" aria-level=\"1\"><b>Para producir un kilo de algod\u00f3n se necesitan 10.000 litros de agua<\/b><span style=\"font-weight: 400;\"> (la cantidad que un humano tomar\u00eda en 10 a\u00f1os). Con esa cantidad de algod\u00f3n solo se puede confeccionar un \u00fanico par de Jean. <\/span><span style=\"color: #999999;\"><i><span style=\"font-weight: 400;\">(<\/span><\/i><i><span style=\"font-weight: 400;\">Arjen Hoekstra<\/span><\/i><i><span style=\"font-weight: 400;\">, profesor de Gesti\u00f3n del Agua de H\u00e1bitos y costumbres en el modelo productivo y quien cre\u00f3 el concepto de huella h\u00eddrica)<\/span><\/i><span style=\"font-weight: 400;\">. Preocupados por el impacto ambiental, algunas\u00a0 firmas productoras de jean incorporan nueva tecnolog\u00eda, buscando disminuir su impacto. Citamos como ejemplo a la<\/span> <b>Firma<span style=\"color: #33cccc;\"> Santista Textil<\/span><\/b> <span style=\"font-weight: 400;\">(Brasil)<\/span> <span style=\"font-weight: 400;\">o <\/span><span style=\"color: #33cccc;\"><b>Levi\u2019s<\/b><\/span><span style=\"font-weight: 400;\"> a trav\u00e9s de su proyecto <\/span><i><span style=\"font-weight: 400;\">Project F.L.X.<\/span><\/i><\/span><\/li>\n<li style=\"font-weight: 400;\" aria-level=\"1\"><b>Los campos de algod\u00f3n representan el 24% de los pesticidas a nivel global<\/b><span style=\"font-weight: 400;\">. (Fuente <\/span><span style=\"font-weight: 400;\">Unesco<\/span><span style=\"font-weight: 400;\">). A una producci\u00f3n de 25 millones de toneladas al a\u00f1o, el algod\u00f3n es uno de los cuatro principales cultivos de OGM (organismos gen\u00e9ticamente modificados) y casi el 95% de la producci\u00f3n mundial es OGM o no se cultiva de forma sostenible.\u00a0<\/span><\/li>\n<li style=\"font-weight: 400;\" aria-level=\"1\"><b>Seg\u00fan la <\/b><span style=\"color: #33cccc;\"><b>Fundaci\u00f3n Ellen MacArthur<\/b><\/span><b> se estima que la industria textil recicla s\u00f3lo el 1% de lo que produce. Por lo tanto, cada segundo se quema un cami\u00f3n repleto de ropa desechada.<\/b><\/li>\n<li style=\"font-weight: 400;\" aria-level=\"1\"><b>La industria textil produce el 20% de las aguas residuales.<\/b><\/li>\n<li style=\"font-weight: 400;\" aria-level=\"1\"><b>Las fibras pl\u00e1sticas usadas, tanto en la producci\u00f3n de las prendas como para lavarlas en su etapa \u00fatil,\u00a0 terminan en el oc\u00e9ano en un\u00a0 equivalente por a\u00f1o a 50.000 millones de botellas. <\/b><span style=\"font-weight: 400;\">De esta manera, afectan no s\u00f3lo a la salud h\u00eddrica, sino tambi\u00e9n causa la muerte de la flora y fauna que all\u00ed habitan, y, finalmente,llegan a formar parte de nuestra propia alimentaci\u00f3n. <\/span><span style=\"font-weight: 400;\"><br \/>\n<\/span><span style=\"font-weight: 400;\"><br \/>\n<\/span><span style=\"font-weight: 400;\">Y la lista contin\u00faa.<\/span><\/li>\n<\/ul>\n<p><img decoding=\"async\" class=\"alignnone size-full wp-image-5186 lazyload\" data-src=\"http:\/\/desarrollosdeprueba.xyz\/universo_mola\/wp-content\/uploads\/2021\/08\/Captura59.png\" alt=\"\" width=\"561\" height=\"295\" data-srcset=\"https:\/\/universomola.com\/wp-content\/uploads\/2021\/08\/Captura59.png 561w, https:\/\/universomola.com\/wp-content\/uploads\/2021\/08\/Captura59-300x158.png 300w, https:\/\/universomola.com\/wp-content\/uploads\/2021\/08\/Captura59-200x105.png 200w, https:\/\/universomola.com\/wp-content\/uploads\/2021\/08\/Captura59-400x210.png 400w, https:\/\/universomola.com\/wp-content\/uploads\/2021\/08\/Captura59-500x263.png 500w\" data-sizes=\"(max-width: 561px) 100vw, 561px\" src=\"data:image\/svg+xml;base64,PHN2ZyB3aWR0aD0iMSIgaGVpZ2h0PSIxIiB4bWxucz0iaHR0cDovL3d3dy53My5vcmcvMjAwMC9zdmciPjwvc3ZnPg==\" style=\"--smush-placeholder-width: 561px; --smush-placeholder-aspect-ratio: 561\/295;\" \/><\/p>\n<p><span style=\"color: #999999;\"><i><span style=\"font-weight: 400;\">Asia Central: Mar de Aral. Antiguamente, era uno de los cuatro lagos m\u00e1s grandes del mundo, con una superficie de 68 000 km\u00b2.<br \/>\n<\/span><\/i><i><span style=\"font-weight: 400;\">En la actualidad, el mar de Aral se ha reducido a menos del 10 % de su tama\u00f1o original, utilizado en su mayor\u00eda para riego de cultivo de algod\u00f3n.<\/span><\/i><\/span><\/p>\n<p><span style=\"font-weight: 400; color: #d91e1e;\">3 &#8211; Impacto social<\/span><\/p>\n<p><span style=\"font-weight: 400;\">La industria textil emplea una gran cantidad de mano de obra femenina. y tambi\u00e9n infantil. Se estima que tanto en Asia como en Am\u00e9rica Latina entre el 20 y el 60% de la producci\u00f3n de indumentaria, especialmente de ropa para ni\u00f1os y mujeres, se produce a domicilio<\/span><span style=\"color: #33cccc;\"><span style=\"font-weight: 400;\"> (<\/span><span style=\"font-weight: 400;\">Chen, Sebstad <\/span><a style=\"color: #33cccc;\" href=\"http:\/\/wiego.org\/publications\/browser?search=&amp;pub_author%255b%255d=453&amp;sort_by=field_pub_last_name_auto_value&amp;sort_order=ASC\"><span style=\"font-weight: 400;\">y O<\/span><\/a><span style=\"font-weight: 400;\">\u2019Connell 1999<\/span><span style=\"font-weight: 400;\">).<\/span><\/span><\/p>\n<p><span style=\"font-weight: 400; color: #d91e1e;\">4 &#8211; Y por casa\u2026 \u00bfc\u00f3mo andamos?<\/span><\/p>\n<p><b>La industria textil es una industria muy informal<\/b><span style=\"font-weight: 400;\">, conforme a los relevamientos realizados por la <\/span><b>Organizaci\u00f3n Social La Alameda<\/b><span style=\"font-weight: 400;\">.\u00a0<\/span><\/p>\n<p><span style=\"font-weight: 400;\">Las cifras que manejan son contundentes. Seg\u00fan su informe, <\/span><b>el 78% de las prendas que se fabrican en Argentina provienen de talleres clandestinos<\/b><span style=\"font-weight: 400;\">, donde existen pr\u00e1cticas de trabajo forzoso, precario o directamente esclavo.<\/span><\/p>\n<p><span style=\"font-weight: 400;\">La mayor parte de estos talleres se encuentran en Buenos Aires, donde se calculan en un n\u00famero de 3000 y llegar\u00edan a <\/span><b>30.000 las personas usadas como mano de obra esclava<\/b><span style=\"font-weight: 400;\">.<\/span><\/p>\n<p><span style=\"font-weight: 400;\">En provincia de Buenos Aires se habla de 20.000 y en el interior se concentran en ciudades como Rosario y C\u00f3rdoba.<\/span><\/p>\n<p><span style=\"font-weight: 400;\">Los trabajadores bajo estas circunstancias ilegales, son muchas veces extranjeros en situaci\u00f3n de vulnerabilidad, quienes son tra\u00eddos bajo enga\u00f1os. Se les promete casa, comida, estudio para los hijos, y buena paga. Cuando llegan a destino, se les retira la documentaci\u00f3n , quedando a merced de sus esclavistas empleadores. Les cobran casa, comida y pasajes. Son sometidos a horarios extensos, (entre 12, 14 y 18 horas), dependiendo de la productividad. Habitan los mismos talleres donde trabajan, <\/span><b>hacinados<\/b><span style=\"font-weight: 400;\"> en peque\u00f1as habitaciones.<\/span><\/p>\n<p><span style=\"font-weight: 400;\">Desde la <\/span><b>C\u00e1mara Industrial Argentina<\/b><span style=\"font-weight: 400;\"> de la Indumentaria (CIAI), respaldan estas cifras. \u201cSe estiman en 25.000 las personas en la ciudad que trabajan en la informalidad y en 5.000 las que lo hacen en condiciones de esclavitud\u00bb, dice Claudio Drescher, presidente de esa entidad.<\/span><img decoding=\"async\" class=\"alignnone size-full wp-image-5187 lazyload\" data-src=\"http:\/\/desarrollosdeprueba.xyz\/universo_mola\/wp-content\/uploads\/2021\/08\/Captura60.png\" alt=\"\" width=\"562\" height=\"351\" data-srcset=\"https:\/\/universomola.com\/wp-content\/uploads\/2021\/08\/Captura60.png 562w, https:\/\/universomola.com\/wp-content\/uploads\/2021\/08\/Captura60-300x187.png 300w, https:\/\/universomola.com\/wp-content\/uploads\/2021\/08\/Captura60-200x125.png 200w, https:\/\/universomola.com\/wp-content\/uploads\/2021\/08\/Captura60-400x250.png 400w, https:\/\/universomola.com\/wp-content\/uploads\/2021\/08\/Captura60-500x312.png 500w\" data-sizes=\"(max-width: 562px) 100vw, 562px\" src=\"data:image\/svg+xml;base64,PHN2ZyB3aWR0aD0iMSIgaGVpZ2h0PSIxIiB4bWxucz0iaHR0cDovL3d3dy53My5vcmcvMjAwMC9zdmciPjwvc3ZnPg==\" style=\"--smush-placeholder-width: 562px; --smush-placeholder-aspect-ratio: 562\/351;\" \/><\/p>\n<p><span style=\"color: #999999;\"><i><span style=\"font-weight: 400;\">Taller clandestino de la calle Paez, del barrio de Flores (CABA), donde murieron los menores Rodrigo y Rolando Menchaca el 27 de abril de<\/span><\/i><i><span style=\"font-weight: 400;\"> 2015.<\/span><\/i><\/span><\/p>\n<p><span style=\"font-weight: 400;\">Al mismo tiempo que esto sucede con la industria textil masiva, <\/span><b>nos encontramos con dise\u00f1adores, productores y, emprendedores\u00a0 que trabajan, individual y colectivamente tras un cambio consciente y necesario.<\/b><span style=\"font-weight: 400;\"> Varias empresas incluso, ya van tras los marcadores del <\/span><b>triple impacto<\/b><span style=\"font-weight: 400;\">, donde el eje ya no pasa s\u00f3lo por la b\u00fasqueda de la rentabilidad, sino tambi\u00e9n por un desarrollo donde el r\u00e9dito se genere sin comprometer los recursos. Es un modelo basado en tres conceptos: valor econ\u00f3mico, mirada social e impacto ambiental. <\/span><i><span style=\"font-weight: 400;\">(El pasado 6 de diciembre, la llamada Ley Bic, obtuvo media sanci\u00f3n en la C\u00e1mara de Diputados de la Naci\u00f3n y espera por su tratamiento en el Senado.)<\/span><\/i><\/p>\n<p><span style=\"font-weight: 400;\">Por otra parte, los cient\u00edficos tambi\u00e9n buscan, desde sus laboratorios, la creaci\u00f3n de nuevos textiles que parten de los desechos de la industria agr\u00edcola, c\u00e1scaras, residuos de yerba mate, algas e incluso bacterias, hongos y levaduras (bio textiles).<\/span><\/p>\n<p><span style=\"font-weight: 400; color: #d91e1e;\">5 &#8211; Conclusi\u00f3n<\/span><\/p>\n<p><span style=\"font-weight: 400;\">Como trabajadores y consumidores en la industria de la moda, <\/span><b>somos responsables de tomar cartas en el asunto<\/b><span style=\"font-weight: 400;\">. Tenemos la obligaci\u00f3n de trabajar en ello, por un consumo y producci\u00f3n org\u00e1nica y responsable, impactando positivamente en nuestras acciones tanto en lo social como en lo ambiental y en colaboraci\u00f3n con la comunidad en la que estamos inmersos, favoreciendo el mercado de nuestra econom\u00eda local.<\/span><\/p>\n[\/fusion_text][\/fusion_builder_column][\/fusion_builder_row][\/fusion_builder_container]\n","protected":false},"excerpt":{"rendered":"<p>Lorem ipsum dolor sit amet, consectetur adipiscing elit. Nam pharetra dictum eleifend. Sed posuere magna at luctus pretium. Aliquam ligula sem, aliquet sit amet nisi ac, dignissim porta ipsum.<\/p>","protected":false},"author":9,"featured_media":5192,"comment_status":"open","ping_status":"open","sticky":false,"template":"","format":"standard","meta":{"footnotes":""},"categories":[40],"tags":[93,89,48,92,47,96,88],"class_list":["post-5185","post","type-post","status-publish","format-standard","has-post-thumbnail","category-blog","tag-disenadores-sostenibles","tag-moda-etica","tag-moda-latina","tag-moda-latinoamericana","tag-moda-sostenible","tag-moda-sustentable","tag-universo-mola"],"_links":{"self":[{"href":"https:\/\/universomola.com\/en\/wp-json\/wp\/v2\/posts\/5185","targetHints":{"allow":["GET"]}}],"collection":[{"href":"https:\/\/universomola.com\/en\/wp-json\/wp\/v2\/posts"}],"about":[{"href":"https:\/\/universomola.com\/en\/wp-json\/wp\/v2\/types\/post"}],"author":[{"embeddable":true,"href":"https:\/\/universomola.com\/en\/wp-json\/wp\/v2\/users\/9"}],"replies":[{"embeddable":true,"href":"https:\/\/universomola.com\/en\/wp-json\/wp\/v2\/comments?post=5185"}],"version-history":[{"count":1,"href":"https:\/\/universomola.com\/en\/wp-json\/wp\/v2\/posts\/5185\/revisions"}],"predecessor-version":[{"id":5193,"href":"https:\/\/universomola.com\/en\/wp-json\/wp\/v2\/posts\/5185\/revisions\/5193"}],"wp:featuredmedia":[{"embeddable":true,"href":"https:\/\/universomola.com\/en\/wp-json\/wp\/v2\/media\/5192"}],"wp:attachment":[{"href":"https:\/\/universomola.com\/en\/wp-json\/wp\/v2\/media?parent=5185"}],"wp:term":[{"taxonomy":"category","embeddable":true,"href":"https:\/\/universomola.com\/en\/wp-json\/wp\/v2\/categories?post=5185"},{"taxonomy":"post_tag","embeddable":true,"href":"https:\/\/universomola.com\/en\/wp-json\/wp\/v2\/tags?post=5185"}],"curies":[{"name":"wp","href":"https:\/\/api.w.org\/{rel}","templated":true}]}}