{"id":5194,"date":"2019-02-06T22:37:23","date_gmt":"2019-02-07T01:37:23","guid":{"rendered":"http:\/\/desarrollosdeprueba.xyz\/universo_mola\/?p=5194"},"modified":"2021-08-07T22:40:42","modified_gmt":"2021-08-08T01:40:42","slug":"10-maneras-de-vestir-moda-etica","status":"publish","type":"post","link":"https:\/\/universomola.com\/en\/10-maneras-de-vestir-moda-etica\/","title":{"rendered":"10 MANERAS DE VESTIR MODA \u00c9TICA"},"content":{"rendered":"<div class=\"fusion-fullwidth fullwidth-box fusion-builder-row-1 fusion-flex-container nonhundred-percent-fullwidth non-hundred-percent-height-scrolling\" style=\"--awb-border-radius-top-left:0px;--awb-border-radius-top-right:0px;--awb-border-radius-bottom-right:0px;--awb-border-radius-bottom-left:0px;--awb-flex-wrap:wrap;\" ><div class=\"fusion-builder-row fusion-row fusion-flex-align-items-flex-start fusion-flex-content-wrap\" style=\"max-width:1248px;margin-left: calc(-4% \/ 2 );margin-right: calc(-4% \/ 2 );\"><div class=\"fusion-layout-column fusion_builder_column fusion-builder-column-0 fusion_builder_column_1_1 1_1 fusion-flex-column\" style=\"--awb-bg-size:cover;--awb-width-large:100%;--awb-margin-top-large:0px;--awb-spacing-right-large:1.92%;--awb-margin-bottom-large:0px;--awb-spacing-left-large:1.92%;--awb-width-medium:100%;--awb-spacing-right-medium:1.92%;--awb-spacing-left-medium:1.92%;--awb-width-small:100%;--awb-spacing-right-small:1.92%;--awb-spacing-left-small:1.92%;\"><div class=\"fusion-column-wrapper fusion-flex-justify-content-flex-start fusion-content-layout-column\"><div class=\"fusion-text fusion-text-1\"><p><em><span style=\"color: #33cccc;\">Escrito por: Noticias de Universo MOLA<\/span><\/em><\/p>\n<p><span style=\"font-weight: 400; color: #999999;\">Por Tamara Tenreiro, Camilo Orellana, Victoria Cer\u00f3n y Maricet Cadalso &#8211; Voces del #UniversoMOLA Chile<\/span><\/p>\n<p><span style=\"font-weight: 400;\">Seguramente ya has escuchado hablar de estas dos palabras juntas: <\/span><b>Moda \u00e9tica o Moda sostenible<\/b><span style=\"font-weight: 400;\"> o Slow Fashion; y probablemente no seas consciente de que puedes estar visti\u00e9ndola desde hace varios a\u00f1os, por mucho que ahora se mencione m\u00e1s. Entonces, \u00bfqu\u00e9 definen estas palabras?\u00a0<\/span><\/p>\n<p><span style=\"font-weight: 400;\">Es llamada tambi\u00e9n <\/span><b>Slow Fashion<\/b><span style=\"font-weight: 400;\">, precisamente porque <\/span><b>sus producciones cumplen con procesos en tiempos moderados<\/b><span style=\"font-weight: 400;\">, acorde a trabajos artesanales, te\u00f1idos naturales, cortes en series peque\u00f1as y otros procesos que requieren de t\u00e9cnicas que respondan a los siguientes principios:<\/span><\/p>\n<p><span style=\"color: #cf2121;\"><b>\u00a1Conciencia ambiental, Conciencia Social y Comercio Justo!<\/b><\/span><\/p>\n<p><span style=\"font-weight: 400;\">Entonces,<\/span><b> \u00bfC\u00f3mo podemos dejar de ser observadores y colaborar un poco m\u00e1s?<\/b><span style=\"font-weight: 400;\"> \u00a1Te compartimos una lista de <\/span><b>10 acciones<\/b><span style=\"font-weight: 400;\"> donde seguramente encuentras alguna que ya est\u00e1s realizando\u2026y si no, ya es un buen momento!<\/span><\/p>\n<ul>\n<li style=\"font-weight: 400;\" aria-level=\"1\"><b>Evita usar art\u00edculos provenientes de piel animal.<\/b><span style=\"font-weight: 400;\"> Existen materiales vegetales que garantizan la durabilidad en calzados y bolsos.<\/span><\/li>\n<li style=\"font-weight: 400;\" aria-level=\"1\"><b>Elige calidad antes que cantidad:<\/b><span style=\"font-weight: 400;\"> al final vas a ver que el presupuesto es el mismo si compras una sola prenda de calidad antes que 5 que se pueden romper f\u00e1cilmente.<\/span><\/li>\n<li style=\"font-weight: 400;\" aria-level=\"1\"><span style=\"font-weight: 400;\">\u00a1Cuando no vayas a usar m\u00e1s tu ropa, <\/span><b>d\u00f3nala<\/b><span style=\"font-weight: 400;\">!\u00a0\u00a0<\/span><\/li>\n<li style=\"font-weight: 400;\" aria-level=\"1\"><span style=\"font-weight: 400;\">En caso de que la quieras conservar puedes <\/span><b>darle una segunda vida \u00fatil<\/b><span style=\"font-weight: 400;\">. Puedes customizarla y crear otra prenda con ella e, incluso, alg\u00fan accesorio con sus retazos como collar, bolso, mochila&#8230;<\/span><\/li>\n<li style=\"font-weight: 400;\" aria-level=\"1\"><b>Elige marcas independientes<\/b><span style=\"font-weight: 400;\">, ya que normalmente sus producciones son peque\u00f1as y de buena calidad, adem\u00e1s vas a garantizar su exclusividad.<\/span><\/li>\n<li style=\"font-weight: 400;\" aria-level=\"1\"><b>Usa ropa en base de algod\u00f3n, lino, o alguna otra fibra vegetal.<\/b><span style=\"font-weight: 400;\"> Tu piel y el planeta lo agradecer\u00e1n.<\/span><\/li>\n<li style=\"font-weight: 400;\" aria-level=\"1\"><b>Cuando laves tu ropa evita derrochar agua<\/b><span style=\"font-weight: 400;\"> y, si es posible, s\u00e9cala al aire libre, tratando de no consumir demasiada energ\u00eda el\u00e9ctrica con secadoras.\u00a0<\/span><\/li>\n<li style=\"font-weight: 400;\" aria-level=\"1\"><b>Re\u00fasa la ropa de generaciones anteriores<\/b><span style=\"font-weight: 400;\">. Puede ser demasiado divertido, adem\u00e1s de que tendr\u00e1s siempre algo <\/span><i><span style=\"font-weight: 400;\">vintage<\/span><\/i><span style=\"font-weight: 400;\"> en tu closet o armario.<\/span><\/li>\n<li style=\"font-weight: 400;\" aria-level=\"1\"><span style=\"font-weight: 400;\">Si deseas te\u00f1irla, puedes seleccionar <\/span><b>tintes naturales<\/b><span style=\"font-weight: 400;\"> como flores, caf\u00e9, t\u00e9, hojas, ramas, vegetales\u2026y recuerda no derrochar el agua en este proceso.<\/span><\/li>\n<li style=\"font-weight: 400;\" aria-level=\"1\"><b>Ten conciencia sobre la procedencia de tu ropa<\/b><span style=\"font-weight: 400;\">: \u00bfqui\u00e9n la hizo?, \u00bfen qu\u00e9 condiciones la confeccion\u00f3?, en qu\u00e9 tipo de espacios o talleres?<\/span><\/li>\n<\/ul>\n<p><img decoding=\"async\" class=\"alignnone size-full wp-image-5195 lazyload\" data-src=\"http:\/\/desarrollosdeprueba.xyz\/universo_mola\/wp-content\/uploads\/2021\/08\/Captura62.png\" alt=\"\" width=\"348\" height=\"348\" data-srcset=\"https:\/\/universomola.com\/wp-content\/uploads\/2021\/08\/Captura62-66x66.png 66w, https:\/\/universomola.com\/wp-content\/uploads\/2021\/08\/Captura62-100x100.png 100w, https:\/\/universomola.com\/wp-content\/uploads\/2021\/08\/Captura62-150x150.png 150w, https:\/\/universomola.com\/wp-content\/uploads\/2021\/08\/Captura62-200x200.png 200w, https:\/\/universomola.com\/wp-content\/uploads\/2021\/08\/Captura62-300x300.png 300w, https:\/\/universomola.com\/wp-content\/uploads\/2021\/08\/Captura62.png 348w\" data-sizes=\"(max-width: 348px) 100vw, 348px\" src=\"data:image\/svg+xml;base64,PHN2ZyB3aWR0aD0iMSIgaGVpZ2h0PSIxIiB4bWxucz0iaHR0cDovL3d3dy53My5vcmcvMjAwMC9zdmciPjwvc3ZnPg==\" style=\"--smush-placeholder-width: 348px; --smush-placeholder-aspect-ratio: 348\/348;\" \/><\/p>\n<p><span style=\"font-weight: 400;\">La moda sostenible no es un lujo, ni debemos tratarla como tal. Es un <\/span><b>medio de expresi\u00f3n de identidad<\/b><span style=\"font-weight: 400;\"> que nos hace m\u00e1s humanos y responsables con nuestro Medio Ambiente.\u00a0\u00a0<\/span><\/p>\n<p style=\"text-align: center;\"><span style=\"font-weight: 400;\">\u00a0<\/span><span style=\"color: #cf2121;\"><b>\u00a1Ampliemos esta lista y compartamos el mensaje!<\/b><\/span><\/p>\n<\/div><\/div><\/div><\/div><\/div>","protected":false},"excerpt":{"rendered":"<p>Lorem ipsum dolor sit amet, consectetur adipiscing elit. Nam pharetra dictum eleifend. Sed posuere magna at luctus pretium. Aliquam ligula sem, aliquet sit amet nisi ac, dignissim porta ipsum.<\/p>","protected":false},"author":9,"featured_media":5196,"comment_status":"open","ping_status":"open","sticky":false,"template":"","format":"standard","meta":{"_monsterinsights_skip_tracking":false,"_monsterinsights_sitenote_active":false,"_monsterinsights_sitenote_note":"","_monsterinsights_sitenote_category":0,"footnotes":""},"categories":[40],"tags":[93,89,48,92,47,96,88],"class_list":["post-5194","post","type-post","status-publish","format-standard","has-post-thumbnail","hentry","category-blog","tag-disenadores-sostenibles","tag-moda-etica","tag-moda-latina","tag-moda-latinoamericana","tag-moda-sostenible","tag-moda-sustentable","tag-universo-mola"],"_links":{"self":[{"href":"https:\/\/universomola.com\/en\/wp-json\/wp\/v2\/posts\/5194","targetHints":{"allow":["GET"]}}],"collection":[{"href":"https:\/\/universomola.com\/en\/wp-json\/wp\/v2\/posts"}],"about":[{"href":"https:\/\/universomola.com\/en\/wp-json\/wp\/v2\/types\/post"}],"author":[{"embeddable":true,"href":"https:\/\/universomola.com\/en\/wp-json\/wp\/v2\/users\/9"}],"replies":[{"embeddable":true,"href":"https:\/\/universomola.com\/en\/wp-json\/wp\/v2\/comments?post=5194"}],"version-history":[{"count":1,"href":"https:\/\/universomola.com\/en\/wp-json\/wp\/v2\/posts\/5194\/revisions"}],"predecessor-version":[{"id":5197,"href":"https:\/\/universomola.com\/en\/wp-json\/wp\/v2\/posts\/5194\/revisions\/5197"}],"wp:featuredmedia":[{"embeddable":true,"href":"https:\/\/universomola.com\/en\/wp-json\/wp\/v2\/media\/5196"}],"wp:attachment":[{"href":"https:\/\/universomola.com\/en\/wp-json\/wp\/v2\/media?parent=5194"}],"wp:term":[{"taxonomy":"category","embeddable":true,"href":"https:\/\/universomola.com\/en\/wp-json\/wp\/v2\/categories?post=5194"},{"taxonomy":"post_tag","embeddable":true,"href":"https:\/\/universomola.com\/en\/wp-json\/wp\/v2\/tags?post=5194"}],"curies":[{"name":"wp","href":"https:\/\/api.w.org\/{rel}","templated":true}]}}