{"id":5211,"date":"2019-02-12T23:17:52","date_gmt":"2019-02-13T02:17:52","guid":{"rendered":"http:\/\/desarrollosdeprueba.xyz\/universo_mola\/?p=5211"},"modified":"2021-08-07T23:44:09","modified_gmt":"2021-08-08T02:44:09","slug":"in-boga-magazine-ecuador-una-propuesta-que-desafia-el-sistema-de-la-moda","status":"publish","type":"post","link":"https:\/\/universomola.com\/en\/in-boga-magazine-ecuador-una-propuesta-que-desafia-el-sistema-de-la-moda\/","title":{"rendered":"IN BOGA MAGAZINE ECUADOR: UNA PROPUESTA QUE DESAF\u00cdA EL SISTEMA DE LA MODA."},"content":{"rendered":"<div class=\"fusion-fullwidth fullwidth-box fusion-builder-row-1 fusion-flex-container nonhundred-percent-fullwidth non-hundred-percent-height-scrolling\" style=\"--awb-border-radius-top-left:0px;--awb-border-radius-top-right:0px;--awb-border-radius-bottom-right:0px;--awb-border-radius-bottom-left:0px;--awb-flex-wrap:wrap;\" ><div class=\"fusion-builder-row fusion-row fusion-flex-align-items-flex-start fusion-flex-content-wrap\" style=\"max-width:1248px;margin-left: calc(-4% \/ 2 );margin-right: calc(-4% \/ 2 );\"><div class=\"fusion-layout-column fusion_builder_column fusion-builder-column-0 fusion_builder_column_1_1 1_1 fusion-flex-column\" style=\"--awb-bg-size:cover;--awb-width-large:100%;--awb-margin-top-large:0px;--awb-spacing-right-large:1.92%;--awb-margin-bottom-large:0px;--awb-spacing-left-large:1.92%;--awb-width-medium:100%;--awb-spacing-right-medium:1.92%;--awb-spacing-left-medium:1.92%;--awb-width-small:100%;--awb-spacing-right-small:1.92%;--awb-spacing-left-small:1.92%;\"><div class=\"fusion-column-wrapper fusion-flex-justify-content-flex-start fusion-content-layout-column\"><div class=\"fusion-text fusion-text-1\"><p><em><span style=\"color: #33cccc;\">Escrito por: Noticias de Universo MOLA<\/span><\/em><\/p>\n<p><span style=\"font-weight: 400;\">Por Michelle Castro &#8211; Voz del #UniversoMOLA Ecuador<\/span><\/p>\n<p><span style=\"font-weight: 400;\">Cuando hablamos de moda estamos haciendo referencia a un fen\u00f3meno que se vincula principalmente con valores est\u00e9ticos m\u00e1s que con elementos de funcionalidad. Es decir, que muchas veces las prendas que se establecen como tendencias no siempre son las m\u00e1s c\u00f3modas o \u00fatiles, sino que surgen para aportar a estilos nuevos y \u00fanicos.<\/span><\/p>\n<p><span style=\"font-weight: 400;\">Por ese motivo, durante todo el tiempo que hemos estado inmersos en el mundo de la moda, creemos que este sistema necesita un cambio desde c\u00f3mo se crean las prendas, como se las presenta en los distintos eventos y c\u00f3mo el sistema de la moda nos ha ense\u00f1ado que l\u00ednea de indumentaria vestir.<\/span><\/p>\n<p><span style=\"font-weight: 400;\">La moda es parte de la cultura y por lo tanto es parte de las creaciones del ser humano como lo es cualquier otra creaci\u00f3n cultural. Representa un modo de sentir, de pensar o de elegir, incluso puede definir las \u00e9pocas del ser humano pasadas y futuras, dividiendo el tiempo entre un antes y un despu\u00e9s.<\/span><\/p>\n<p><span style=\"font-weight: 400;\">La importancia de la moda en nuestra sociedad es palpable y se puede visualizar la gran influencia que causa. Sin embargo, con el paso del tiempo ha sido afectada por la \u201cModa R\u00e1pida\u201d y se deben generar cambios inminentes a esta industria, porque no solo afecta al ser humano sino al medio ambiente.<\/span><\/p>\n<p><span style=\"font-weight: 400;\">Uno de los objetivos principales de In Boga Mag Ecuador, es crear conciencia en temas de sostenibilidad, sustentabilidad, crear espacios donde se expanda el sistema de la moda y no solo se limite a conocer las mismas marcas o dise\u00f1adores que lideran a\u00f1os tras a\u00f1os. Es crear espacios de trabajo, es mostrar las diferentes caras de la moda.\u00a0<\/span><\/p>\n<p><span style=\"font-weight: 400;\">Apoyamos incondicionalmente a emprendimientos o marcas que est\u00e1n surgiendo, marcas creativas, revolucionarias que desaf\u00eden a este sistema.<\/span><\/p>\n<p><span style=\"font-weight: 400;\">Como por ejemplo la firma: Heavy Eco (Estonia), es la primera firma de moda fundada en un centro penitenciario que fabrica prendas sostenibles, como camisetas de algod\u00f3n org\u00e1nico y bolsas hechas de carteles reciclados.<\/span><\/p>\n<p><img decoding=\"async\" class=\"alignnone size-full wp-image-5212 lazyload\" data-src=\"http:\/\/desarrollosdeprueba.xyz\/universo_mola\/wp-content\/uploads\/2021\/08\/Captura75.png\" alt=\"\" width=\"584\" height=\"247\" data-srcset=\"https:\/\/universomola.com\/wp-content\/uploads\/2021\/08\/Captura75-200x85.png 200w, https:\/\/universomola.com\/wp-content\/uploads\/2021\/08\/Captura75-300x127.png 300w, https:\/\/universomola.com\/wp-content\/uploads\/2021\/08\/Captura75-400x169.png 400w, https:\/\/universomola.com\/wp-content\/uploads\/2021\/08\/Captura75-500x211.png 500w, https:\/\/universomola.com\/wp-content\/uploads\/2021\/08\/Captura75.png 584w\" data-sizes=\"(max-width: 584px) 100vw, 584px\" src=\"data:image\/svg+xml;base64,PHN2ZyB3aWR0aD0iMSIgaGVpZ2h0PSIxIiB4bWxucz0iaHR0cDovL3d3dy53My5vcmcvMjAwMC9zdmciPjwvc3ZnPg==\" style=\"--smush-placeholder-width: 584px; --smush-placeholder-aspect-ratio: 584\/247;\" \/><\/p>\n<p><span style=\"font-weight: 400;\">En Ecuador tenemos el ejemplo de Maya Dise\u00f1o y Moda\/Reciclaje quien trabaja cada una de sus indumentarias con tela reciclada y otro gran ejemplo es Ecoaltrends entre otras.<\/span><\/p>\n<p><img decoding=\"async\" class=\"alignnone size-full wp-image-5213 lazyload\" data-src=\"http:\/\/desarrollosdeprueba.xyz\/universo_mola\/wp-content\/uploads\/2021\/08\/Captura76.png\" alt=\"\" width=\"438\" height=\"439\" data-srcset=\"https:\/\/universomola.com\/wp-content\/uploads\/2021\/08\/Captura76-66x66.png 66w, https:\/\/universomola.com\/wp-content\/uploads\/2021\/08\/Captura76-100x100.png 100w, https:\/\/universomola.com\/wp-content\/uploads\/2021\/08\/Captura76-150x150.png 150w, https:\/\/universomola.com\/wp-content\/uploads\/2021\/08\/Captura76-200x200.png 200w, https:\/\/universomola.com\/wp-content\/uploads\/2021\/08\/Captura76-300x300.png 300w, https:\/\/universomola.com\/wp-content\/uploads\/2021\/08\/Captura76-400x401.png 400w, https:\/\/universomola.com\/wp-content\/uploads\/2021\/08\/Captura76.png 438w\" data-sizes=\"(max-width: 438px) 100vw, 438px\" src=\"data:image\/svg+xml;base64,PHN2ZyB3aWR0aD0iMSIgaGVpZ2h0PSIxIiB4bWxucz0iaHR0cDovL3d3dy53My5vcmcvMjAwMC9zdmciPjwvc3ZnPg==\" style=\"--smush-placeholder-width: 438px; --smush-placeholder-aspect-ratio: 438\/439;\" \/><\/p>\n<p><span style=\"font-weight: 400;\">Cada vez m\u00e1s personas est\u00e1n apostando a la moda sostenible ya que se configura con criterios fundamentales de conservaci\u00f3n de los recursos naturales y el bajo impacto ecol\u00f3gico de los materiales empleados.<\/span><\/p>\n<p><span style=\"font-weight: 400;\">Concluimos, desafiando a dejar de llenar los basureros con ropa, producir menos fibras v\u00edrgenes y volvernos m\u00e1s conscientes de la moda, ya que es m\u00e1s que tela, ropa y tendencias. Es responsabilidad, creatividad y reciprocidad.<\/span><\/p>\n<\/div><\/div><\/div><\/div><\/div>","protected":false},"excerpt":{"rendered":"<p>Lorem ipsum dolor sit amet, consectetur adipiscing elit. Nam pharetra dictum eleifend. Sed posuere magna at luctus pretium. Aliquam ligula sem, aliquet sit amet nisi ac, dignissim porta ipsum.<\/p>","protected":false},"author":9,"featured_media":5213,"comment_status":"open","ping_status":"open","sticky":false,"template":"","format":"standard","meta":{"_monsterinsights_skip_tracking":false,"_monsterinsights_sitenote_active":false,"_monsterinsights_sitenote_note":"","_monsterinsights_sitenote_category":0,"footnotes":""},"categories":[40],"tags":[93,89,48,92,47,96,88],"class_list":["post-5211","post","type-post","status-publish","format-standard","has-post-thumbnail","hentry","category-blog","tag-disenadores-sostenibles","tag-moda-etica","tag-moda-latina","tag-moda-latinoamericana","tag-moda-sostenible","tag-moda-sustentable","tag-universo-mola"],"_links":{"self":[{"href":"https:\/\/universomola.com\/en\/wp-json\/wp\/v2\/posts\/5211","targetHints":{"allow":["GET"]}}],"collection":[{"href":"https:\/\/universomola.com\/en\/wp-json\/wp\/v2\/posts"}],"about":[{"href":"https:\/\/universomola.com\/en\/wp-json\/wp\/v2\/types\/post"}],"author":[{"embeddable":true,"href":"https:\/\/universomola.com\/en\/wp-json\/wp\/v2\/users\/9"}],"replies":[{"embeddable":true,"href":"https:\/\/universomola.com\/en\/wp-json\/wp\/v2\/comments?post=5211"}],"version-history":[{"count":1,"href":"https:\/\/universomola.com\/en\/wp-json\/wp\/v2\/posts\/5211\/revisions"}],"predecessor-version":[{"id":5214,"href":"https:\/\/universomola.com\/en\/wp-json\/wp\/v2\/posts\/5211\/revisions\/5214"}],"wp:featuredmedia":[{"embeddable":true,"href":"https:\/\/universomola.com\/en\/wp-json\/wp\/v2\/media\/5213"}],"wp:attachment":[{"href":"https:\/\/universomola.com\/en\/wp-json\/wp\/v2\/media?parent=5211"}],"wp:term":[{"taxonomy":"category","embeddable":true,"href":"https:\/\/universomola.com\/en\/wp-json\/wp\/v2\/categories?post=5211"},{"taxonomy":"post_tag","embeddable":true,"href":"https:\/\/universomola.com\/en\/wp-json\/wp\/v2\/tags?post=5211"}],"curies":[{"name":"wp","href":"https:\/\/api.w.org\/{rel}","templated":true}]}}