{"id":5221,"date":"2019-02-13T23:53:54","date_gmt":"2019-02-14T02:53:54","guid":{"rendered":"http:\/\/desarrollosdeprueba.xyz\/universo_mola\/?p=5221"},"modified":"2021-08-07T23:59:11","modified_gmt":"2021-08-08T02:59:11","slug":"in-boga-magazine-ecuador-una-propuesta-que-desafia-el-sistema-de-la-moda-2","status":"publish","type":"post","link":"https:\/\/universomola.com\/en\/in-boga-magazine-ecuador-una-propuesta-que-desafia-el-sistema-de-la-moda-2\/","title":{"rendered":"5 PERSONALIDADES DE LA MODA SOSTENIBLE QUE DEBES CONOCER"},"content":{"rendered":"<div class=\"fusion-fullwidth fullwidth-box fusion-builder-row-1 fusion-flex-container nonhundred-percent-fullwidth non-hundred-percent-height-scrolling\" style=\"--awb-border-radius-top-left:0px;--awb-border-radius-top-right:0px;--awb-border-radius-bottom-right:0px;--awb-border-radius-bottom-left:0px;--awb-flex-wrap:wrap;\" ><div class=\"fusion-builder-row fusion-row fusion-flex-align-items-flex-start fusion-flex-content-wrap\" style=\"max-width:1248px;margin-left: calc(-4% \/ 2 );margin-right: calc(-4% \/ 2 );\"><div class=\"fusion-layout-column fusion_builder_column fusion-builder-column-0 fusion_builder_column_1_1 1_1 fusion-flex-column\" style=\"--awb-bg-size:cover;--awb-width-large:100%;--awb-margin-top-large:0px;--awb-spacing-right-large:1.92%;--awb-margin-bottom-large:0px;--awb-spacing-left-large:1.92%;--awb-width-medium:100%;--awb-spacing-right-medium:1.92%;--awb-spacing-left-medium:1.92%;--awb-width-small:100%;--awb-spacing-right-small:1.92%;--awb-spacing-left-small:1.92%;\"><div class=\"fusion-column-wrapper fusion-flex-justify-content-flex-start fusion-content-layout-column\"><div class=\"fusion-text fusion-text-1\"><p><em><span style=\"color: #33cccc;\">Escrito por: Recomendados de Universo MOLA<\/span><\/em><\/p>\n<p><span style=\"font-weight: 400;\">En el mundo hoy son varios los que se han empoderado para llevar adelante el movimiento revolucionario que cambiar\u00e1 el paradigma en el sistema de la moda. Es por eso que queremos que conozcas las <\/span><b>5 mujeres que para MOLA son relevantes<\/b><span style=\"font-weight: 400;\">. Son 5 perfiles totalmente distintos, de nacionalidades diferentes, con conocimientos y herramientas que las hacen unicas y que vale la pena admirar y seguir.<\/span><\/p>\n<p><span style=\"font-weight: 400;\">\u00a1Con\u00f3celas!\u00a0<\/span><\/p>\n<p><span style=\"color: #d42424;\"><b>Lilian Liu<\/b><\/span><\/p>\n<p><img decoding=\"async\" class=\"alignnone size-full wp-image-5215 lazyload\" data-src=\"http:\/\/desarrollosdeprueba.xyz\/universo_mola\/wp-content\/uploads\/2019\/02\/Captura77.png\" alt=\"\" width=\"424\" height=\"412\" data-srcset=\"https:\/\/universomola.com\/wp-content\/uploads\/2019\/02\/Captura77-200x194.png 200w, https:\/\/universomola.com\/wp-content\/uploads\/2019\/02\/Captura77-300x292.png 300w, https:\/\/universomola.com\/wp-content\/uploads\/2019\/02\/Captura77-400x389.png 400w, https:\/\/universomola.com\/wp-content\/uploads\/2019\/02\/Captura77.png 424w\" data-sizes=\"(max-width: 424px) 100vw, 424px\" src=\"data:image\/svg+xml;base64,PHN2ZyB3aWR0aD0iMSIgaGVpZ2h0PSIxIiB4bWxucz0iaHR0cDovL3d3dy53My5vcmcvMjAwMC9zdmciPjwvc3ZnPg==\" style=\"--smush-placeholder-width: 424px; --smush-placeholder-aspect-ratio: 424\/412;\" \/><\/p>\n<p><span style=\"font-weight: 400;\">\u00a0<\/span><span style=\"font-weight: 400;\">Es experta en sostenibilidad, responsabilidad social corporativa y programas de impacto social. Tiene experiencia en partnerships, manejo de proyectos, desarrollo de programas y comunicaciones. Es una ciudadana del mundo, pues ha trabajado y vivido en Francia, China, Brasil y EEUU, aun cuando es Sueca<\/span><\/p>\n<p><span style=\"font-weight: 400;\">Actualmente trabaja como <\/span><b>Manager de Partnerships<\/b><span style=\"font-weight: 400;\"> en el programa de <\/span><b>Global Compact de Naciones Unidas<\/b><span style=\"font-weight: 400;\">.\u00a0<\/span><\/p>\n<p><span style=\"font-weight: 400; color: #33cccc;\">Conoce m\u00e1s sobre Lilian aqu\u00ed<\/span><\/p>\n<p><span style=\"color: #d42424;\"><b>Evelyn Mora<\/b><\/span><\/p>\n<p><img decoding=\"async\" class=\"alignnone size-full wp-image-5216 lazyload\" data-src=\"http:\/\/desarrollosdeprueba.xyz\/universo_mola\/wp-content\/uploads\/2019\/02\/Captura78.png\" alt=\"\" width=\"224\" height=\"334\" data-srcset=\"https:\/\/universomola.com\/wp-content\/uploads\/2019\/02\/Captura78-200x298.png 200w, https:\/\/universomola.com\/wp-content\/uploads\/2019\/02\/Captura78-201x300.png 201w, https:\/\/universomola.com\/wp-content\/uploads\/2019\/02\/Captura78.png 224w\" data-sizes=\"(max-width: 224px) 100vw, 224px\" src=\"data:image\/svg+xml;base64,PHN2ZyB3aWR0aD0iMSIgaGVpZ2h0PSIxIiB4bWxucz0iaHR0cDovL3d3dy53My5vcmcvMjAwMC9zdmciPjwvc3ZnPg==\" style=\"--smush-placeholder-width: 224px; --smush-placeholder-aspect-ratio: 224\/334;\" \/><\/p>\n<p><span style=\"font-weight: 400;\">\u00a0<\/span><span style=\"font-weight: 400;\">Joven emprendedora finlandesa que MOLA tuvo el placer de tener durante la edici\u00f3n 2018 de su evento internacional. Es la <\/span><b>fundadora de la <\/b><span style=\"color: #33cccc;\"><b>Helsinki Fashion Week<\/b><\/span><span style=\"font-weight: 400;\">, la primera semana de la moda 100% sostenible. Es una activista de la moda sostenible y la circularidad en la industria.\u00a0<\/span><\/p>\n<p><span style=\"font-weight: 400;\">Es conferencista en multiples universidades e instituciones, adem\u00e1s de importantes eventos en diferentes pa\u00edses del mundo. Ha sido seleccionada dentro de las Top 20 emprendedoras de la industria n\u00f3rdica recientemente. <\/span><span style=\"font-weight: 400;\"><br \/>\n<\/span><span style=\"color: #d42424;\"><b>Clare Press<\/b><\/span><\/p>\n<p><img decoding=\"async\" class=\"alignnone size-full wp-image-5217 lazyload\" data-src=\"http:\/\/desarrollosdeprueba.xyz\/universo_mola\/wp-content\/uploads\/2019\/02\/Captura79.png\" alt=\"\" width=\"311\" height=\"435\" data-srcset=\"https:\/\/universomola.com\/wp-content\/uploads\/2019\/02\/Captura79-200x280.png 200w, https:\/\/universomola.com\/wp-content\/uploads\/2019\/02\/Captura79-214x300.png 214w, https:\/\/universomola.com\/wp-content\/uploads\/2019\/02\/Captura79.png 311w\" data-sizes=\"(max-width: 311px) 100vw, 311px\" src=\"data:image\/svg+xml;base64,PHN2ZyB3aWR0aD0iMSIgaGVpZ2h0PSIxIiB4bWxucz0iaHR0cDovL3d3dy53My5vcmcvMjAwMC9zdmciPjwvc3ZnPg==\" style=\"--smush-placeholder-width: 311px; --smush-placeholder-aspect-ratio: 311\/435;\" \/><\/p>\n<p><span style=\"font-weight: 400;\">Es la <\/span><b>editora de sostenibilidad de la revista Vogue Australia<\/b><span style=\"font-weight: 400;\">. Adem\u00e1s, lleva adelante unas series de podcasts donde discute sobre el tema con diversos actores de la industria llamada Wardrobe Crisis (les recomendamos lo escuchen).\u00a0<\/span><\/p>\n<p><span style=\"font-weight: 400;\">Ha sido miembro del consejo consultivo australiano de Fashion Revolution desde el 2014, embajadora global de la fundaci\u00f3n Ellen McArthur y su iniciativa \u201cMake Fashion Circular\u201d, adem\u00e1s de asesorar a muy importantes universidades y movimientos de moda sostenible en el mundo.<\/span><\/p>\n<p><span style=\"font-weight: 400;\">Les recomendamos adem\u00e1s sus tres libros sobre moda sostenible, siendo el \u00faltimo \u201cRise &amp; Resist, how to change the world\u201d. Sin duda es una mujer comprometida con la sostenibilidad en la moda desde todas sus esferas.<\/span><\/p>\n<p><span style=\"font-weight: 400; color: #33cccc;\">Conoce m\u00e1s sobre Clare aqu\u00ed<\/span><\/p>\n<p><span style=\"color: #d42424;\"><b>Giusy Bettoni<\/b><\/span><\/p>\n<p><img decoding=\"async\" class=\"alignnone size-full wp-image-5218 lazyload\" data-src=\"http:\/\/desarrollosdeprueba.xyz\/universo_mola\/wp-content\/uploads\/2019\/02\/Captura80.png\" alt=\"\" width=\"479\" height=\"454\" data-srcset=\"https:\/\/universomola.com\/wp-content\/uploads\/2019\/02\/Captura80-200x190.png 200w, https:\/\/universomola.com\/wp-content\/uploads\/2019\/02\/Captura80-300x284.png 300w, https:\/\/universomola.com\/wp-content\/uploads\/2019\/02\/Captura80-400x379.png 400w, https:\/\/universomola.com\/wp-content\/uploads\/2019\/02\/Captura80.png 479w\" data-sizes=\"(max-width: 479px) 100vw, 479px\" src=\"data:image\/svg+xml;base64,PHN2ZyB3aWR0aD0iMSIgaGVpZ2h0PSIxIiB4bWxucz0iaHR0cDovL3d3dy53My5vcmcvMjAwMC9zdmciPjwvc3ZnPg==\" style=\"--smush-placeholder-width: 479px; --smush-placeholder-aspect-ratio: 479\/454;\" \/><\/p>\n<p><span style=\"font-weight: 400;\">Es la <\/span><b>fundadora del hub de textiles inteligentes y educaci\u00f3n <\/b><span style=\"color: #33cccc;\"><b>C.L.A.S.S. Eco Hub<\/b><\/span><span style=\"font-weight: 400;\"> basado en Mil\u00e1n, Italia. Es experta en la cadena de valor textil y tiene gran conocimiento sobre el sector de materias primas as\u00ed como se desempe\u00f1a muy bien en el \u00e1rea de marketing y comunicaci\u00f3n.\u00a0<\/span><\/p>\n<p><span style=\"font-weight: 400;\">Tiene un trabajo en sinergia con dise\u00f1adores, marcas y organizaciones internacionales para proveer informaci\u00f3n sobre branding, telas inteligentes y avances tecnol\u00f3gicos.<\/span><\/p>\n<p><span style=\"font-weight: 400;\">Giusy es adem\u00e1s la consultora en sostenibilidad para la creaci\u00f3n inteligente de Premiere Vision, miembro del consejo consultivo de CFDA y Lexus Fashion y consultora en sostenibilidad para el Arab Fashion Council (\u00a1y una gran amiga de MOLA!).<\/span><\/p>\n<p><span style=\"color: #d42424;\"><b>Gema Gomez<\/b><\/span><\/p>\n<p><img decoding=\"async\" class=\"alignnone size-full wp-image-5219 lazyload\" data-src=\"http:\/\/desarrollosdeprueba.xyz\/universo_mola\/wp-content\/uploads\/2019\/02\/Captura81.png\" alt=\"\" width=\"302\" height=\"303\" data-srcset=\"https:\/\/universomola.com\/wp-content\/uploads\/2019\/02\/Captura81-66x66.png 66w, https:\/\/universomola.com\/wp-content\/uploads\/2019\/02\/Captura81-100x100.png 100w, https:\/\/universomola.com\/wp-content\/uploads\/2019\/02\/Captura81-150x150.png 150w, https:\/\/universomola.com\/wp-content\/uploads\/2019\/02\/Captura81-200x201.png 200w, https:\/\/universomola.com\/wp-content\/uploads\/2019\/02\/Captura81-300x300.png 300w, https:\/\/universomola.com\/wp-content\/uploads\/2019\/02\/Captura81.png 302w\" data-sizes=\"(max-width: 302px) 100vw, 302px\" src=\"data:image\/svg+xml;base64,PHN2ZyB3aWR0aD0iMSIgaGVpZ2h0PSIxIiB4bWxucz0iaHR0cDovL3d3dy53My5vcmcvMjAwMC9zdmciPjwvc3ZnPg==\" style=\"--smush-placeholder-width: 302px; --smush-placeholder-aspect-ratio: 302\/303;\" \/><\/p>\n<p><span style=\"font-weight: 400;\">Es dise\u00f1adora de carrera y <\/span><b>fundadora y directora de <\/b><b>Slow Fashion Next<\/b><span style=\"font-weight: 400;\">. Comunicadora, coach y formadora, tras su trabajo en grandes cadenas de moda en Madrid y en institutos de tendencias en Par\u00eds, Gema se decide a iniciar sue\u00f1o, una nueva manera de entender y vivir la moda, desde un punto de vista mucho m\u00e1s humano.<\/span><\/p>\n<p><span style=\"font-weight: 400;\">Para ello crea Slow Fashion Next, plataforma de Difusi\u00f3n y Formaci\u00f3n en Moda, Sostenibilidad y Negocio. Ha impartido cursos en diferentes Universidades y Escuelas de Negocio<\/span><\/p>\n<p><span style=\"font-weight: 400;\">Adem\u00e1s, es profesora de los cursos online Slow Fashion Next \u201c<\/span><span style=\"font-weight: 400;\">Introducci\u00f3n a la Moda Sostenible<\/span><span style=\"font-weight: 400;\">\u201d y \u201c<\/span><span style=\"font-weight: 400;\">Emprende en Siete Pasos<\/span><span style=\"font-weight: 400;\">\u201c.\u00a0<\/span><\/p>\n<p><span style=\"font-weight: 400;\">\u00a0<\/span><\/p>\n<p><i><span style=\"font-weight: 400;\">Fotograf\u00edas de p\u00e1ginas webs oficiales de cada una<\/span><\/i><\/p>\n<\/div><\/div><\/div><\/div><\/div>","protected":false},"excerpt":{"rendered":"<p>Lorem ipsum dolor sit amet, consectetur adipiscing elit. Nam pharetra dictum eleifend. Sed posuere magna at luctus pretium. Aliquam ligula sem, aliquet sit amet nisi ac, dignissim porta ipsum.<\/p>","protected":false},"author":9,"featured_media":5220,"comment_status":"open","ping_status":"open","sticky":false,"template":"","format":"standard","meta":{"_monsterinsights_skip_tracking":false,"_monsterinsights_sitenote_active":false,"_monsterinsights_sitenote_note":"","_monsterinsights_sitenote_category":0,"footnotes":""},"categories":[40],"tags":[93,89,48,92,47,96,88],"class_list":["post-5221","post","type-post","status-publish","format-standard","has-post-thumbnail","hentry","category-blog","tag-disenadores-sostenibles","tag-moda-etica","tag-moda-latina","tag-moda-latinoamericana","tag-moda-sostenible","tag-moda-sustentable","tag-universo-mola"],"_links":{"self":[{"href":"https:\/\/universomola.com\/en\/wp-json\/wp\/v2\/posts\/5221","targetHints":{"allow":["GET"]}}],"collection":[{"href":"https:\/\/universomola.com\/en\/wp-json\/wp\/v2\/posts"}],"about":[{"href":"https:\/\/universomola.com\/en\/wp-json\/wp\/v2\/types\/post"}],"author":[{"embeddable":true,"href":"https:\/\/universomola.com\/en\/wp-json\/wp\/v2\/users\/9"}],"replies":[{"embeddable":true,"href":"https:\/\/universomola.com\/en\/wp-json\/wp\/v2\/comments?post=5221"}],"version-history":[{"count":2,"href":"https:\/\/universomola.com\/en\/wp-json\/wp\/v2\/posts\/5221\/revisions"}],"predecessor-version":[{"id":5223,"href":"https:\/\/universomola.com\/en\/wp-json\/wp\/v2\/posts\/5221\/revisions\/5223"}],"wp:featuredmedia":[{"embeddable":true,"href":"https:\/\/universomola.com\/en\/wp-json\/wp\/v2\/media\/5220"}],"wp:attachment":[{"href":"https:\/\/universomola.com\/en\/wp-json\/wp\/v2\/media?parent=5221"}],"wp:term":[{"taxonomy":"category","embeddable":true,"href":"https:\/\/universomola.com\/en\/wp-json\/wp\/v2\/categories?post=5221"},{"taxonomy":"post_tag","embeddable":true,"href":"https:\/\/universomola.com\/en\/wp-json\/wp\/v2\/tags?post=5221"}],"curies":[{"name":"wp","href":"https:\/\/api.w.org\/{rel}","templated":true}]}}