{"id":5224,"date":"2019-02-13T23:59:45","date_gmt":"2019-02-14T02:59:45","guid":{"rendered":"http:\/\/desarrollosdeprueba.xyz\/universo_mola\/?p=5224"},"modified":"2021-08-08T00:02:38","modified_gmt":"2021-08-08T03:02:38","slug":"moda-y-disenadores-sostenibles-en-guatemala","status":"publish","type":"post","link":"https:\/\/universomola.com\/en\/moda-y-disenadores-sostenibles-en-guatemala\/","title":{"rendered":"MODA Y DISE\u00d1ADORES SOSTENIBLES EN GUATEMALA"},"content":{"rendered":"<div class=\"fusion-fullwidth fullwidth-box fusion-builder-row-1 fusion-flex-container nonhundred-percent-fullwidth non-hundred-percent-height-scrolling\" style=\"--awb-border-radius-top-left:0px;--awb-border-radius-top-right:0px;--awb-border-radius-bottom-right:0px;--awb-border-radius-bottom-left:0px;--awb-flex-wrap:wrap;\" ><div class=\"fusion-builder-row fusion-row fusion-flex-align-items-flex-start fusion-flex-content-wrap\" style=\"max-width:1248px;margin-left: calc(-4% \/ 2 );margin-right: calc(-4% \/ 2 );\"><div class=\"fusion-layout-column fusion_builder_column fusion-builder-column-0 fusion_builder_column_1_1 1_1 fusion-flex-column\" style=\"--awb-bg-size:cover;--awb-width-large:100%;--awb-margin-top-large:0px;--awb-spacing-right-large:1.92%;--awb-margin-bottom-large:0px;--awb-spacing-left-large:1.92%;--awb-width-medium:100%;--awb-spacing-right-medium:1.92%;--awb-spacing-left-medium:1.92%;--awb-width-small:100%;--awb-spacing-right-small:1.92%;--awb-spacing-left-small:1.92%;\"><div class=\"fusion-column-wrapper fusion-flex-justify-content-flex-start fusion-content-layout-column\"><div class=\"fusion-text fusion-text-1\"><p><em><span style=\"color: #33cccc;\">Escrito por: Noticias de Universo MOLA<\/span><\/em><\/p>\n<p><span style=\"font-weight: 400; color: #999999;\">Por Amanda Cuque y Marjorie Ventura &#8211; Voces del #UniversoMOLA Guatemala<\/span><\/p>\n<p style=\"text-align: right;\"><span style=\"font-weight: 400; color: #999999;\">Fotografia: Guillermo Ventura<\/span><\/p>\n<p style=\"text-align: right;\"><span style=\"font-weight: 400; color: #999999;\">Pasarela de un colectivo de disenadores de Guatemala, Astrid Botto, Thelma Davila, Korbata, entre otros.<\/span><\/p>\n<p><span style=\"font-weight: 400;\">Latinoam\u00e9rica fuente de creatividad, cultura y tendencias, somos un conjunto de armonia y color que a trav\u00e9s de la moda buscamos un cambio postivo. Guatemala, ubicado en Centro Am\u00e9rica, un pa\u00eds lleno de tradiciones y misticismo cultural, que con el tiempo ha crecido en varios \u00e1mbitos especialmente en el mundo de la moda y el dise\u00f1o.<\/span><\/p>\n<p><span style=\"font-weight: 400;\">Guatemala ha visto un crecimiento en el todo lo relacionado con la moda, moda \u00e9tica y moda sostenible. Tenemos muchos dise\u00f1adores que se han atrevido a perder el miedo y nos han dado a conocer su talento; en los \u00faltimos diez a\u00f1os ha incrementado la exposici\u00f3n de dise\u00f1adores locales, as\u00ed como el inter\u00e9s por todo los temas eco-friendly, slow fashion y cuidado de los recursos de la naturaleza, que con el tiempo se est\u00e1n conviertiendo en un<\/span><b> estilo de vida<\/b><span style=\"font-weight: 400;\">. Existen nuevas plataformas que se han interesado por promover su trabajo, colectivos en donde se da la oportunidad de promover a los nuevos talentos y a los productos artesanales, asi tambi\u00e9n <\/span><b>se ha visto un crecimiento en la creaci\u00f3n de accesorios, bolsos, joyeria, billeteras con un toque artesanal, mezclando materiales modernos con textiles mayas.<\/b><\/p>\n<p><span style=\"font-weight: 400;\">Con un estimado de 150 marcas nacionales e internacionales que se dedican a promover el producto de indumentaria, <\/span><b>las marcas nacionales se enfrentan a una competencia fuerte<\/b><span style=\"font-weight: 400;\"> con marcas europeas, americanas, asiaticas, entre otras. Por otra parte, tienen un competidor de forma indirecta como lo son las tiendas que venden ropa de segunda o usada a un precio muy bajo y las maquilas outlet. Por esta raz\u00f3n ha crecido el inter\u00e9s de darle un valor agregado a las prendas, en donde muchos de nuestros dise\u00f1adores utilizan y apoyan el trabajo artesanal, promoviendo fuentes de trabajo y vida digna para muchas familias que colaboran con diferentes tipos de productos y dise\u00f1os. Entre estos cabe mencionar a <\/span><b>hiptipico<\/b><span style=\"font-weight: 400;\"> en donde sus productos son elaborados con dos objetivos importantes, <\/span><b>preservar la cultura<\/b><span style=\"font-weight: 400;\"> y apoyar a un grupo especifico de artesanos. <\/span><b>Wakami<\/b><span style=\"font-weight: 400;\">, es una empresa que <\/span><b>apoya a mujeres artesanas<\/b><span style=\"font-weight: 400;\"> dignificando su trabajo y promoviendo el trabajo artesanal, entre otros. Existe tambien el mercado online en donde se adquieren productos de marcas extranjeras a trav\u00e9s de diferentes plataformas virtuales.<\/span><\/p>\n<p><span style=\"font-weight: 400;\">Los dise\u00f1adores guatemaltecos se han destacado por su versatilidad y creatividad, as\u00ed tambi\u00e9n porque varios han logrado posicionar su marca a nivel internacional, a trav\u00e9s de ventas online, tiendas f\u00edsicas en otros paises, presentaci\u00f3n en eventos tales como la Mercedez Benz Fashion Week. Podemos mencionar a, <\/span><b>Lucia Palacios, Edgar Navarro<\/b><span style=\"font-weight: 400;\"> actualmente trabaja como creativo en <\/span><b>Maria&#8217;s Bag<\/b><span style=\"font-weight: 400;\"> y con su marca propia <\/span><b>Maison Escarlata<\/b><span style=\"font-weight: 400;\">, <\/span><b>Sofia Contreras con su marca Meus<\/b><span style=\"font-weight: 400;\">, <\/span><b>Karla Garzaro<\/b><span style=\"font-weight: 400;\"> con su marca que lleva su nombre, un estilo minimalista, actualmente expone en un nuevo proyecto que impulsa el talento en Guatemala llamado <\/span><b>Moda Pais, Lia Cohen, Maria Andre Gaitan, Marco Roma, Guillermo Jop<\/b><span style=\"font-weight: 400;\"> con su marca <\/span><b>Guishem<\/b><span style=\"font-weight: 400;\"> quien reside fuera de Guatemala y ha llevado la moda de Guatemala a otro nivel, quien ha tenido la oportunidad de vestir a varias actrices en alfombras rojas. <\/span><b>Isabela Ispringmul, una joven con Sindrome de Down<\/b><span style=\"font-weight: 400;\"> que ha luchado por cambiar el punto de vista en las personas, mostrando que los sue\u00f1os se alcanzan trabajando y perseverando, ha presentado sus colecciones en pasarelas nacionales en internacionales. Eduardo Figuero, Juan Carlos Quintana, Karim Corzo, entre otros.<\/span><\/p>\n<p><span style=\"font-weight: 400;\">Por otra parte,<\/span><b> el consumidor se ha vuelto m\u00e1s exigente<\/b><span style=\"font-weight: 400;\">, empieza a tener m\u00e1s inter\u00e9s en la moda y que se ha interesado en comprar m\u00e1s seguido, prendas con mensaje, con calidad y bajo las tendencias actuales, pero que no tiene mucho conocimiento de las marcas nacionales o las conoce muy poco. Por esta raz\u00f3n los dise\u00f1adores han tenido que abrir su horizontes para satisfacer necesidades.<\/span><\/p>\n<p><span style=\"font-weight: 400;\">La moda es uno de los temas mas cambiantes, <\/span><b>nuestros dise\u00f1adores han ido asumiendo la responsabilidad de ser diferentes<\/b><span style=\"font-weight: 400;\">, de poder aportar algo positivo, porque no es solo cuesti\u00f3n de crear y hacer moda, es ser un agente de cambio, aportar nuevas ideas, ser el principio de lo que necesita el mundo.\u00a0<\/span><\/p>\n<p><span style=\"font-weight: 400;\">\u00a0<\/span><\/p>\n<\/div><\/div><\/div><\/div><\/div>","protected":false},"excerpt":{"rendered":"<p>Lorem ipsum dolor sit amet, consectetur adipiscing elit. Nam pharetra dictum eleifend. Sed posuere magna at luctus pretium. Aliquam ligula sem, aliquet sit amet nisi ac, dignissim porta ipsum.<\/p>","protected":false},"author":9,"featured_media":5225,"comment_status":"open","ping_status":"open","sticky":false,"template":"","format":"standard","meta":{"_monsterinsights_skip_tracking":false,"_monsterinsights_sitenote_active":false,"_monsterinsights_sitenote_note":"","_monsterinsights_sitenote_category":0,"footnotes":""},"categories":[40],"tags":[93,89,48,92,47,96,88],"class_list":["post-5224","post","type-post","status-publish","format-standard","has-post-thumbnail","hentry","category-blog","tag-disenadores-sostenibles","tag-moda-etica","tag-moda-latina","tag-moda-latinoamericana","tag-moda-sostenible","tag-moda-sustentable","tag-universo-mola"],"_links":{"self":[{"href":"https:\/\/universomola.com\/en\/wp-json\/wp\/v2\/posts\/5224","targetHints":{"allow":["GET"]}}],"collection":[{"href":"https:\/\/universomola.com\/en\/wp-json\/wp\/v2\/posts"}],"about":[{"href":"https:\/\/universomola.com\/en\/wp-json\/wp\/v2\/types\/post"}],"author":[{"embeddable":true,"href":"https:\/\/universomola.com\/en\/wp-json\/wp\/v2\/users\/9"}],"replies":[{"embeddable":true,"href":"https:\/\/universomola.com\/en\/wp-json\/wp\/v2\/comments?post=5224"}],"version-history":[{"count":1,"href":"https:\/\/universomola.com\/en\/wp-json\/wp\/v2\/posts\/5224\/revisions"}],"predecessor-version":[{"id":5226,"href":"https:\/\/universomola.com\/en\/wp-json\/wp\/v2\/posts\/5224\/revisions\/5226"}],"wp:featuredmedia":[{"embeddable":true,"href":"https:\/\/universomola.com\/en\/wp-json\/wp\/v2\/media\/5225"}],"wp:attachment":[{"href":"https:\/\/universomola.com\/en\/wp-json\/wp\/v2\/media?parent=5224"}],"wp:term":[{"taxonomy":"category","embeddable":true,"href":"https:\/\/universomola.com\/en\/wp-json\/wp\/v2\/categories?post=5224"},{"taxonomy":"post_tag","embeddable":true,"href":"https:\/\/universomola.com\/en\/wp-json\/wp\/v2\/tags?post=5224"}],"curies":[{"name":"wp","href":"https:\/\/api.w.org\/{rel}","templated":true}]}}