{"id":5230,"date":"2019-02-20T00:10:08","date_gmt":"2019-02-20T03:10:08","guid":{"rendered":"http:\/\/desarrollosdeprueba.xyz\/universo_mola\/?p=5230"},"modified":"2021-08-08T00:14:57","modified_gmt":"2021-08-08T03:14:57","slug":"rumbo-a-una-joyeria-sostenible-2","status":"publish","type":"post","link":"https:\/\/universomola.com\/en\/rumbo-a-una-joyeria-sostenible-2\/","title":{"rendered":"EL NEGOCIO A TRAV\u00c9S DE LOS RESIDUOS Y DE LOS RESIDUOS TEXTILES"},"content":{"rendered":"<div class=\"fusion-fullwidth fullwidth-box fusion-builder-row-1 fusion-flex-container nonhundred-percent-fullwidth non-hundred-percent-height-scrolling\" style=\"--awb-border-radius-top-left:0px;--awb-border-radius-top-right:0px;--awb-border-radius-bottom-right:0px;--awb-border-radius-bottom-left:0px;--awb-flex-wrap:wrap;\" ><div class=\"fusion-builder-row fusion-row fusion-flex-align-items-flex-start fusion-flex-content-wrap\" style=\"max-width:1248px;margin-left: calc(-4% \/ 2 );margin-right: calc(-4% \/ 2 );\"><div class=\"fusion-layout-column fusion_builder_column fusion-builder-column-0 fusion_builder_column_1_1 1_1 fusion-flex-column\" style=\"--awb-bg-size:cover;--awb-width-large:100%;--awb-margin-top-large:0px;--awb-spacing-right-large:1.92%;--awb-margin-bottom-large:0px;--awb-spacing-left-large:1.92%;--awb-width-medium:100%;--awb-spacing-right-medium:1.92%;--awb-spacing-left-medium:1.92%;--awb-width-small:100%;--awb-spacing-right-small:1.92%;--awb-spacing-left-small:1.92%;\"><div class=\"fusion-column-wrapper fusion-flex-justify-content-flex-start fusion-content-layout-column\"><div class=\"fusion-text fusion-text-1\"><p><em><span style=\"color: #33cccc;\">Escrito por: Noticias de Universo MOLA<\/span><\/em><\/p>\n<p><span style=\"font-weight: 400; color: #999999;\">Por Cintia Figueredo &#8211; Voz del #UniversoMOLA Paraguay<\/span><\/p>\n<p><span style=\"color: #d41111;\"><b>1. \u00bfQu\u00e9 son residuos s\u00f3lidos?<\/b><\/span><\/p>\n<p><span style=\"font-weight: 400;\">Seg\u00fan Bertolino et al. (2015), se refiere a todo<\/span><b> resto o material en estado s\u00f3lido, resultante de un proceso de producci\u00f3n<\/b><span style=\"font-weight: 400;\">, transformaci\u00f3n o utilizaci\u00f3n que sea abandonado o que su poseedor o productor tenga la obligaci\u00f3n o decida desprenderse de \u00e9l.<\/span><\/p>\n<p><span style=\"color: #d41111;\"><b>2.\u00bfQu\u00e9 son los residuos textiles?<\/b><\/span><\/p>\n<p><span style=\"font-weight: 400;\">De acuerdo a la Agencia de Residuos de Catalu\u00f1a (2015), se define a los residuos textiles el<\/span><b> procedente de la ropa, calzado y otro material textil<\/b><span style=\"font-weight: 400;\"> como ropa del hogar, bolsas, pa\u00f1os, etc., que una vez utilizado durante un per\u00edodo de tiempo determinado se convierte en residuo. Por otra parte, tambi\u00e9n se incluyen los <\/span><b>excedentes<\/b><span style=\"font-weight: 400;\"> de la industria textil o de cualquier industria que utilice tejido textil, hilos, etc., en su proceso productivo. En menor proporci\u00f3n tambi\u00e9n existe el <\/span><b>residuo procedente del pre-consumo<\/b><span style=\"font-weight: 400;\">, es decir, prendas de ropa que se convierten en residuo sin haber sido utilizadas por los consumidores y se destruyen, con lo cual entran en el circuito del reciclaje.<\/span><\/p>\n<p><span style=\"font-weight: 400;\">La misma gu\u00eda afirma que, el residuo textil procede principalmente de <\/span><b>dos fuentes<\/b><span style=\"font-weight: 400;\">:<\/span><\/p>\n<ul>\n<li><b> Sector dom\u00e9stico:<\/b><span style=\"font-weight: 400;\"> ropa de vestir, ropa del hogar, calzado, etc.<\/span><\/li>\n<li><b>Sector industrial:<\/b><span style=\"font-weight: 400;\"> residuo textil resultante del proceso de fabricaci\u00f3n, de transformaci\u00f3n, etc., generado por actividades de este sector o de otros sectores que en su producto incorporan tejidos o fibras textiles (por ejemplo, la automoci\u00f3n).<\/span><\/li>\n<\/ul>\n<p><span style=\"color: #d41111;\"><b>3. \u00bfCu\u00e1les son los problemas por la nula o mala gesti\u00f3n de los residuos y de los residuos textiles?<\/b><\/span><\/p>\n<p><span style=\"font-weight: 400;\">La gesti\u00f3n incorrecta de los residuos s\u00f3lidos en zonas urbanas genera entre otros, los siguientes problemas (FICYT, 1998):<\/span><\/p>\n<ul>\n<li style=\"font-weight: 400;\" aria-level=\"1\"><span style=\"font-weight: 400;\">La presencia de residuos abandonados produce una <\/span><b>sensaci\u00f3n de suciedad<\/b><span style=\"font-weight: 400;\"> a la vez que deterioran el paisaje.<\/span><\/li>\n<li style=\"font-weight: 400;\" aria-level=\"1\"><span style=\"font-weight: 400;\">Los dep\u00f3sitos incontrolados de residuos s\u00f3lidos urbanos producen, al fermentar,<\/span><b> olores muy molestos<\/b><span style=\"font-weight: 400;\">.<\/span><\/li>\n<li style=\"font-weight: 400;\" aria-level=\"1\"><span style=\"font-weight: 400;\">Los residuos fermentables son f\u00e1cilmente auto-inflamables por lo que <\/span><b>pueden provocar incendios<\/b><span style=\"font-weight: 400;\"> que ocasionan una contaminaci\u00f3n atmosf\u00e9rica muy desagradable para la vecindad y, en ocasiones, peligrosa para la circulaci\u00f3n y para la seguridad de los bosques cercanos.<\/span><\/li>\n<li style=\"font-weight: 400;\" aria-level=\"1\"><span style=\"font-weight: 400;\">Un vertido de residuos realizado sin ning\u00fan tipo de control, presenta un <\/span><b>grave riesgo de contaminaci\u00f3n de las aguas<\/b><span style=\"font-weight: 400;\"> tanto superficiales como subterr\u00e1neas, con el consiguiente peligro para la salud si son utilizadas para el abastecimiento de agua potable a la poblaci\u00f3n.<\/span><\/li>\n<li style=\"font-weight: 400;\" aria-level=\"1\"><span style=\"font-weight: 400;\">Los residuos org\u00e1nicos favorecen la <\/span><b>existencia de gran cantidad de roedores e insectos que son agentes portadores de enfermedades<\/b><span style=\"font-weight: 400;\"> y algunas contaminaciones bacterianas.<\/span><\/li>\n<\/ul>\n<p><span style=\"font-weight: 400;\">\u00a0<\/span><\/p>\n<p><span style=\"font-weight: 400;\">En cuanto a la mala o nula gesti\u00f3n de residuos textiles, Timo Rissanen mencionado por V\u00e1squez (2018) comenta que, <\/span><span style=\"color: #d41111;\"><b>un tercio de las prendas que se fabrican en el mundo nunca se venden<\/b><\/span><span style=\"font-weight: 400;\">.<\/span> <i><span style=\"font-weight: 400;\">Algunos desperdicios textiles terminan en el vertedero, otros son incinerados.<\/span><\/i><span style=\"font-weight: 400;\"> Y que <\/span><b>es necesario dise\u00f1ar la producci\u00f3n<\/b><span style=\"font-weight: 400;\"> quitando de la ecuaci\u00f3n la sobreproducci\u00f3n. Montero, mencionado por G\u00f3mez (2012) se\u00f1ala que, en un relleno sanitario, un trozo de tela de algod\u00f3n puede tardar entre 6 meses a 5 a\u00f1os en descomponerse y <\/span><b>si la prenda es de poli\u00e9ster m\u00e1s de 200 a\u00f1os<\/b><span style=\"font-weight: 400;\">. Cuando este material empieza a descomponerse, algo similar sucede con sus pol\u00edmeros y tintes, que contaminan el suelo y las fuentes h\u00eddricas. La indumentaria que se entierra en un dep\u00f3sito abarca un gran volumen del mismo.<\/span><\/p>\n<p><span style=\"color: #d41111;\"><b>4.\u00bfQu\u00e9 implica el negocio a trav\u00e9s de los residuos y de los residuos textiles?<\/b><\/span><\/p>\n<p><span style=\"font-weight: 400;\">Primeramente, definiremos lo que es un <\/span><span style=\"color: #d41111;\"><b>negocio verde<\/b><\/span><span style=\"font-weight: 400;\">, <\/span><b>\u201cContempla las actividades econ\u00f3micas en las que se ofertan bienes o servicios, que generan impactos ambientales positivos y adem\u00e1s incorporan buenas pr\u00e1cticas ambientales, sociales y econ\u00f3micas con enfoque de ciclo de vida, contribuyendo a la conservaci\u00f3n del ambiente como capital natural que soporta el desarrollo del territorio\u201d<\/b><span style=\"font-weight: 400;\"> (Ministerio de Ambiente y Desarrollo Sostenible 2015)<\/span><\/p>\n<p><span style=\"font-weight: 400;\">Uno de los ejemplos de negocios verdes son las <\/span><b>empresas recicladoras<\/b><span style=\"font-weight: 400;\">, donde b\u00e1sicamente no es m\u00e1s que crear un circuito cerrado de gesti\u00f3n de residuos s\u00f3lidos, se puede acopiar y clasificar residuos s\u00f3lidos para venderlo a empresas m\u00e1s grandes (tercerizar el servicio). Ser una empresa recicladora de residuos como pl\u00e1stico, aluminio, papel y cart\u00f3n, vidrio y tambi\u00e9n restos de tela o lo proveniente de la industria textil y confecci\u00f3n. Se pueden crear productos genuinos a trav\u00e9s del reciclaje.<\/span><\/p>\n<p><span style=\"color: #d41111;\"><b>5. Ejemplos en el mundo de negocios de residuos textiles.<\/b><\/span><\/p>\n<ul>\n<li style=\"font-weight: 400;\" aria-level=\"1\"><span style=\"font-weight: 400;\">Una empresa espa\u00f1ola utiliza como <\/span><b>materia prima utilizan: PET<\/b><span style=\"font-weight: 400;\">, redes de pesca, algod\u00f3n post-industrial, lana, neum\u00e1ticos usados y posos de caf\u00e9. La mayor\u00eda de los tejidos est\u00e1n fabricados a trav\u00e9s de procesos mec\u00e1nicos de reciclaje que disminuyen el impacto.<\/span><\/li>\n<li style=\"font-weight: 400;\" aria-level=\"1\"><span style=\"font-weight: 400;\">Una empresa colombiana se dedica a la compra de excedentes textiles y posterior transformaci\u00f3n a fibras mediante el proceso de deshilachado.<\/span><b> Recupera 6.000 toneladas de 15.000 que desperdicia este pa\u00eds.<\/b><span style=\"font-weight: 400;\"> Sus productos son: fibras recuperadas de relleno, fibras recuperadas para hilatura, no tejidos, acolchados y ropas de hogar (s\u00e1banas, cortinados, etc.); estos productos finales van a parar a otras industrias como el automotriz, muebler\u00eda, tapizados y colchoner\u00eda.<\/span><\/li>\n<li style=\"font-weight: 400;\" aria-level=\"1\"><span style=\"font-weight: 400;\">Una marca italiana se asoci\u00f3 con una empresa que fabrica jugos de naranja y <\/span><b>produce tela con los desechos de la industria de jugos de frutas.<\/b><\/li>\n<li style=\"font-weight: 400;\" aria-level=\"1\"><span style=\"font-weight: 400;\">Una empresa chilena, soluciona el problema de la ropa en desuso existente en el pa\u00eds generando un triple impacto: social, econ\u00f3mico y medioambiental, <\/span><b>incorporando a la comunidad en la creaci\u00f3n<\/b><span style=\"font-weight: 400;\"> de nuevos productos a partir de los deshechos textiles y entregar ropa que ya no se utiliza a los m\u00e1s necesitados.<\/span><\/li>\n<\/ul>\n<p><span style=\"font-weight: 400;\">\u00a0<\/span><\/p>\n<p><span style=\"color: #d41111;\"><b>6. Ejemplos en Paraguay<\/b><\/span><\/p>\n<p><span style=\"font-weight: 400;\">En Paraguay tenemos dos empresas que se dedica a la reutilizaci\u00f3n textil:<\/span><\/p>\n<p><span style=\"color: #d41111;\"><b>Retex:<\/b><\/span><span style=\"font-weight: 400;\"> La empresa realizaba una t\u00e9cnica denominado <\/span><b>\u201ctejido-no-tejido\u201d<\/b><span style=\"font-weight: 400;\">, m\u00e9todo que no se utilizaba en el Paraguay, con la visi\u00f3n de elaborar tejidos a partir de materia prima reciclada, donde compran retazos pero que tambi\u00e9n consiguen de forma gratuita; ya que las empresas dedicadas a la confecci\u00f3n tienen mucho residuo y este ocupa mucho espacio. El producto se obten\u00eda a ra\u00edz de fibras naturales como algod\u00f3n y lana. Posteriormente, la t\u00e9cnica se perfeccion\u00f3 y lograron obtener a partir de telas sint\u00e9ticas como fibra poli\u00e9ster y acr\u00edlica, ampliando su gama de productos. Entre sus productos se encuentran materiales para la construcci\u00f3n, para colchoner\u00eda y confecci\u00f3n, ropas de invierno y art\u00edculos de limpieza<\/span><\/p>\n<p><b>A<span style=\"color: #d41111;\">man\u00e1 Py: <\/span><\/b><span style=\"font-weight: 400;\">Nace en el 2016 por Araceli Mar\u00eda Allo y Anah\u00ed M\u00e9ndez. Como materia prima utiliza <\/span><b>retazos<\/b><span style=\"font-weight: 400;\"> de una industria de confecci\u00f3n, donde clasifican lo separan por colores y lo env\u00edan a los <\/span><b>artesanos de Carapegu\u00e1<\/b><span style=\"font-weight: 400;\">. Empezaron a venderlos por redes sociales, pero con un enfoque comercial diferente, mostrando el colorido del poyv\u00ed pero como espacios de decoraci\u00f3n. Las mesas puestas con los individuales fueron el mayor atractivo al iniciar, pero luego expandieron las propuestas a decoraciones de dormitorios, livings, cocinas y espacios al aire libre con alfombras, almohadones y camineros en poyv\u00ed. Hoy cuenta con una tienda propia con variedad de opciones para decorar el hogar con tejidos nacionales y con asesor\u00eda de profesionales en la decoraci\u00f3n<\/span><\/p>\n<\/div><\/div><\/div><\/div><\/div>","protected":false},"excerpt":{"rendered":"<p>Lorem ipsum dolor sit amet, consectetur adipiscing elit. Nam pharetra dictum eleifend. Sed posuere magna at luctus pretium. Aliquam ligula sem, aliquet sit amet nisi ac, dignissim porta ipsum.<\/p>","protected":false},"author":9,"featured_media":5231,"comment_status":"open","ping_status":"open","sticky":false,"template":"","format":"standard","meta":{"_monsterinsights_skip_tracking":false,"_monsterinsights_sitenote_active":false,"_monsterinsights_sitenote_note":"","_monsterinsights_sitenote_category":0,"footnotes":""},"categories":[40],"tags":[93,89,48,92,47,96,88],"class_list":["post-5230","post","type-post","status-publish","format-standard","has-post-thumbnail","hentry","category-blog","tag-disenadores-sostenibles","tag-moda-etica","tag-moda-latina","tag-moda-latinoamericana","tag-moda-sostenible","tag-moda-sustentable","tag-universo-mola"],"_links":{"self":[{"href":"https:\/\/universomola.com\/en\/wp-json\/wp\/v2\/posts\/5230","targetHints":{"allow":["GET"]}}],"collection":[{"href":"https:\/\/universomola.com\/en\/wp-json\/wp\/v2\/posts"}],"about":[{"href":"https:\/\/universomola.com\/en\/wp-json\/wp\/v2\/types\/post"}],"author":[{"embeddable":true,"href":"https:\/\/universomola.com\/en\/wp-json\/wp\/v2\/users\/9"}],"replies":[{"embeddable":true,"href":"https:\/\/universomola.com\/en\/wp-json\/wp\/v2\/comments?post=5230"}],"version-history":[{"count":2,"href":"https:\/\/universomola.com\/en\/wp-json\/wp\/v2\/posts\/5230\/revisions"}],"predecessor-version":[{"id":5233,"href":"https:\/\/universomola.com\/en\/wp-json\/wp\/v2\/posts\/5230\/revisions\/5233"}],"wp:featuredmedia":[{"embeddable":true,"href":"https:\/\/universomola.com\/en\/wp-json\/wp\/v2\/media\/5231"}],"wp:attachment":[{"href":"https:\/\/universomola.com\/en\/wp-json\/wp\/v2\/media?parent=5230"}],"wp:term":[{"taxonomy":"category","embeddable":true,"href":"https:\/\/universomola.com\/en\/wp-json\/wp\/v2\/categories?post=5230"},{"taxonomy":"post_tag","embeddable":true,"href":"https:\/\/universomola.com\/en\/wp-json\/wp\/v2\/tags?post=5230"}],"curies":[{"name":"wp","href":"https:\/\/api.w.org\/{rel}","templated":true}]}}