{"id":5242,"date":"2019-02-26T00:56:23","date_gmt":"2019-02-26T03:56:23","guid":{"rendered":"http:\/\/desarrollosdeprueba.xyz\/universo_mola\/?p=5242"},"modified":"2021-08-08T01:02:54","modified_gmt":"2021-08-08T04:02:54","slug":"uruguay-y-la-naturaleza","status":"publish","type":"post","link":"https:\/\/universomola.com\/en\/uruguay-y-la-naturaleza\/","title":{"rendered":"URUGUAY Y LA NATURALEZA"},"content":{"rendered":"<div class=\"fusion-fullwidth fullwidth-box fusion-builder-row-1 fusion-flex-container nonhundred-percent-fullwidth non-hundred-percent-height-scrolling\" style=\"--awb-border-radius-top-left:0px;--awb-border-radius-top-right:0px;--awb-border-radius-bottom-right:0px;--awb-border-radius-bottom-left:0px;--awb-flex-wrap:wrap;\" ><div class=\"fusion-builder-row fusion-row fusion-flex-align-items-flex-start fusion-flex-content-wrap\" style=\"max-width:1248px;margin-left: calc(-4% \/ 2 );margin-right: calc(-4% \/ 2 );\"><div class=\"fusion-layout-column fusion_builder_column fusion-builder-column-0 fusion_builder_column_1_1 1_1 fusion-flex-column\" style=\"--awb-bg-size:cover;--awb-width-large:100%;--awb-margin-top-large:0px;--awb-spacing-right-large:1.92%;--awb-margin-bottom-large:0px;--awb-spacing-left-large:1.92%;--awb-width-medium:100%;--awb-spacing-right-medium:1.92%;--awb-spacing-left-medium:1.92%;--awb-width-small:100%;--awb-spacing-right-small:1.92%;--awb-spacing-left-small:1.92%;\"><div class=\"fusion-column-wrapper fusion-flex-justify-content-flex-start fusion-content-layout-column\"><div class=\"fusion-text fusion-text-1\"><p><em><span style=\"color: #33cccc;\">Escrito por: Noticias de Universo MOLA<\/span><\/em><\/p>\n<p><span style=\"font-weight: 400; color: #999999;\">Por Eloisa Ponce de Le\u00f3n, Mariana Rodriguez, Valentina Theoduloz y Ana de Prado &#8211; Voces del #UniversoMOLA Uruguay<\/span><\/p>\n<p><span style=\"font-weight: 400;\">Nuestro pa\u00eds debe su nombre a su ubicaci\u00f3n geogr\u00e1fica, ya que oficialmente somos la Rep\u00fablica Oriental del Uruguay, debido a que nos encontramos al oriente del Rio Uruguay. Adem\u00e1s Uruguay significa<\/span><b> \u201cRio de los p\u00e1jaros pintados\u201d<\/b><span style=\"font-weight: 400;\">.<\/span><\/p>\n<p><span style=\"font-weight: 400;\">El territorio de estas tierras, se encuentra ba\u00f1ado por agua en casi su totalidad; y, como si fuera poco, adem\u00e1s de deber nuestro nombre a un r\u00edo, nuestro l\u00edmite sur, es el <\/span><b>Rio de la Plata<\/b><span style=\"font-weight: 400;\">, conocido por ser el rio m\u00e1s ancho del mundo. Al este tambi\u00e9n hay agua, como en casi todo nuestro territorio.<\/span><b> Uruguay parece tener venas<\/b><span style=\"font-weight: 400;\">, ya que si observamos el mapa de nuestro pa\u00eds, encontramos cursos de agua que van y vienen por todo el territorio.\u00a0<\/span><\/p>\n<p><span style=\"font-weight: 400;\">Los principales recursos econ\u00f3micos son la <\/span><b>agricultura<\/b><b>ethical production <\/b><b>forestaci\u00f3n<\/b><b> and the <\/b><b>ganader\u00eda<\/b><span style=\"font-weight: 400;\">. Siendo un pa\u00eds reconocido en el mundo por la exportaci\u00f3n de carne.\u00a0<\/span><\/p>\n<p><span style=\"font-weight: 400;\">El turismo en Uruguay, <\/span><b>se basa principalmente en lugares naturales<\/b><span style=\"font-weight: 400;\">, siendo los m\u00e1s populares las ciudades costeras y las estancias tur\u00edsticas (donde se puede combinar naturaleza y tradici\u00f3n) o aquellos lugares donde abunda la vegetaci\u00f3n y la fauna aut\u00f3ctona.\u00a0<\/span><\/p>\n<p><span style=\"font-weight: 400;\">Desde todo punto de vista, somos un pa\u00eds que vive y explota los recursos naturales, por lo que a lo largo de nuestra historia, hemos requerido de una <\/span><b>legislaci\u00f3n que proteja estos recursos<\/b><span style=\"font-weight: 400;\">.<\/span><\/p>\n<p><span style=\"font-weight: 400;\">Mayormente, los uruguayos hemos estado muy conectados con el cuidado de estos recursos, buscando, como sociedad, que podamos seguir disfrut\u00e1ndolos y realizando presi\u00f3n social, en diversos temas relacionados. <\/span><\/p>\n<p><img decoding=\"async\" class=\"alignnone size-full wp-image-5244 lazyload\" data-src=\"http:\/\/desarrollosdeprueba.xyz\/universo_mola\/wp-content\/uploads\/2021\/08\/Captura93.png\" alt=\"\" width=\"625\" height=\"216\" data-srcset=\"https:\/\/universomola.com\/wp-content\/uploads\/2021\/08\/Captura93-200x69.png 200w, https:\/\/universomola.com\/wp-content\/uploads\/2021\/08\/Captura93-300x104.png 300w, https:\/\/universomola.com\/wp-content\/uploads\/2021\/08\/Captura93-400x138.png 400w, https:\/\/universomola.com\/wp-content\/uploads\/2021\/08\/Captura93-500x173.png 500w, https:\/\/universomola.com\/wp-content\/uploads\/2021\/08\/Captura93-600x207.png 600w, https:\/\/universomola.com\/wp-content\/uploads\/2021\/08\/Captura93.png 625w\" data-sizes=\"(max-width: 625px) 100vw, 625px\" src=\"data:image\/svg+xml;base64,PHN2ZyB3aWR0aD0iMSIgaGVpZ2h0PSIxIiB4bWxucz0iaHR0cDovL3d3dy53My5vcmcvMjAwMC9zdmciPjwvc3ZnPg==\" style=\"--smush-placeholder-width: 625px; --smush-placeholder-aspect-ratio: 625\/216;\" \/><\/p>\n<p><span style=\"color: #c92424;\"><b>Uruguay y el consumo<\/b><\/span><\/p>\n<p><span style=\"font-weight: 400;\">Somos el segundo pa\u00eds m\u00e1s peque\u00f1o de Sudam\u00e9rica. El crecimiento demogr\u00e1fico es poco significativo, por lo que, no importa en la \u00e9poca que hayamos nacido, siempre que nos preguntan a los uruguayos \u201ccu\u00e1ntos habitantes hay en tu pa\u00eds\u201d redondeamos en<\/span><b> tres millones<\/b><span style=\"font-weight: 400;\">.\u00a0<\/span><\/p>\n<p><span style=\"font-weight: 400;\">Si bien, a priori, no somos un mercado atractivo para el consumo masivo, la realidad es otra: <\/span><span style=\"color: #c92424;\"><b>estamos ante un cambio en los h\u00e1bitos de consumo de los uruguayos<\/b><\/span><span style=\"font-weight: 400;\"><span style=\"color: #c92424;\">.<\/span> Pasamos a ser una sociedad posmodernista, intentando alinearse con el capitalismo m\u00e1s anglosaj\u00f3n, incentivando las compras excesivas y el acumulamiento de bienes materiales. Esta conducta se ha masificado en los \u00faltimos cinco a\u00f1os.<\/span><\/p>\n<p><span style=\"font-weight: 400;\">En \u00e9ste ambiente hostil y ego\u00edsta,<\/span><b> surge\u00a0 la necesidad del \u201cback to the roots\u201d<\/b><span style=\"font-weight: 400;\"> (volver al origen), tener consciencia en el consumo y en los h\u00e1bitos cotidianos.<\/span><\/p>\n<p><span style=\"font-weight: 400;\">En el \u00e1mbito de la moda, en contraposici\u00f3n al fast fashion, <\/span><b>nace el slow fashion<\/b><span style=\"font-weight: 400;\">; basado en la reducci\u00f3n, reutilizaci\u00f3n, reparaci\u00f3n y reciclaje. En Uruguay, es un espacio a\u00fan\u00a0 poco explorado pero que viene creciendo con fuerza (esp\u00edritu cr\u00edtico y consciencia social)<\/span><\/p>\n<p><span style=\"color: #c92424;\"><b>Como parte del contexto de la moda uruguaya, est\u00e1 en nosotros participar del proceso de cambio. \u00bfDe qu\u00e9 manera?<\/b><\/span><\/p>\n<p><b><i>Como dise\u00f1adores productores de moda:\u00a0<\/i><\/b><\/p>\n<ul>\n<li style=\"font-weight: 400;\" aria-level=\"1\"><span style=\"font-weight: 400;\">Es importante <\/span><b>verificar los procesos<\/b><span style=\"font-weight: 400;\"> de producci\u00f3n de nuestra\u00a0 materia prima.<\/span><\/li>\n<li style=\"font-weight: 400;\" aria-level=\"1\"><span style=\"font-weight: 400;\">Tener una <\/span><b>pol\u00edtica \u00e9tica<\/b><span style=\"font-weight: 400;\"> con respecto a las personas\u00a0 que act\u00faan en\u00a0 la creaci\u00f3n del producto.<\/span><\/li>\n<li style=\"font-weight: 400;\" aria-level=\"1\"><span style=\"font-weight: 400;\">Crear <\/span><b>modelos de negocios<\/b> <b>en cooperaci\u00f3n<\/b><span style=\"font-weight: 400;\"> con otras marcas.<\/span><\/li>\n<\/ul>\n<p><span style=\"font-weight: 400;\">Buscar la <\/span><b>innovation<\/b><span style=\"font-weight: 400;\"> en las ideas para el\u00a0 desarrollo de productos textiles.<\/span><\/p>\n<p><img decoding=\"async\" class=\"alignnone size-full wp-image-5243 lazyload\" data-src=\"http:\/\/desarrollosdeprueba.xyz\/universo_mola\/wp-content\/uploads\/2021\/08\/Captura92.png\" alt=\"\" width=\"627\" height=\"406\" data-srcset=\"https:\/\/universomola.com\/wp-content\/uploads\/2021\/08\/Captura92-200x130.png 200w, https:\/\/universomola.com\/wp-content\/uploads\/2021\/08\/Captura92-300x194.png 300w, https:\/\/universomola.com\/wp-content\/uploads\/2021\/08\/Captura92-400x259.png 400w, https:\/\/universomola.com\/wp-content\/uploads\/2021\/08\/Captura92-500x324.png 500w, https:\/\/universomola.com\/wp-content\/uploads\/2021\/08\/Captura92-600x389.png 600w, https:\/\/universomola.com\/wp-content\/uploads\/2021\/08\/Captura92.png 627w\" data-sizes=\"(max-width: 627px) 100vw, 627px\" src=\"data:image\/svg+xml;base64,PHN2ZyB3aWR0aD0iMSIgaGVpZ2h0PSIxIiB4bWxucz0iaHR0cDovL3d3dy53My5vcmcvMjAwMC9zdmciPjwvc3ZnPg==\" style=\"--smush-placeholder-width: 627px; --smush-placeholder-aspect-ratio: 627\/406;\" \/><\/p>\n<p><b><i>Como consumidores:\u00a0<\/i><\/b><\/p>\n<ul>\n<li style=\"font-weight: 400;\" aria-level=\"1\"><span style=\"font-weight: 400;\">Crear nuestro <\/span><b>propio estilo<\/b><span style=\"font-weight: 400;\">.<\/span><\/li>\n<li style=\"font-weight: 400;\" aria-level=\"1\"><span style=\"font-weight: 400;\">\u201c<\/span><b>Shop with the brain<\/b><span style=\"font-weight: 400;\">\u201d: este concepto nos alienta\u00a0 a comprar de manera racional.\u00a0 No solo eligiendo los lugares donde comprar sino qu\u00e9 productos.<\/span><\/li>\n<li style=\"font-weight: 400;\" aria-level=\"1\"><span style=\"font-weight: 400;\">\u201c<\/span><b>Fast fashion detox<\/b><span style=\"font-weight: 400;\">\u201d: es una campa\u00f1a llevada a cabo por Greenpeace, que busca el fin de la contaminaci\u00f3n de la industria de la moda. Como consumidores, nos incita\u00a0 a dejar de comprar en estas\u00a0 cadenas involucradas en la\u00a0 contaminaci\u00f3n oce\u00e1nica.<\/span><\/li>\n<li style=\"font-weight: 400;\" aria-level=\"1\"><b>Fashion Revolution<\/b><span style=\"font-weight: 400;\">: la revoluci\u00f3n en la moda es necesaria y este movimiento invita a preguntarnos \u00bfqui\u00e9n hizo mi ropa?, cuestion\u00e1ndonos qui\u00e9nes y en qu\u00e9 condiciones confeccionan la ropa que compramos.\u00a0<\/span><\/li>\n<li aria-level=\"1\"><span style=\"font-weight: 400;\">\u00a0<\/span>\n<p><b><i>Como Voces del #UniversoMOLA Uruguay, queremos asumir el compromiso de:<\/i><\/b><\/p>\n<ul>\n<li style=\"font-weight: 400;\" aria-level=\"1\"><span style=\"font-weight: 400;\">Encaminarnos a <\/span><b>una vida m\u00e1s sustentable<\/b><span style=\"font-weight: 400;\"> y amigable con el ecosistema y el medioambiente.<\/span><\/li>\n<li style=\"font-weight: 400;\" aria-level=\"1\"><span style=\"font-weight: 400;\">Pasar de una <\/span><b>econom\u00eda<\/b><span style=\"font-weight: 400;\"> lineal a la <\/span><b>circular o<\/b><span style=\"font-weight: 400;\">.<\/span><\/li>\n<li style=\"font-weight: 400;\" aria-level=\"1\"><span style=\"font-weight: 400;\">Fomentar el <\/span><b>concepto del cooperativismo<\/b><span style=\"font-weight: 400;\"> entre dise\u00f1adores sustentables emergentes (para que alcancen todo su potencial)<\/span><\/li>\n<li style=\"font-weight: 400;\" aria-level=\"1\"><span style=\"font-weight: 400;\">Investigar y <\/span><b>ayudar a cambiar los procesos<\/b><span style=\"font-weight: 400;\"> de producci\u00f3n.\u00a0<\/span><\/li>\n<li style=\"font-weight: 400;\" aria-level=\"1\"><span style=\"font-weight: 400;\">Impulsar la<\/span><b> regulaci\u00f3n de la gesti\u00f3n<\/b><span style=\"font-weight: 400;\"> de los recursos naturales.<\/span><\/li>\n<li style=\"font-weight: 400;\" aria-level=\"1\"><span style=\"font-weight: 400;\">Pasar de ser solamente consumidores a ser\u00a0 \u201c<\/span><b>prosumidores<\/b><span style=\"font-weight: 400;\">.\u201d<\/span><\/li>\n<li style=\"font-weight: 400;\" aria-level=\"1\"><b>Generar nuestro propio contenido<\/b><span style=\"font-weight: 400;\">, siendo formadores de opini\u00f3n, de informaci\u00f3n y divulgando las buenas pr\u00e1cticas.<\/span><\/li>\n<li style=\"font-weight: 400;\" aria-level=\"1\"><span style=\"font-weight: 400;\">Pasarnos\u00a0 al <\/span><b>consumo inteligente<\/b><span style=\"font-weight: 400;\">.<\/span><\/li>\n<\/ul>\n<\/li>\n<\/ul>\n<\/div><\/div><\/div><\/div><\/div>","protected":false},"excerpt":{"rendered":"<p>Lorem ipsum dolor sit amet, consectetur adipiscing elit. Nam pharetra dictum eleifend. Sed posuere magna at luctus pretium. Aliquam ligula sem, aliquet sit amet nisi ac, dignissim porta ipsum.<\/p>","protected":false},"author":9,"featured_media":5244,"comment_status":"open","ping_status":"open","sticky":false,"template":"","format":"standard","meta":{"_monsterinsights_skip_tracking":false,"_monsterinsights_sitenote_active":false,"_monsterinsights_sitenote_note":"","_monsterinsights_sitenote_category":0,"footnotes":""},"categories":[40],"tags":[93,89,48,92,47,96,88],"class_list":["post-5242","post","type-post","status-publish","format-standard","has-post-thumbnail","hentry","category-blog","tag-disenadores-sostenibles","tag-moda-etica","tag-moda-latina","tag-moda-latinoamericana","tag-moda-sostenible","tag-moda-sustentable","tag-universo-mola"],"_links":{"self":[{"href":"https:\/\/universomola.com\/en\/wp-json\/wp\/v2\/posts\/5242","targetHints":{"allow":["GET"]}}],"collection":[{"href":"https:\/\/universomola.com\/en\/wp-json\/wp\/v2\/posts"}],"about":[{"href":"https:\/\/universomola.com\/en\/wp-json\/wp\/v2\/types\/post"}],"author":[{"embeddable":true,"href":"https:\/\/universomola.com\/en\/wp-json\/wp\/v2\/users\/9"}],"replies":[{"embeddable":true,"href":"https:\/\/universomola.com\/en\/wp-json\/wp\/v2\/comments?post=5242"}],"version-history":[{"count":1,"href":"https:\/\/universomola.com\/en\/wp-json\/wp\/v2\/posts\/5242\/revisions"}],"predecessor-version":[{"id":5245,"href":"https:\/\/universomola.com\/en\/wp-json\/wp\/v2\/posts\/5242\/revisions\/5245"}],"wp:featuredmedia":[{"embeddable":true,"href":"https:\/\/universomola.com\/en\/wp-json\/wp\/v2\/media\/5244"}],"wp:attachment":[{"href":"https:\/\/universomola.com\/en\/wp-json\/wp\/v2\/media?parent=5242"}],"wp:term":[{"taxonomy":"category","embeddable":true,"href":"https:\/\/universomola.com\/en\/wp-json\/wp\/v2\/categories?post=5242"},{"taxonomy":"post_tag","embeddable":true,"href":"https:\/\/universomola.com\/en\/wp-json\/wp\/v2\/tags?post=5242"}],"curies":[{"name":"wp","href":"https:\/\/api.w.org\/{rel}","templated":true}]}}