{"id":5246,"date":"2019-03-02T01:04:31","date_gmt":"2019-03-02T04:04:31","guid":{"rendered":"http:\/\/desarrollosdeprueba.xyz\/universo_mola\/?p=5246"},"modified":"2021-08-08T01:10:37","modified_gmt":"2021-08-08T04:10:37","slug":"armar-la-trama","status":"publish","type":"post","link":"https:\/\/universomola.com\/en\/armar-la-trama\/","title":{"rendered":"ARMAR LA TRAMA"},"content":{"rendered":"<div class=\"fusion-fullwidth fullwidth-box fusion-builder-row-1 fusion-flex-container nonhundred-percent-fullwidth non-hundred-percent-height-scrolling\" style=\"--awb-border-radius-top-left:0px;--awb-border-radius-top-right:0px;--awb-border-radius-bottom-right:0px;--awb-border-radius-bottom-left:0px;--awb-flex-wrap:wrap;\" ><div class=\"fusion-builder-row fusion-row fusion-flex-align-items-flex-start fusion-flex-content-wrap\" style=\"max-width:1248px;margin-left: calc(-4% \/ 2 );margin-right: calc(-4% \/ 2 );\"><div class=\"fusion-layout-column fusion_builder_column fusion-builder-column-0 fusion_builder_column_1_1 1_1 fusion-flex-column\" style=\"--awb-bg-size:cover;--awb-width-large:100%;--awb-margin-top-large:0px;--awb-spacing-right-large:1.92%;--awb-margin-bottom-large:0px;--awb-spacing-left-large:1.92%;--awb-width-medium:100%;--awb-spacing-right-medium:1.92%;--awb-spacing-left-medium:1.92%;--awb-width-small:100%;--awb-spacing-right-small:1.92%;--awb-spacing-left-small:1.92%;\"><div class=\"fusion-column-wrapper fusion-flex-justify-content-flex-start fusion-content-layout-column\"><div class=\"fusion-text fusion-text-1\"><p><em><span style=\"color: #33cccc;\">Escrito por: Noticias de Universo MOLA<\/span><\/em><\/p>\n<p><span style=\"color: #999999;\"><span style=\"font-weight: 400;\">Por Sof\u00eda Castellano. Colaboraci\u00f3n: Ana Maria Mu\u00f1iz &#8211; Voces del #UniversoMOLA Argentina<\/span><span style=\"font-weight: 400;\"><br \/>\n<\/span><\/span><i><span style=\"font-weight: 400;\">\u00abYo te he de dar una urdimbre de luz, que tu no conoces; yo te he de dar unas hierbas que dan extra\u00f1os colores\u00bbA una tejedora, <\/span><\/i><span style=\"font-weight: 400;\">Alfredo Bufano<\/span><\/p>\n<p><span style=\"font-weight: 400;\">Hay tradiciones que perduran. Tradiciones. Estamos hechos de ellas. Algunas, tra\u00eddas desde lejanos lugares y que, junto a las propias, se combinan y se transformaron en nuestras celebraciones.<\/span><\/p>\n<p><span style=\"font-weight: 400;\">Por estas fechas y en varios puntos del pa\u00eds, se celebra el carnaval. Una fiesta pagana que coincide con el fin de la \u00e9poca de lluvias y el comienzo de las cosechas. En la Quebrada de Humahuaca, Jujuy, se realiza al comienzo de la cuaresma. Si bien esta fiesta fue introducida por los espa\u00f1oles durante el per\u00edodo de la conquista, el carnaval se fusion\u00f3 con rituales ind\u00edgenas destinados a celebrar la <\/span><b>fecundidad de la tierra y a honrar a la Pachamama<\/b><span style=\"font-weight: 400;\"> por los bienes recibidos.<\/span><\/p>\n<p><img decoding=\"async\" class=\"alignnone size-full wp-image-5249 lazyload\" data-src=\"http:\/\/desarrollosdeprueba.xyz\/universo_mola\/wp-content\/uploads\/2021\/08\/Captura96.png\" alt=\"\" width=\"624\" height=\"413\" data-srcset=\"https:\/\/universomola.com\/wp-content\/uploads\/2021\/08\/Captura96-200x132.png 200w, https:\/\/universomola.com\/wp-content\/uploads\/2021\/08\/Captura96-300x199.png 300w, https:\/\/universomola.com\/wp-content\/uploads\/2021\/08\/Captura96-400x265.png 400w, https:\/\/universomola.com\/wp-content\/uploads\/2021\/08\/Captura96-500x331.png 500w, https:\/\/universomola.com\/wp-content\/uploads\/2021\/08\/Captura96-600x397.png 600w, https:\/\/universomola.com\/wp-content\/uploads\/2021\/08\/Captura96.png 624w\" data-sizes=\"(max-width: 624px) 100vw, 624px\" src=\"data:image\/svg+xml;base64,PHN2ZyB3aWR0aD0iMSIgaGVpZ2h0PSIxIiB4bWxucz0iaHR0cDovL3d3dy53My5vcmcvMjAwMC9zdmciPjwvc3ZnPg==\" style=\"--smush-placeholder-width: 624px; --smush-placeholder-aspect-ratio: 624\/413;\" \/><\/p>\n<p><span style=\"color: #999999;\"><i><span style=\"font-weight: 400;\">\u00abLa Diablada\u201d serie fotogr\u00e1fica de Gaby Herbstein que refleja la tradicional celebraci\u00f3n juje\u00f1a del carnaval. Una expresi\u00f3n de nuestra identidad.<\/span><\/i><\/span><\/p>\n<p><span style=\"font-weight: 400;\">En el norte andino, el sol y la tierra son homenajeados. El inicio mismo de las fiestas es el agradecimiento por las cosechas. Comienza con el \u201cDesentierro del Diablo\u201d y contin\u00faa con el \u201cDomingo de Tentaci\u00f3n\u201d. Los habitantes se visten con trajes coloridos utilizando cascabeles y m\u00e1scaras para disfrazarse; se divierten impregn\u00e1ndose la cara con harina y tir\u00e1ndose con talco y serpentinas mientras reparten ramitas de albahaca. Dura unos 8 d\u00edas, culminando con el \u201centierro del Carnaval\u201d.<\/span><\/p>\n<p><span style=\"font-weight: 400;\">As\u00ed el carnaval vuelve a la Pachamama, para retornar al a\u00f1o siguiente.<\/span><\/p>\n<p><span style=\"color: #cc1f1f;\"><b>Gracias, comadre<\/b><\/span><\/p>\n<p><i><span style=\"font-weight: 400;\"><span style=\"color: #cc1f1f;\">\u201cSe\u00f1ora comadre, ay<\/span>, vidalit\u00e1, la vengo a llevar; llegando a mi casa la voy a coronar\u201d<\/span><\/i><\/p>\n<p><span style=\"font-weight: 400;\">Si el Sol es protagonista del jueves de compadres, <\/span><b>la Tierra lo es el del <\/b><b><i>d\u00eda de las comadres<\/i><\/b><i><span style=\"font-weight: 400;\">. <\/span><\/i><span style=\"font-weight: 400;\">El jueves anterior al inicio del carnaval, es la fiesta y d\u00eda dedicado a la mujer. Las comadres se re\u00fanen a celebrar con instrumentos musicales, bailes y coplas, el don que comparten junto a la Pachamama, y les es \u00fanico: <\/span><b>dar vida<\/b><span style=\"font-weight: 400;\">.<\/span><\/p>\n<p><span style=\"font-weight: 400;\">Al son de las cajas andinas, un instrumento de percusi\u00f3n como un tambor peque\u00f1o, se escuchan las primeras coplas de las mujeres en las plazas principales de cada localidad. Lo m\u00e1s importante son las coplas que comparten: toda la tarde se canta, las ruedas se arman y desarman, \u201cla alegr\u00eda es tan fuerte que se descansa el viernes y el Carnaval comienza\u201d.\u00a0<\/span><\/p>\n<p><span style=\"font-weight: 400;\">Las mujeres se desean buen carnaval y se invitan bebidas, chicha (bebida alcoh\u00f3lica fermentada hecha de ma\u00edz y de man\u00ed), alimentos durante toda la tarde del jueves, junto al polvo blanco o harina, ramos de albahaca, serpentina y papel picado.<\/span><\/p>\n<p><i><span style=\"font-weight: 400;\">De volver a la tierra<\/span><\/i><span style=\"font-weight: 400;\">, de eso se trata.<\/span><\/p>\n<p><span style=\"color: #cc1f1f;\"><b>Pachamama Pr\u00eat-\u00e0-porter<\/b><\/span><\/p>\n<p><span style=\"font-weight: 400;\">Siguiendo la l\u00ednea de tradiciones y mujeres, una muy peculiar es la del tejido. <\/span><b>\u00bfQu\u00e9 sucede si combinamos lo ancestral con la contemporaneidad?\u00a0<\/b><\/p>\n<p><span style=\"color: #cc1f1f;\"><b>Mary Tapia<\/b><\/span><span style=\"font-weight: 400;\"> supo responder a ello. Fue una de las dise\u00f1adoras argentinas m\u00e1s influyentes. Inspirada en los tejidos norte\u00f1os, de madre espa\u00f1ola, modista, y de padre tucumano. Naci\u00f3 en Tucum\u00e1n en 1934 y en la d\u00e9cada del \u201860 se instal\u00f3 en Buenos Aires.<\/span><\/p>\n<p><span style=\"font-weight: 400;\">\u201cHay que detenerse en la dimensi\u00f3n cultural que representa, la identidad llevada a la moda, inspirada en las aut\u00e9nticas ra\u00edces que nos brinda la tierra. Siempre hago como si la moda no existiera. Escucho una m\u00fasica interior a la que siempre le soy fiel. No me importa que me copien. Esto es nuestro, es la imagen de nuestra tierra americana. Yo s\u00f3lo le doy forma\u201d. <\/span><i><span style=\"font-weight: 400;\">Mary Tapia<\/span><\/i><span style=\"font-weight: 400;\">.<\/span><\/p>\n<p><img decoding=\"async\" class=\"alignnone size-full wp-image-5248 lazyload\" data-src=\"http:\/\/desarrollosdeprueba.xyz\/universo_mola\/wp-content\/uploads\/2021\/08\/Captura95.png\" alt=\"\" width=\"625\" height=\"418\" data-srcset=\"https:\/\/universomola.com\/wp-content\/uploads\/2021\/08\/Captura95-200x134.png 200w, https:\/\/universomola.com\/wp-content\/uploads\/2021\/08\/Captura95-300x201.png 300w, https:\/\/universomola.com\/wp-content\/uploads\/2021\/08\/Captura95-400x268.png 400w, https:\/\/universomola.com\/wp-content\/uploads\/2021\/08\/Captura95-500x334.png 500w, https:\/\/universomola.com\/wp-content\/uploads\/2021\/08\/Captura95-600x401.png 600w, https:\/\/universomola.com\/wp-content\/uploads\/2021\/08\/Captura95.png 625w\" data-sizes=\"(max-width: 625px) 100vw, 625px\" src=\"data:image\/svg+xml;base64,PHN2ZyB3aWR0aD0iMSIgaGVpZ2h0PSIxIiB4bWxucz0iaHR0cDovL3d3dy53My5vcmcvMjAwMC9zdmciPjwvc3ZnPg==\" style=\"--smush-placeholder-width: 625px; --smush-placeholder-aspect-ratio: 625\/418;\" \/><\/p>\n<p><i><span style=\"font-weight: 400;\">El Museo Nacional de la <\/span><\/i><span style=\"color: #999999;\"><i><span style=\"font-weight: 400;\">Historia<\/span><\/i><\/span><i><span style=\"font-weight: 400;\"> del Traje homenaje\u00f3 vida y obra en 2018 con la muestra \u201cIntima, Mary Tapia\u201d<\/span><\/i><\/p>\n<p><span style=\"font-weight: 400;\">Su colecci\u00f3n de 1969, <\/span><i><span style=\"font-weight: 400;\">Pachamama Pr\u00eat-\u00e0-porter<\/span><\/i><span style=\"font-weight: 400;\">, fue la que la impuls\u00f3 al \u00e9xito. En la tarjeta de invitaci\u00f3n se le\u00eda: \u00ab<\/span><i><span style=\"font-weight: 400;\">En Buenos Aires, la \u00faltima moda no llega nunca. Porque reci\u00e9n seis meses despu\u00e9s hay que ponerse lo mismo que usan las europeas. En cambio, qu\u00e9 b\u00e1rbaro lo que hacen nuestras kollas, o las mujeres del Paraguay, o las indias de Zuleta, en barracanes, ponchos, tapices y guardas bordadas. En esta colecci\u00f3n se mezclan esas texturas con tejidos de otavalo y bayetas a mano, por lugare\u00f1os de Cuenca, en Ecuador, o tapetes de Quito. Por todo eso<\/span><\/i><b><i>, crear una moda argentina se convirti\u00f3 en mi obsesi\u00f3n<\/i><\/b><b>\u00ab.<\/b><\/p>\n<p><span style=\"font-weight: 400;\">Combin\u00f3 tejidos en telar con puntillas y encajes, los utiliz\u00f3 en minivestidos e incorpor\u00f3 bordados artesanales a prendas urbanas \u201cmucho antes de que los especialistas en tendencias y sustentabilidad prestaran atenci\u00f3n a las comunidades de artesanos\u201d. (Revista Luz; 2018)<\/span><\/p>\n<p><b>\u201cSolamente el dise\u00f1o independiente en peque\u00f1as series puede llegar a ser sustentable\u201d<\/b><span style=\"font-weight: 400;\">, en palabras de la soci\u00f3loga Susana Saulquin, \u201clo seriado va unido a la explotaci\u00f3n, al consumismo y es depredador del planeta\u201d. Seguiremos entonces reflexionando. Desarrollar indumentaria sustentable primar\u00e1.<\/span><\/p>\n<p><span style=\"font-weight: 400;\">Encontrar aquella hebra inicial que es nuestra identidad.<\/span><\/p>\n<p><span style=\"font-weight: 400;\">Des-armar el ovillo.<\/span><\/p>\n<p><span style=\"font-weight: 400;\">Armar la trama.<\/span><\/p>\n<p><img decoding=\"async\" class=\"alignnone size-full wp-image-5247 lazyload\" data-src=\"http:\/\/desarrollosdeprueba.xyz\/universo_mola\/wp-content\/uploads\/2021\/08\/Captura94.png\" alt=\"\" width=\"620\" height=\"61\" data-srcset=\"https:\/\/universomola.com\/wp-content\/uploads\/2021\/08\/Captura94-200x20.png 200w, https:\/\/universomola.com\/wp-content\/uploads\/2021\/08\/Captura94-300x30.png 300w, https:\/\/universomola.com\/wp-content\/uploads\/2021\/08\/Captura94-400x39.png 400w, https:\/\/universomola.com\/wp-content\/uploads\/2021\/08\/Captura94-500x49.png 500w, https:\/\/universomola.com\/wp-content\/uploads\/2021\/08\/Captura94-600x59.png 600w, https:\/\/universomola.com\/wp-content\/uploads\/2021\/08\/Captura94.png 620w\" data-sizes=\"(max-width: 620px) 100vw, 620px\" src=\"data:image\/svg+xml;base64,PHN2ZyB3aWR0aD0iMSIgaGVpZ2h0PSIxIiB4bWxucz0iaHR0cDovL3d3dy53My5vcmcvMjAwMC9zdmciPjwvc3ZnPg==\" style=\"--smush-placeholder-width: 620px; --smush-placeholder-aspect-ratio: 620\/61;\" \/><\/p>\n<p><i><span style=\"font-weight: 400;\">\u00abAc\u00e1 hay una gran desvalorizaci\u00f3n de lo nuestro y una excesiva valoraci\u00f3n de lo extranjero; espero que las nuevas generaciones aprecien en estas se\u00f1ales, en estos rastros y en las marcas de mi trabajo como creadora de ropa, la riqueza de esto tan valioso que constituye la identidad amplia, rica de la cultura argentina, y se animen as\u00ed a mirar para adentro\u00bb. <\/span><\/i><i><span style=\"font-weight: 400;\">Mary Tapia<\/span><\/i><\/p>\n<p><span style=\"font-weight: 400;\">Sources:<\/span><\/p>\n<ul>\n<li style=\"font-weight: 400;\" aria-level=\"1\"><span style=\"font-weight: 400;\">\u201cSi te digo que es carnaval\u2026\u201d. Recuperado de <\/span><span style=\"font-weight: 400;\">www.instagram.com\/yovivoenargentina\u00a0<\/span><\/li>\n<li style=\"font-weight: 400;\" aria-level=\"1\"><span style=\"font-weight: 400;\">\u201cCon perfumito a albahaca: ritos, creencias y costumbres del carnaval juje\u00f1o\u201d. Recuperado de <\/span><span style=\"font-weight: 400;\">www.todojujuy.com\/jujuy\/con-perfumito-albahaca-ritos-creencias-y-costumbres-del-carnaval-jujeno-n101773<\/span><\/li>\n<li style=\"font-weight: 400;\" aria-level=\"1\"><span style=\"font-weight: 400;\">\u201cEl Carnaval juje\u00f1o, una celebraci\u00f3n ancestral para bailar y agradecer\u201d. Recuperado de www.infonews.com\/nota\/8343\/el-carnaval-jujeno-una-celebracion-ancestral\u201cRueda de comadres\u201d. Recuperado de <\/span><span style=\"font-weight: 400;\">www.pagina12.com.ar\/diario\/suplementos\/las12\/13-5496-2010-02-11.html<\/span><\/li>\n<li style=\"font-weight: 400;\" aria-level=\"1\"><span style=\"font-weight: 400;\">\u201cEl d\u00eda de las Comadres\u201d (documental). Recuperado de vimeo.com<\/span><\/li>\n<li style=\"font-weight: 400;\" aria-level=\"1\"><span style=\"font-weight: 400;\">\u201cCarnaval\u201d. Recuperado de es.wikipedia.org\/wiki\/Carnaval<\/span><\/li>\n<li style=\"font-weight: 400;\" aria-level=\"1\"><span style=\"font-weight: 400;\">\u201c\u00cdntima, Mary Tapia\u201d. Relatos sobre su vida, obra y legado. Recuperado de museodeltraje.cultura.gob.ar\/exhibicion\/intima-mary-tapia-relatos-sobre-su-vida-obra-y-legado\/<\/span><\/li>\n<li style=\"font-weight: 400;\" aria-level=\"1\"><span style=\"font-weight: 400;\">\u201cMary Tapia: Pachamama Pret-A-Porter\u201d. Recuperado de www.lalalanews.com.ar\/mundo\/mary-tapia&#8211;pachamama-pret-a-porter_n7806<\/span><\/li>\n<li style=\"font-weight: 400;\" aria-level=\"1\"><\/li>\n<\/ul>\n<\/div><\/div><\/div><\/div><\/div>","protected":false},"excerpt":{"rendered":"<p>Lorem ipsum dolor sit amet, consectetur adipiscing elit. Nam pharetra dictum eleifend. Sed posuere magna at luctus pretium. Aliquam ligula sem, aliquet sit amet nisi ac, dignissim porta ipsum.<\/p>","protected":false},"author":9,"featured_media":5249,"comment_status":"open","ping_status":"open","sticky":false,"template":"","format":"standard","meta":{"_monsterinsights_skip_tracking":false,"_monsterinsights_sitenote_active":false,"_monsterinsights_sitenote_note":"","_monsterinsights_sitenote_category":0,"footnotes":""},"categories":[40],"tags":[93,89,48,92,47,96,88],"class_list":["post-5246","post","type-post","status-publish","format-standard","has-post-thumbnail","hentry","category-blog","tag-disenadores-sostenibles","tag-moda-etica","tag-moda-latina","tag-moda-latinoamericana","tag-moda-sostenible","tag-moda-sustentable","tag-universo-mola"],"_links":{"self":[{"href":"https:\/\/universomola.com\/en\/wp-json\/wp\/v2\/posts\/5246","targetHints":{"allow":["GET"]}}],"collection":[{"href":"https:\/\/universomola.com\/en\/wp-json\/wp\/v2\/posts"}],"about":[{"href":"https:\/\/universomola.com\/en\/wp-json\/wp\/v2\/types\/post"}],"author":[{"embeddable":true,"href":"https:\/\/universomola.com\/en\/wp-json\/wp\/v2\/users\/9"}],"replies":[{"embeddable":true,"href":"https:\/\/universomola.com\/en\/wp-json\/wp\/v2\/comments?post=5246"}],"version-history":[{"count":1,"href":"https:\/\/universomola.com\/en\/wp-json\/wp\/v2\/posts\/5246\/revisions"}],"predecessor-version":[{"id":5250,"href":"https:\/\/universomola.com\/en\/wp-json\/wp\/v2\/posts\/5246\/revisions\/5250"}],"wp:featuredmedia":[{"embeddable":true,"href":"https:\/\/universomola.com\/en\/wp-json\/wp\/v2\/media\/5249"}],"wp:attachment":[{"href":"https:\/\/universomola.com\/en\/wp-json\/wp\/v2\/media?parent=5246"}],"wp:term":[{"taxonomy":"category","embeddable":true,"href":"https:\/\/universomola.com\/en\/wp-json\/wp\/v2\/categories?post=5246"},{"taxonomy":"post_tag","embeddable":true,"href":"https:\/\/universomola.com\/en\/wp-json\/wp\/v2\/tags?post=5246"}],"curies":[{"name":"wp","href":"https:\/\/api.w.org\/{rel}","templated":true}]}}