{"id":5251,"date":"2019-03-06T01:11:08","date_gmt":"2019-03-06T04:11:08","guid":{"rendered":"http:\/\/desarrollosdeprueba.xyz\/universo_mola\/?p=5251"},"modified":"2021-08-08T01:15:22","modified_gmt":"2021-08-08T04:15:22","slug":"la-moda-sostenible-en-brasil","status":"publish","type":"post","link":"https:\/\/universomola.com\/en\/la-moda-sostenible-en-brasil\/","title":{"rendered":"LA MODA SOSTENIBLE EN BRASIL"},"content":{"rendered":"<div class=\"fusion-fullwidth fullwidth-box fusion-builder-row-1 fusion-flex-container nonhundred-percent-fullwidth non-hundred-percent-height-scrolling\" style=\"--awb-border-radius-top-left:0px;--awb-border-radius-top-right:0px;--awb-border-radius-bottom-right:0px;--awb-border-radius-bottom-left:0px;--awb-flex-wrap:wrap;\" ><div class=\"fusion-builder-row fusion-row fusion-flex-align-items-flex-start fusion-flex-content-wrap\" style=\"max-width:1248px;margin-left: calc(-4% \/ 2 );margin-right: calc(-4% \/ 2 );\"><div class=\"fusion-layout-column fusion_builder_column fusion-builder-column-0 fusion_builder_column_1_1 1_1 fusion-flex-column\" style=\"--awb-bg-size:cover;--awb-width-large:100%;--awb-margin-top-large:0px;--awb-spacing-right-large:1.92%;--awb-margin-bottom-large:0px;--awb-spacing-left-large:1.92%;--awb-width-medium:100%;--awb-spacing-right-medium:1.92%;--awb-spacing-left-medium:1.92%;--awb-width-small:100%;--awb-spacing-right-small:1.92%;--awb-spacing-left-small:1.92%;\"><div class=\"fusion-column-wrapper fusion-flex-justify-content-flex-start fusion-content-layout-column\"><div class=\"fusion-text fusion-text-1\"><p><em><span style=\"color: #33cccc;\">Escrito por: Noticias de Universo MOLA<\/span><\/em><\/p>\n<p><span style=\"font-weight: 400;\">Por Gabriela de Laurentis &#8211; Voz del #UniversoMOLA Brasil<\/span><\/p>\n<p><span style=\"font-weight: 400;\">La moda sostenible en Brasil est\u00e1 creciendo, y somos cada vez m\u00e1s adeptos de ese universo. La industria nacional se est\u00e1 percatando de eso, y ve una gran oportunidad. Sobre los textiles que se encuentran en el pa\u00eds, hay telas recicladas con pet (fibra de poli\u00e9ster de las botellas pl\u00e1sticas), de yute, de yute con algod\u00f3n, de ca\u00f1amo, lino, algod\u00f3n org\u00e1nico, etc.<\/span><\/p>\n<p><span style=\"font-weight: 400;\">A moda sustent\u00e1vel no Brasil est\u00e1 crescendo, e somos cada vez mais adeptos desse universo. A ind\u00fastria nacional est\u00e1 se dando conta desse movimento, e enxerga uma grande oportunidade. Sobre os tecidos que s\u00e3o encontrados no pa\u00eds, existem tecidos reciclados com pet, juta, juta com algod\u00e3o, c\u00e2nhamo, linho, algod\u00e3o org\u00e2nico, etc.<\/span><\/p>\n<p><span style=\"font-weight: 400;\">Hay diversas empresas de telas que solo se dedican a textiles sostenibles: org\u00e1nicas y recicladas, o de fibras vegetales de yute, entre otros. A citar algunas en Brasil: Maxitex (ecojeans), Justa Trama (algod\u00f3n org\u00e1nico), Ecosimple (es la gigante, dominante y referencia en Brasil de telas sostenibles), Casulo Feliz, Castanhal (de yute de la Amazonia). Otras adem\u00e1s de sus l\u00edneas convencionales, estan empezando a produzir localmente en el pa\u00eds y oferecer l\u00edneas sostenibles: como Innovativ, G.Vallone,\u00a0 TexPrima, etc. Hay un directorio nacional que mapea esas iniciativas, que es la Ecomaterioteca.<\/span><\/p>\n<p><span style=\"font-weight: 400;\">H\u00e1 diversas empresas t\u00eaxteis que s\u00e3o dedicadas somente aos tecidos sustent\u00e1veis: org\u00e2nico e reciclados, ou fibras vegetais da juta, entre outros. Para citar algumas empresas no Brasil: Maxitex (Ecojeans), Justa Trama (algod\u00e3o org\u00e2nico), EcoSimple (\u00e9 a gigante, dominante e refer\u00eancia no Brasil de tecidos sustent\u00e1veis), Casulo Feliz, Castanhal (da juta da Amaz\u00f4nia). Outros, al\u00e9m de suas linhas convencionais, est\u00e3o come\u00e7ando a produzir localmente e promover linhas sustent\u00e1veis: como Innovativ, G. Vallone, TexPrima, etc. Existe um diret\u00f3rio nacional que mapeia essas iniciativas, que \u00e9 a Ecomaterioteca.<\/span><\/p>\n<p><span style=\"font-weight: 400;\">Desde 2013, la feria m\u00e1s reconocida del mundo sostenible que ocurre casi que mensalmente es la Jardim Secreto en S\u00e3o Paulo, con produtos no solo de moda, pero de marcas hechas a mano, comida, decoraci\u00f3n etc.\u00a0<\/span><\/p>\n<p><span style=\"font-weight: 400;\">URL: &lt;iframe title=\u00bbvimeo-player\u00bb src=\u00bbhttps:\/\/player.vimeo.com\/video\/136651599&#8243; width=\u00bb640&#8243; height=\u00bb360&#8243; frameborder=\u00bb0&#8243; allowfullscreen&gt;&lt;\/iframe&gt;<\/span><span style=\"font-weight: 400;\"><br \/>\n<\/span><span style=\"font-weight: 400;\">Jardim Secreto #8 from Jardim Secreto | Handmade Fair on Vimeo.<\/span><\/p>\n<p><span style=\"font-weight: 400;\">Anualmente ocurre la Green Rio en Rio de Janeiro pero que abarca diversos segmentos de sostenibilidad. Sin embargo en 2018 abri\u00f3 espacio adem\u00e1s para moda sostenible.\u00a0<\/span><\/p>\n<p><span style=\"font-weight: 400;\">Como semana de moda, se destaca la semana de moda sostenible en Brasil, la Brasil Eco Fashion Week (BEFW) en S\u00e3o Paulo. En 2018 fue su segunda edici\u00f3n, cuando se sum\u00f3 la presidente de Fashion Revolution Brasil, Fernanda Simon. Es la referencia de evento nacional del rubro, y oferece showroom com venta de marcas seleccionadas previamente en convocat\u00f3ria, m\u00e1s all\u00e1 de desfiles, talleres, exhibiciones, comida, charlas, etc.\u00a0<\/span><\/p>\n<p><span style=\"font-weight: 400;\">Desde 2013 atuando, a feira mais reconhecida no mundo sustent\u00e1vel que ocorre quase mensalmente \u00e9 o Jardim Secreto em S\u00e3o Paulo; com produtos n\u00e3o s\u00f3 de moda, mas de marcas artesanais, comida, decora\u00e7\u00e3o etc. Todo ano a Green Rio acontece no Rio de Janeiro, mas abrange diversos segmentos de sustentabilidade. No entanto em 2018 abriu espa\u00e7o para a moda sustent\u00e1vel. Como semana de moda, se destaca a semana de moda sustent\u00e1vel no Brasil, a Brasil Eco Fashion Week (BEFW) em S\u00e3o Paulo. Em 2018 foi sua segunda edi\u00e7\u00e3o, quando ingressou \u00e0 dire\u00e7\u00e3o do evento, a presidente da Fashion Revolution Brasil, Fernanda Simon. \u00c9 a refer\u00eancia de evento nacional na \u00e1rea, que conta com showroom com venda de marcas previamente selecionadas em edital do evento, al\u00e9m de desfiles, workshops, exposi\u00e7\u00f5es, comida, palestras, etc.<\/span><\/p>\n<p><span style=\"font-weight: 400;\">SEBRAE hizo su primera convocat\u00f3ria para capacitar empresas de moda sostenible en Rio de Janeiro, en 2017-2018. La idea era capacitar 40 empresas. Cuando lanzaron la convocat\u00f3ria \u201cSEBRAE Moda Sustentavel 2017\/2018\u201d no sab\u00edan si tendr\u00eda marca suficiente para llenar los cupos&#8230; pero \u00a1se anotaron 200 empresas! En 15 meses capacitaron a 40 empresas chicas de moda sostenible gratuitamente, a lo profesional y para que agregaran m\u00e1s pr\u00e1cticas sostenibles. El resultado fue tan positivo que este a\u00f1o abrir\u00e1n la segunda convocatoria para las marcas sostenibles de Rio de Janeiro.<\/span><\/p>\n<p><span style=\"font-weight: 400;\">O SEBRAE fez seu primeiro edital para profissionalizar empresas de moda sustent\u00e1veis no Rio de Janeiro, em 2017-2018. A ideia era capacitar 40 empresas. Quando lan\u00e7aram o edital \u00abSEBRAE Moda Sustent\u00e1vel 2017\/2018\u00bb eles n\u00e3o sabiam se teria marca suficiente para preencher os lugares&#8230; Mas 200 empresas se inscreveram! Durante 15 meses, capacitaram 40 empresas de moda sustent\u00e1vel, profissionalmente e para que adicionassem pr\u00e1ticas mais sustent\u00e1veis aos seus neg\u00f3cios. O resultado foi t\u00e3o positivo que este ano abrir\u00e1 o segundo edital para as marcas sustent\u00e1veis do Rio de Janeiro.<\/span><\/p>\n<p><span style=\"font-weight: 400;\">La semilla de sostenibilidad reci\u00e9n empieza en el pa\u00eds!<\/span><\/p>\n<p><span style=\"font-weight: 400;\">A semente da sustentabilidade acaba de come\u00e7ar no pa\u00eds!<\/span><\/p>\n<p><span style=\"font-weight: 400;\">1\u00a0 https:\/\/www.ecomaterioteca.eco.br\/<\/span><\/p>\n<p><span style=\"font-weight: 400;\">2\u00a0 https:\/\/www.instagram.com\/jd_secreto\/?hl=pt-br<\/span><\/p>\n<p><span style=\"font-weight: 400;\">3 http:\/\/www.greenrio.com.br\/\u00a0<\/span><\/p>\n<p><span style=\"font-weight: 400;\">4\u00a0 http:\/\/befw.com.br\/\u00a0<\/span><\/p>\n<p><span style=\"font-weight: 400;\">5 Servi\u00e7o Brasileiro de Apoio \u00e0s Micro e Pequenas Empresas \/ Servicio Brasile\u00f1o de Apoyo a Micro empresas y Pymes<\/span><\/p>\n<\/div><\/div><\/div><\/div><\/div>","protected":false},"excerpt":{"rendered":"<p>Lorem ipsum dolor sit amet, consectetur adipiscing elit. Nam pharetra dictum eleifend. Sed posuere magna at luctus pretium. Aliquam ligula sem, aliquet sit amet nisi ac, dignissim porta ipsum.<\/p>","protected":false},"author":9,"featured_media":5252,"comment_status":"open","ping_status":"open","sticky":false,"template":"","format":"standard","meta":{"_monsterinsights_skip_tracking":false,"_monsterinsights_sitenote_active":false,"_monsterinsights_sitenote_note":"","_monsterinsights_sitenote_category":0,"footnotes":""},"categories":[40],"tags":[93,89,48,92,47,96,88],"class_list":["post-5251","post","type-post","status-publish","format-standard","has-post-thumbnail","hentry","category-blog","tag-disenadores-sostenibles","tag-moda-etica","tag-moda-latina","tag-moda-latinoamericana","tag-moda-sostenible","tag-moda-sustentable","tag-universo-mola"],"_links":{"self":[{"href":"https:\/\/universomola.com\/en\/wp-json\/wp\/v2\/posts\/5251","targetHints":{"allow":["GET"]}}],"collection":[{"href":"https:\/\/universomola.com\/en\/wp-json\/wp\/v2\/posts"}],"about":[{"href":"https:\/\/universomola.com\/en\/wp-json\/wp\/v2\/types\/post"}],"author":[{"embeddable":true,"href":"https:\/\/universomola.com\/en\/wp-json\/wp\/v2\/users\/9"}],"replies":[{"embeddable":true,"href":"https:\/\/universomola.com\/en\/wp-json\/wp\/v2\/comments?post=5251"}],"version-history":[{"count":1,"href":"https:\/\/universomola.com\/en\/wp-json\/wp\/v2\/posts\/5251\/revisions"}],"predecessor-version":[{"id":5253,"href":"https:\/\/universomola.com\/en\/wp-json\/wp\/v2\/posts\/5251\/revisions\/5253"}],"wp:featuredmedia":[{"embeddable":true,"href":"https:\/\/universomola.com\/en\/wp-json\/wp\/v2\/media\/5252"}],"wp:attachment":[{"href":"https:\/\/universomola.com\/en\/wp-json\/wp\/v2\/media?parent=5251"}],"wp:term":[{"taxonomy":"category","embeddable":true,"href":"https:\/\/universomola.com\/en\/wp-json\/wp\/v2\/categories?post=5251"},{"taxonomy":"post_tag","embeddable":true,"href":"https:\/\/universomola.com\/en\/wp-json\/wp\/v2\/tags?post=5251"}],"curies":[{"name":"wp","href":"https:\/\/api.w.org\/{rel}","templated":true}]}}