{"id":5254,"date":"2019-03-06T01:17:07","date_gmt":"2019-03-06T04:17:07","guid":{"rendered":"http:\/\/desarrollosdeprueba.xyz\/universo_mola\/?p=5254"},"modified":"2021-08-08T01:27:06","modified_gmt":"2021-08-08T04:27:06","slug":"la-presencia-de-la-mujer-en-3-marcas-de-moda-chilenas","status":"publish","type":"post","link":"https:\/\/universomola.com\/en\/la-presencia-de-la-mujer-en-3-marcas-de-moda-chilenas\/","title":{"rendered":"LA PRESENCIA DE LA MUJER EN 3 MARCAS DE MODA CHILENAS"},"content":{"rendered":"<div class=\"fusion-fullwidth fullwidth-box fusion-builder-row-1 fusion-flex-container nonhundred-percent-fullwidth non-hundred-percent-height-scrolling\" style=\"--awb-border-radius-top-left:0px;--awb-border-radius-top-right:0px;--awb-border-radius-bottom-right:0px;--awb-border-radius-bottom-left:0px;--awb-flex-wrap:wrap;\" ><div class=\"fusion-builder-row fusion-row fusion-flex-align-items-flex-start fusion-flex-content-wrap\" style=\"max-width:1248px;margin-left: calc(-4% \/ 2 );margin-right: calc(-4% \/ 2 );\"><div class=\"fusion-layout-column fusion_builder_column fusion-builder-column-0 fusion_builder_column_1_1 1_1 fusion-flex-column\" style=\"--awb-bg-size:cover;--awb-width-large:100%;--awb-margin-top-large:0px;--awb-spacing-right-large:1.92%;--awb-margin-bottom-large:0px;--awb-spacing-left-large:1.92%;--awb-width-medium:100%;--awb-spacing-right-medium:1.92%;--awb-spacing-left-medium:1.92%;--awb-width-small:100%;--awb-spacing-right-small:1.92%;--awb-spacing-left-small:1.92%;\"><div class=\"fusion-column-wrapper fusion-flex-justify-content-flex-start fusion-content-layout-column\"><div class=\"fusion-text fusion-text-1\"><p><em><span style=\"color: #33cccc;\">Escrito por: Noticias de Universo MOLA<\/span><\/em><\/p>\n<p><span style=\"font-weight: 400; color: #999999;\">Por Tamara Tenreiro, Camilo Orellana, Victoria Cer\u00f3n y Maricet Cadalso &#8211; Voces del #UniversoMOLA Chile<\/span><\/p>\n<p><b>Existen diversas marcas de moda \u00e9tica y sostenible que representan a Chile desde hace ya varios a\u00f1os<\/b><span style=\"font-weight: 400;\">. Algunas lideradas por hombres, otras por parejas y socios\u2026 pero creemos que <\/span><b>las que tienen una gu\u00eda femenina al frente llevan por naturalidad una especie de emociones y causas que las hacen especiales.<\/b><\/p>\n<p><span style=\"font-weight: 400;\">En este art\u00edculo mencionaremos tres de ellas que representan perfectamente la sostenibilidad en la moda a partir de sus tres pilares fundamentales, donde el factor com\u00fan entre ellas es contar con mujeres al frente de su desarrollo.\u00a0<\/span><\/p>\n<p><span style=\"color: #d41e1e;\"><b>Moda \u00c9tica:\u00a0<\/b><\/span><\/p>\n<p><span style=\"font-weight: 400;\">Comenzaremos mencionando a <\/span><span style=\"color: #33cccc;\"><b>Minka<\/b><\/span><span style=\"font-weight: 400;\"><span style=\"color: #33cccc;\">,<\/span> palabra proveniente del quechua Minga, representando la tradici\u00f3n del trabajo colectivo con un fin social. <\/span><b>Fundada por dos hermanas emprendedoras<\/b><span style=\"font-weight: 400;\"> (Ignacia y Andrea Nu\u00f1ez) comprometidas con el trabajo con sentido.<\/span><\/p>\n<p><span style=\"font-weight: 400;\">El valor social como marca es evidenciado a trav\u00e9s del trabajo en <\/span><b>talleres de mujeres artesanas internas del Centro Penitenciario Femenino de San Joaqu\u00edn<\/b><span style=\"font-weight: 400;\">, mujeres emprendedoras en la comuna de Estaci\u00f3n Central y mujeres que han salido libres de la c\u00e1rcel en un taller pos penitenciario; que se dedican a la <\/span><b>creaci\u00f3n de accesorios con retazos industriales \u00fatiles.<\/b><span style=\"font-weight: 400;\"> De esta manera estamos ante una marca que cumple con mas de un fundamento: <\/span><b>adem\u00e1s de \u00e9tica, mantienen la sostenibilidad a trav\u00e9s de la reutilizaci\u00f3n.<\/b><span style=\"font-weight: 400;\">\u00a0<\/span><\/p>\n<p><span style=\"font-weight: 400;\">Una de las caracter\u00edsticas que m\u00e1s nos llam\u00f3 a la atenci\u00f3n durante el estudio en tienda fue la firma de cada artesana en cada articulo realizado. Esto demuestra el total respeto hacia sus trabajadoras, desde un pago justo hasta el reconocimiento ante la consumidora: <\/span><b>valorizando as\u00ed el trabajo hecho a mano.<\/b><\/p>\n<p><span style=\"font-weight: 400;\">Dentro de sus proyecciones para futuro inmediato se encuentran las siguientes premisas:<\/span><\/p>\n<ul>\n<li style=\"font-weight: 400;\" aria-level=\"1\"><span style=\"font-weight: 400;\">Brindar empleo de calidad a mujeres vulnerables<\/span><\/li>\n<li style=\"font-weight: 400;\" aria-level=\"1\"><span style=\"font-weight: 400;\">Ser una marca de moda de impacto social<\/span><\/li>\n<li style=\"font-weight: 400;\" aria-level=\"1\"><span style=\"font-weight: 400;\">Garantizar la constante capacitaci\u00f3n de sus artesanas.<\/span><\/li>\n<li style=\"font-weight: 400;\" aria-level=\"1\"><span style=\"font-weight: 400;\">Promover la reinserci\u00f3n laboral<\/span><\/li>\n<\/ul>\n<p><span style=\"font-weight: 400;\">\u00a0<\/span><img decoding=\"async\" class=\"alignnone size-full wp-image-5255 lazyload\" data-src=\"http:\/\/desarrollosdeprueba.xyz\/universo_mola\/wp-content\/uploads\/2021\/08\/Captura98.png\" alt=\"\" width=\"489\" height=\"361\" data-srcset=\"https:\/\/universomola.com\/wp-content\/uploads\/2021\/08\/Captura98-200x148.png 200w, https:\/\/universomola.com\/wp-content\/uploads\/2021\/08\/Captura98-300x221.png 300w, https:\/\/universomola.com\/wp-content\/uploads\/2021\/08\/Captura98-400x295.png 400w, https:\/\/universomola.com\/wp-content\/uploads\/2021\/08\/Captura98.png 489w\" data-sizes=\"(max-width: 489px) 100vw, 489px\" src=\"data:image\/svg+xml;base64,PHN2ZyB3aWR0aD0iMSIgaGVpZ2h0PSIxIiB4bWxucz0iaHR0cDovL3d3dy53My5vcmcvMjAwMC9zdmciPjwvc3ZnPg==\" style=\"--smush-placeholder-width: 489px; --smush-placeholder-aspect-ratio: 489\/361;\" \/><\/p>\n<p><img decoding=\"async\" class=\"alignnone size-full wp-image-5256 lazyload\" data-src=\"http:\/\/desarrollosdeprueba.xyz\/universo_mola\/wp-content\/uploads\/2021\/08\/Captura99.png\" alt=\"\" width=\"478\" height=\"358\" data-srcset=\"https:\/\/universomola.com\/wp-content\/uploads\/2021\/08\/Captura99-200x150.png 200w, https:\/\/universomola.com\/wp-content\/uploads\/2021\/08\/Captura99-300x225.png 300w, https:\/\/universomola.com\/wp-content\/uploads\/2021\/08\/Captura99-400x300.png 400w, https:\/\/universomola.com\/wp-content\/uploads\/2021\/08\/Captura99.png 478w\" data-sizes=\"(max-width: 478px) 100vw, 478px\" src=\"data:image\/svg+xml;base64,PHN2ZyB3aWR0aD0iMSIgaGVpZ2h0PSIxIiB4bWxucz0iaHR0cDovL3d3dy53My5vcmcvMjAwMC9zdmciPjwvc3ZnPg==\" style=\"--smush-placeholder-width: 478px; --smush-placeholder-aspect-ratio: 478\/358;\" \/><\/p>\n<p><span style=\"color: #d41e1e;\"><b>Moda cruelty free:<\/b><\/span><\/p>\n<p><span style=\"font-weight: 400;\">Dentro de este principio se encuentra una marca muy destacada por el uso de un material alternativo al cuero animal. Se trata de <\/span><a href=\"https:\/\/www.instagram.com\/manavai.cl\/\"><b>Manavai<\/b><\/a><b>.<\/b><span style=\"font-weight: 400;\"> Su fundadora Catalina Desormeaux, tiene como objetivos de marca <\/span><span style=\"font-weight: 400;\">presentar una propuesta de dise\u00f1o de <\/span><b>calzado sustentable<\/b><span style=\"font-weight: 400;\">, utilizando materiales nobles, entregando un mensaje al mundo, bas\u00e1ndose en la sustentabilidad y apoyando en lo social a <\/span><b>peque\u00f1as comunidades a nivel mundial y local<\/b><span style=\"font-weight: 400;\">.<\/span><\/p>\n<p><span style=\"font-weight: 400;\">B\u00e1sicamente trabajan con el <\/span><b>pi\u00f1atex<\/b><span style=\"font-weight: 400;\"> (tejido en base de hojas de pi\u00f1a), que complementan con materiales nobles como la madera y piedras preciosas.<\/span><\/p>\n<p><span style=\"font-weight: 400;\">Representan los siguientes valores:<\/span><\/p>\n<ul>\n<li style=\"font-weight: 400;\" aria-level=\"1\"><span style=\"font-weight: 400;\">slow fashion<\/span><\/li>\n<li style=\"font-weight: 400;\" aria-level=\"1\"><span style=\"font-weight: 400;\">sustentabilidad<\/span><\/li>\n<li style=\"font-weight: 400;\" aria-level=\"1\"><span style=\"font-weight: 400;\">natural<\/span><\/li>\n<li style=\"font-weight: 400;\" aria-level=\"1\"><span style=\"font-weight: 400;\">bajo impacto ambiental<\/span><\/li>\n<li style=\"font-weight: 400;\" aria-level=\"1\"><span style=\"font-weight: 400;\">cruelty free<\/span><\/li>\n<\/ul>\n<p><img decoding=\"async\" class=\"alignnone size-full wp-image-5257 lazyload\" data-src=\"http:\/\/desarrollosdeprueba.xyz\/universo_mola\/wp-content\/uploads\/2021\/08\/Captura100.png\" alt=\"\" width=\"626\" height=\"417\" data-srcset=\"https:\/\/universomola.com\/wp-content\/uploads\/2021\/08\/Captura100-200x133.png 200w, https:\/\/universomola.com\/wp-content\/uploads\/2021\/08\/Captura100-300x200.png 300w, https:\/\/universomola.com\/wp-content\/uploads\/2021\/08\/Captura100-400x266.png 400w, https:\/\/universomola.com\/wp-content\/uploads\/2021\/08\/Captura100-500x333.png 500w, https:\/\/universomola.com\/wp-content\/uploads\/2021\/08\/Captura100-600x400.png 600w, https:\/\/universomola.com\/wp-content\/uploads\/2021\/08\/Captura100.png 626w\" data-sizes=\"(max-width: 626px) 100vw, 626px\" src=\"data:image\/svg+xml;base64,PHN2ZyB3aWR0aD0iMSIgaGVpZ2h0PSIxIiB4bWxucz0iaHR0cDovL3d3dy53My5vcmcvMjAwMC9zdmciPjwvc3ZnPg==\" style=\"--smush-placeholder-width: 626px; --smush-placeholder-aspect-ratio: 626\/417;\" \/><\/p>\n<p><span style=\"font-weight: 400;\">\"<\/span><i><span style=\"font-weight: 400;\">Con respecto a proyecci\u00f3n, luego de haber estado en el Vegan Fashion Week en Los \u00c1ngeles, estaremos agrandando la plataforma llegando a m\u00e1s clientas en todo mundo as\u00ed que ese vendr\u00eda siendo el mayor desaf\u00edo ya que nuestra mayor audiencia est\u00e1 fuera de Chile\u00bb<\/span><\/i><span style=\"font-weight: 400;\">, nos comenta su<\/span><b> joven fundadora<\/b><span style=\"font-weight: 400;\">. <\/span><i><span style=\"font-weight: 400;\">\u00abEste 2019 estamos cambiando un poco el modelo de negocio, la idea es <\/span><\/i><b><i>evitar stock muerto<\/i><\/b><i><span style=\"font-weight: 400;\"> a finales de cada temporada cosa de poder evitar p\u00e9rdida de material y de mano de obra, por lo que trabajaremos en un <\/span><\/i><b><i>sistema m\u00e1s sustentable de hecho a pedido<\/i><\/b><i><span style=\"font-weight: 400;\">, al menos para empezar con las nuevas colecciones e ir produciendo lo que se va requiriendo. A la vez tambi\u00e9n estamos ampliando la l\u00ednea e <\/span><\/i><b><i>integrando peque\u00f1as colecciones de vestuario<\/i><\/b><i><span style=\"font-weight: 400;\"> en telas naturales como fibra de naranja y telas recicladas de poli\u00e9ster. La idea es poder armar un look completo Manavai y darle a nuestras clientas la opci\u00f3n de poder tener moda sustentable no solo para los pies si no para armar todo el outfit.\u00bb<\/span><\/i><\/p>\n<p><span style=\"color: #d41e1e;\"><b>Moda Consciente con el medio Ambiente:<\/b><\/span><\/p>\n<p><span style=\"font-weight: 400;\">La siguiente marca chilena trata de <\/span><b>c\u00f3mo una familia rescata las t\u00e9cnicas aprendidas de generaciones anteriores y las transforma en una propuesta innovadora<\/b><span style=\"font-weight: 400;\"> y muy acorde a nuestra actualidad.<\/span><\/p>\n<p><span style=\"font-weight: 400;\">\u00abHa sido nuestro pilar fundacional la bisabuela \u00a8OMA\u00a8. <\/span><b>Queremos ser reflejo de mujeres que aportan a la sociedad<\/b><span style=\"font-weight: 400;\"> desde el dise\u00f1o y la creatividad de una forma arm\u00f3nica y sustentable\u00bb, nos comenta una de sus fundadoras.<\/span><\/p>\n<p><span style=\"font-weight: 400;\">As\u00ed nace <\/span><b><span style=\"color: #33cccc;\">JOYA PLASTICA<\/span><\/b><span style=\"font-weight: 400;\"><span style=\"color: #33cccc;\">.<\/span> Una <\/span><b>empresa familiar que produce y vende joyas<\/b><span style=\"font-weight: 400;\"> con dise\u00f1os \u00fanicos hechos a mano, utilizando las bolsas pl\u00e1sticas como materia prima. Este <\/span><b>proyecto de madre<\/b><span style=\"font-weight: 400;\"> (Mar\u00eda P\u00eda)<\/span><b> e hijas<\/b><span style=\"font-weight: 400;\"> (P\u00eda, Constanza y Macarena) une todo lo que so\u00f1aron alguna vez como familia, poder compartir juntas todos sus logros, y divertirse. Cada una desempe\u00f1a un rol fundamental en la cadena de producci\u00f3n de la empresa, <\/span><b>generando empleos en la econom\u00eda local y aportando, como ellas lo afirman: \u00absu granito de arena al mundo\u00bb.<\/b><\/p>\n<p><span style=\"font-weight: 400;\">Utilizan t\u00e9cnicas de tejido, corte y termo fusi\u00f3n, logrando transformar los desechos en materia prima. Las bolsas mantienen sus colores, no se pintan ni se intervienen; sin embargo, la mezcla de gr\u00e1ficas y tonalidades que se producen con la aplicaci\u00f3n del calor, genera un infinito mundo de posibilidades creativas.<\/span><\/p>\n<p><span style=\"font-weight: 400;\">\u00abUtilizamos herrajes de plata para cada uno de nuestros dise\u00f1os; y esa conjugaci\u00f3n de bolsa pl\u00e1stica transformada con la nobleza de la plata genera un producto que sorprende y encanta\u00bb.<\/span><\/p>\n<p><span style=\"font-weight: 400;\">Definitivamente, esta marca ha logrado posicionarse en Chile como una de las favoritas. Hoy d\u00eda han ampliado sus talleres y pueden encontrarse en ferias, tiendas y pop up stores. Nos cuentan que sus proyecciones 2019 son ampliar sus puntos de venta f\u00edsicos y crear un showroom propio en el taller.<\/span><\/p>\n<p><img decoding=\"async\" class=\"alignnone size-full wp-image-5258 lazyload\" data-src=\"http:\/\/desarrollosdeprueba.xyz\/universo_mola\/wp-content\/uploads\/2021\/08\/Captura101.png\" alt=\"\" width=\"625\" height=\"402\" data-srcset=\"https:\/\/universomola.com\/wp-content\/uploads\/2021\/08\/Captura101-200x129.png 200w, https:\/\/universomola.com\/wp-content\/uploads\/2021\/08\/Captura101-300x193.png 300w, https:\/\/universomola.com\/wp-content\/uploads\/2021\/08\/Captura101-400x257.png 400w, https:\/\/universomola.com\/wp-content\/uploads\/2021\/08\/Captura101-460x295.png 460w, https:\/\/universomola.com\/wp-content\/uploads\/2021\/08\/Captura101-500x322.png 500w, https:\/\/universomola.com\/wp-content\/uploads\/2021\/08\/Captura101-600x386.png 600w, https:\/\/universomola.com\/wp-content\/uploads\/2021\/08\/Captura101.png 625w\" data-sizes=\"(max-width: 625px) 100vw, 625px\" src=\"data:image\/svg+xml;base64,PHN2ZyB3aWR0aD0iMSIgaGVpZ2h0PSIxIiB4bWxucz0iaHR0cDovL3d3dy53My5vcmcvMjAwMC9zdmciPjwvc3ZnPg==\" style=\"--smush-placeholder-width: 625px; --smush-placeholder-aspect-ratio: 625\/402;\" \/><\/p>\n<p><b>Estas tres marcas estudiadas son representantes de marcas dirigidas por mujeres, que siguen trabajando para empoderar, a todas las consumidoras que hoy d\u00eda est\u00e1n prefiriendo lucir una moda con sentido.<\/b><\/p>\n<\/div><\/div><\/div><\/div><\/div>","protected":false},"excerpt":{"rendered":"<p>Lorem ipsum dolor sit amet, consectetur adipiscing elit. Nam pharetra dictum eleifend. Sed posuere magna at luctus pretium. Aliquam ligula sem, aliquet sit amet nisi ac, dignissim porta ipsum.<\/p>","protected":false},"author":9,"featured_media":5259,"comment_status":"open","ping_status":"open","sticky":false,"template":"","format":"standard","meta":{"_monsterinsights_skip_tracking":false,"_monsterinsights_sitenote_active":false,"_monsterinsights_sitenote_note":"","_monsterinsights_sitenote_category":0,"footnotes":""},"categories":[40],"tags":[93,89,48,92,47,96,88],"class_list":["post-5254","post","type-post","status-publish","format-standard","has-post-thumbnail","hentry","category-blog","tag-disenadores-sostenibles","tag-moda-etica","tag-moda-latina","tag-moda-latinoamericana","tag-moda-sostenible","tag-moda-sustentable","tag-universo-mola"],"_links":{"self":[{"href":"https:\/\/universomola.com\/en\/wp-json\/wp\/v2\/posts\/5254","targetHints":{"allow":["GET"]}}],"collection":[{"href":"https:\/\/universomola.com\/en\/wp-json\/wp\/v2\/posts"}],"about":[{"href":"https:\/\/universomola.com\/en\/wp-json\/wp\/v2\/types\/post"}],"author":[{"embeddable":true,"href":"https:\/\/universomola.com\/en\/wp-json\/wp\/v2\/users\/9"}],"replies":[{"embeddable":true,"href":"https:\/\/universomola.com\/en\/wp-json\/wp\/v2\/comments?post=5254"}],"version-history":[{"count":1,"href":"https:\/\/universomola.com\/en\/wp-json\/wp\/v2\/posts\/5254\/revisions"}],"predecessor-version":[{"id":5260,"href":"https:\/\/universomola.com\/en\/wp-json\/wp\/v2\/posts\/5254\/revisions\/5260"}],"wp:featuredmedia":[{"embeddable":true,"href":"https:\/\/universomola.com\/en\/wp-json\/wp\/v2\/media\/5259"}],"wp:attachment":[{"href":"https:\/\/universomola.com\/en\/wp-json\/wp\/v2\/media?parent=5254"}],"wp:term":[{"taxonomy":"category","embeddable":true,"href":"https:\/\/universomola.com\/en\/wp-json\/wp\/v2\/categories?post=5254"},{"taxonomy":"post_tag","embeddable":true,"href":"https:\/\/universomola.com\/en\/wp-json\/wp\/v2\/tags?post=5254"}],"curies":[{"name":"wp","href":"https:\/\/api.w.org\/{rel}","templated":true}]}}