{"id":5261,"date":"2019-03-11T02:27:52","date_gmt":"2019-03-11T05:27:52","guid":{"rendered":"http:\/\/desarrollosdeprueba.xyz\/universo_mola\/?p=5261"},"modified":"2021-08-08T01:30:53","modified_gmt":"2021-08-08T04:30:53","slug":"conmemoremos-el-mes-de-la-mujer-trabajadora-consciente-y-sostenible","status":"publish","type":"post","link":"https:\/\/universomola.com\/en\/conmemoremos-el-mes-de-la-mujer-trabajadora-consciente-y-sostenible\/","title":{"rendered":"CONMEMOREMOS EL MES DE LA MUJER TRABAJADORA CONSCIENTE Y SOSTENIBLE"},"content":{"rendered":"<div class=\"fusion-fullwidth fullwidth-box fusion-builder-row-1 fusion-flex-container nonhundred-percent-fullwidth non-hundred-percent-height-scrolling\" style=\"--awb-border-radius-top-left:0px;--awb-border-radius-top-right:0px;--awb-border-radius-bottom-right:0px;--awb-border-radius-bottom-left:0px;--awb-flex-wrap:wrap;\" ><div class=\"fusion-builder-row fusion-row fusion-flex-align-items-flex-start fusion-flex-content-wrap\" style=\"max-width:1248px;margin-left: calc(-4% \/ 2 );margin-right: calc(-4% \/ 2 );\"><div class=\"fusion-layout-column fusion_builder_column fusion-builder-column-0 fusion_builder_column_1_1 1_1 fusion-flex-column\" style=\"--awb-bg-size:cover;--awb-width-large:100%;--awb-margin-top-large:0px;--awb-spacing-right-large:1.92%;--awb-margin-bottom-large:0px;--awb-spacing-left-large:1.92%;--awb-width-medium:100%;--awb-spacing-right-medium:1.92%;--awb-spacing-left-medium:1.92%;--awb-width-small:100%;--awb-spacing-right-small:1.92%;--awb-spacing-left-small:1.92%;\"><div class=\"fusion-column-wrapper fusion-flex-justify-content-flex-start fusion-content-layout-column\"><div class=\"fusion-text fusion-text-1\"><p><em><span style=\"color: #33cccc;\">Escrito por: Noticias de Universo MOLA<\/span><\/em><\/p>\n<p><span style=\"font-weight: 400;\">Por Lina Bermeo, Melisa Moreu, Camila Hermida, Diana Avellaneda, Angela Sarmiento, Catalina Nore\u00f1a y M\u00f3nica Escobar &#8211; Voces del #UniversoMOLA Colombia<\/span><\/p>\n<p><span style=\"font-weight: 400;\">El 8 de Marzo\u00a0 d\u00eda internacional, en el que conmemoramos historias de lucha, entrega y crecimiento para el g\u00e9nero femenino como construcci\u00f3n personal y colectiva; el g\u00e9nero femenino en toda su extensi\u00f3n sin distinci\u00f3n de credo, raza, sexo, convicci\u00f3n;\u00a0 g\u00e9nero que por d\u00e9cadas ha alzado su voz para reclamar desde sus derechos m\u00e1s fundamentales hasta igualdad y participaci\u00f3n activa en una sociedad que les ha mantenido al margen de las decisiones y resoluciones en varios espacios.\u00a0<\/span><\/p>\n<p><span style=\"font-weight: 400;\">Quienes hacen parte de toda la cadena de valor de la industria textil y de confecci\u00f3n en ocasiones se desentienden de los sucesos\u00a0 fr\u00edvolos y esclavistas, con pocos sentidos antropol\u00f3gicos y sociales que envuelven a la moda, este \u00e1mbito no ha sido la excepci\u00f3n en tema de luchas feministas, ya han transcurrido 108 a\u00f1os del incendio en la f\u00e1brica textil Triangle Waist Co. de Nueva York el 25 de marzo de 1911 la cual represent\u00f3 hasta ese momento la mayor tragedia en la industria textil, fallecieron alrededor 146 personas de ellas 123 mujeres y la mayor\u00eda migrantes de Europa,\u00a0 le sigui\u00f3 la tragedia del\u00a0 24 de abril de 2013 durante el colapso del edificio Rana Plaza, suceso que removi\u00f3\u00a0 de nuevo el coraz\u00f3n\u00a0 de la moda;\u00a0 m\u00e1s de 1.000 personas perdieron la vida y m\u00e1s de 2.000 resultaron heridas en Bangladesh , all\u00ed donde se confeccionan la gran mayor\u00eda de prendas de moda r\u00e1pida que se consumen en el mundo y donde se gestan factores de inequidad, injusticia laboral y esclavitud en torno a esta industria impulsada por mujeres.<\/span><\/p>\n<p><span style=\"font-weight: 400;\">Algunos datos exactos nos demuestran que en la industria Textil y de Confecci\u00f3n se emplean a 1 de cada 6 personas en el mundo, y que el 80% son mujeres,\u00a0 Asia es el continente que concentra el 60% de maquilas que manufacturan para las grandes marcas internacionales; quienes llegan a tercerizar all\u00ed sus procesos aprovechando las bajas condiciones de sindicalizaci\u00f3n, salarios irrisorios y no regulados por las autoridades. Algunas marcas a pesar de sus discursos de responsabilidad social y sostenibilidad, no invierten\u00a0 como deber\u00edan un gran\u00a0 porcentaje de sus millonarias ventas alrededor del mundo, a generar espacios laborales equitativos, justos, responsables y dignos\u00a0 para quienes est\u00e1n sentadas detr\u00e1s de sus m\u00e1quinas y a\u00fan no lo hacen.<\/span><\/p>\n<p><img decoding=\"async\" class=\"alignnone size-full wp-image-5262 lazyload\" data-src=\"http:\/\/desarrollosdeprueba.xyz\/universo_mola\/wp-content\/uploads\/2021\/08\/Captura102.png\" alt=\"\" width=\"626\" height=\"413\" data-srcset=\"https:\/\/universomola.com\/wp-content\/uploads\/2021\/08\/Captura102-200x132.png 200w, https:\/\/universomola.com\/wp-content\/uploads\/2021\/08\/Captura102-300x198.png 300w, https:\/\/universomola.com\/wp-content\/uploads\/2021\/08\/Captura102-400x264.png 400w, https:\/\/universomola.com\/wp-content\/uploads\/2021\/08\/Captura102-500x330.png 500w, https:\/\/universomola.com\/wp-content\/uploads\/2021\/08\/Captura102-600x396.png 600w, https:\/\/universomola.com\/wp-content\/uploads\/2021\/08\/Captura102.png 626w\" data-sizes=\"(max-width: 626px) 100vw, 626px\" src=\"data:image\/svg+xml;base64,PHN2ZyB3aWR0aD0iMSIgaGVpZ2h0PSIxIiB4bWxucz0iaHR0cDovL3d3dy53My5vcmcvMjAwMC9zdmciPjwvc3ZnPg==\" style=\"--smush-placeholder-width: 626px; --smush-placeholder-aspect-ratio: 626\/413;\" \/><\/p>\n<p><span style=\"font-weight: 400;\">En el a\u00f1o 2018 el movimiento 8M convocado a trav\u00e9s de redes sociales, por organizaciones feministas y aliados de la lucha\u00a0 de los derechos de las mujeres en el que se adhirieron colectivos, agrupaciones y mujeres de m\u00e1s de 170 pa\u00edses , alzando la voz al un\u00edsono en pro de los derechos femeninos, este fue un escenario propicio para que las trabajadoras y textileras salieran a marchar en contra del acoso en las f\u00e1bricas, la discriminaci\u00f3n, la inequidad de salarios, la contrataci\u00f3n informal, las condiciones indignas, aprovecharon para llamar la atenci\u00f3n de grandes industrias y marcas para que regulen sus pr\u00e1cticas y a los consumidores a que se sumen a sus manifestaciones por igualdad de derechos y apoyen mediante sus compras aquellas que cumplan con certificaciones de comercio justo y respeto laboral.<\/span><\/p>\n<p><span style=\"font-weight: 400;\">Tanto las marcas como los consumidores necesitan reevaluar la importancia de las historias que cuentan las prendas.<\/span><\/p>\n<p><span style=\"font-weight: 400;\">El impacto negativo ambiental y social est\u00e1 siendo muy alto para el planeta, la sociedad que se ven afectados de manera acelerada.<\/span><\/p>\n<p><span style=\"font-weight: 400;\">Las mujeres como ser \u00fanico o tambi\u00e9n como parte de un colectivo fortalecido, gracias a todas estas manifestaciones hist\u00f3ricas que les anteceden, tienen ahora la oportunidad y la responsabilidad de mirar hacia adentro , de ser quienes quieran ser, preguntarse qu\u00e9 y porque usar, de indagar, escoger e interiorizar para conectarse con su entorno;\u00a0 es ahora cuando tienen\u00a0 el poder y la decisi\u00f3n de ser m\u00e1s conscientes y desde esa conciencia aportar con sus decisiones de compra, y uso. El apoyo debe ser decidido hacia las otras mujeres que tejen y entretejen no solo las prendas que usamos si no la sociedad que les ha visto luchar y crecer.<\/span><\/p>\n<p><span style=\"font-weight: 400;\">Mujeres a seguir tejiendo sociedad, conciencia, sostenibilidad, decidir y decir #NoFastFashion preguntarse #Qui\u00e9nHizoMiRopa son los principios b\u00e1sicos para llegar a una #ModaSostenible consiente y equilibrada.<\/span><\/p>\n<\/div><\/div><\/div><\/div><\/div>","protected":false},"excerpt":{"rendered":"<p>Lorem ipsum dolor sit amet, consectetur adipiscing elit. Nam pharetra dictum eleifend. Sed posuere magna at luctus pretium. Aliquam ligula sem, aliquet sit amet nisi ac, dignissim porta ipsum.<\/p>","protected":false},"author":9,"featured_media":5263,"comment_status":"open","ping_status":"open","sticky":false,"template":"","format":"standard","meta":{"_monsterinsights_skip_tracking":false,"_monsterinsights_sitenote_active":false,"_monsterinsights_sitenote_note":"","_monsterinsights_sitenote_category":0,"footnotes":""},"categories":[40],"tags":[93,89,48,92,47,96,88],"class_list":["post-5261","post","type-post","status-publish","format-standard","has-post-thumbnail","hentry","category-blog","tag-disenadores-sostenibles","tag-moda-etica","tag-moda-latina","tag-moda-latinoamericana","tag-moda-sostenible","tag-moda-sustentable","tag-universo-mola"],"_links":{"self":[{"href":"https:\/\/universomola.com\/en\/wp-json\/wp\/v2\/posts\/5261","targetHints":{"allow":["GET"]}}],"collection":[{"href":"https:\/\/universomola.com\/en\/wp-json\/wp\/v2\/posts"}],"about":[{"href":"https:\/\/universomola.com\/en\/wp-json\/wp\/v2\/types\/post"}],"author":[{"embeddable":true,"href":"https:\/\/universomola.com\/en\/wp-json\/wp\/v2\/users\/9"}],"replies":[{"embeddable":true,"href":"https:\/\/universomola.com\/en\/wp-json\/wp\/v2\/comments?post=5261"}],"version-history":[{"count":1,"href":"https:\/\/universomola.com\/en\/wp-json\/wp\/v2\/posts\/5261\/revisions"}],"predecessor-version":[{"id":5264,"href":"https:\/\/universomola.com\/en\/wp-json\/wp\/v2\/posts\/5261\/revisions\/5264"}],"wp:featuredmedia":[{"embeddable":true,"href":"https:\/\/universomola.com\/en\/wp-json\/wp\/v2\/media\/5263"}],"wp:attachment":[{"href":"https:\/\/universomola.com\/en\/wp-json\/wp\/v2\/media?parent=5261"}],"wp:term":[{"taxonomy":"category","embeddable":true,"href":"https:\/\/universomola.com\/en\/wp-json\/wp\/v2\/categories?post=5261"},{"taxonomy":"post_tag","embeddable":true,"href":"https:\/\/universomola.com\/en\/wp-json\/wp\/v2\/tags?post=5261"}],"curies":[{"name":"wp","href":"https:\/\/api.w.org\/{rel}","templated":true}]}}