{"id":5265,"date":"2019-03-11T01:32:38","date_gmt":"2019-03-11T04:32:38","guid":{"rendered":"http:\/\/desarrollosdeprueba.xyz\/universo_mola\/?p=5265"},"modified":"2021-08-08T01:35:06","modified_gmt":"2021-08-08T04:35:06","slug":"ecuador-pais-que-apuesta-por-el-reciclaje-textil","status":"publish","type":"post","link":"https:\/\/universomola.com\/en\/ecuador-pais-que-apuesta-por-el-reciclaje-textil\/","title":{"rendered":"ECUADOR, PA\u00cdS QUE APUESTA POR EL RECICLAJE TEXTIL"},"content":{"rendered":"<div class=\"fusion-fullwidth fullwidth-box fusion-builder-row-1 fusion-flex-container nonhundred-percent-fullwidth non-hundred-percent-height-scrolling\" style=\"--awb-border-radius-top-left:0px;--awb-border-radius-top-right:0px;--awb-border-radius-bottom-right:0px;--awb-border-radius-bottom-left:0px;--awb-flex-wrap:wrap;\" ><div class=\"fusion-builder-row fusion-row fusion-flex-align-items-flex-start fusion-flex-content-wrap\" style=\"max-width:1248px;margin-left: calc(-4% \/ 2 );margin-right: calc(-4% \/ 2 );\"><div class=\"fusion-layout-column fusion_builder_column fusion-builder-column-0 fusion_builder_column_1_1 1_1 fusion-flex-column\" style=\"--awb-bg-size:cover;--awb-width-large:100%;--awb-margin-top-large:0px;--awb-spacing-right-large:1.92%;--awb-margin-bottom-large:0px;--awb-spacing-left-large:1.92%;--awb-width-medium:100%;--awb-spacing-right-medium:1.92%;--awb-spacing-left-medium:1.92%;--awb-width-small:100%;--awb-spacing-right-small:1.92%;--awb-spacing-left-small:1.92%;\"><div class=\"fusion-column-wrapper fusion-flex-justify-content-flex-start fusion-content-layout-column\"><div class=\"fusion-text fusion-text-1\"><p><em><span style=\"color: #33cccc;\">Escrito por: Noticias de Universo MOLA<\/span><\/em><\/p>\n<p><span style=\"font-weight: 400;\">Por Michelle Castro &#8211; Voz del #UniversoMOLA Ecuador<\/span><\/p>\n<p><span style=\"font-weight: 400;\">\u201cCuando hablamos de reciclar prendas, realmente no estamos hablando de reciclaje sino de reutilizaci\u00f3n.<\/span><\/p>\n<p><span style=\"font-weight: 400;\">El t\u00e9rmino reciclaje no se aplica tanto a prendas sino a tejidos, es lo que se llama reciclaje textil\u201d\u00a0<\/span><\/p>\n<p><span style=\"font-weight: 400;\">Elena Salcedo, 2014.<\/span><\/p>\n<p><span style=\"font-weight: 400;\">Preservar el medioambiente y ahorrar recursos ya no son \u00fanicamente de los ecologistas. La industria textil tambi\u00e9n est\u00e1 involucr\u00e1ndose en el uso de t\u00e9cnicas amigables con el medioambiente y la utilizaci\u00f3n de materiales reciclados o reutilizados.\u00a0<\/span><\/p>\n<p><span style=\"font-weight: 400;\">Ecuador, pa\u00eds diverso donde d\u00eda a d\u00eda va apostando y creyendo en un cambio firme a trav\u00e9s del reciclaje, es un pa\u00eds donde es posible hallar f\u00e1bricas que confeccionan textiles en base al PET, que se obtiene con la recolecci\u00f3n de botellas pl\u00e1sticas o empresas que, vali\u00e9ndose de los cartones Tetra Pak trabajan en la producci\u00f3n de papel, entre otras cosas<\/span><\/p>\n<p><img decoding=\"async\" class=\"alignnone size-full wp-image-5268 lazyload\" data-src=\"http:\/\/desarrollosdeprueba.xyz\/universo_mola\/wp-content\/uploads\/2021\/08\/Captura104.png\" alt=\"\" width=\"425\" height=\"424\" data-srcset=\"https:\/\/universomola.com\/wp-content\/uploads\/2021\/08\/Captura104-66x66.png 66w, https:\/\/universomola.com\/wp-content\/uploads\/2021\/08\/Captura104-100x100.png 100w, https:\/\/universomola.com\/wp-content\/uploads\/2021\/08\/Captura104-150x150.png 150w, https:\/\/universomola.com\/wp-content\/uploads\/2021\/08\/Captura104-200x200.png 200w, https:\/\/universomola.com\/wp-content\/uploads\/2021\/08\/Captura104-300x300.png 300w, https:\/\/universomola.com\/wp-content\/uploads\/2021\/08\/Captura104-400x399.png 400w, https:\/\/universomola.com\/wp-content\/uploads\/2021\/08\/Captura104.png 425w\" data-sizes=\"(max-width: 425px) 100vw, 425px\" src=\"data:image\/svg+xml;base64,PHN2ZyB3aWR0aD0iMSIgaGVpZ2h0PSIxIiB4bWxucz0iaHR0cDovL3d3dy53My5vcmcvMjAwMC9zdmciPjwvc3ZnPg==\" style=\"--smush-placeholder-width: 425px; --smush-placeholder-aspect-ratio: 425\/424;\" \/><\/p>\n<p><span style=\"font-weight: 400;\">Si reutilizamos una prenda es darle otro uso, redise\u00f1ando de acuerdo con lo que est\u00e1 en tendencia como muchos dise\u00f1adores que implementan telas viejas, textiles org\u00e1nicos, acr\u00edlicos e incluso vallas publicitarias para crear una prenda o un accesorio de vestir.<\/span><\/p>\n<p><span style=\"font-weight: 400;\">Grandes ejemplos de esto son marcas como:<\/span><\/p>\n<p><span style=\"font-weight: 400;\">Cardanas Shoes (@cardanasshoes),<\/span><\/p>\n<p><span style=\"font-weight: 400;\">Rosalia Feijoo Ec (@rosaliafeijooec),\u00a0<\/span><\/p>\n<p><span style=\"font-weight: 400;\">Charana (@ecoaltrends),\u00a0<\/span><\/p>\n<p><span style=\"font-weight: 400;\">Muyui (@muyui_ec),\u00a0<\/span><\/p>\n<p><span style=\"font-weight: 400;\">Inti Eyewear (@intieyewear) y\u00a0<\/span><\/p>\n<p><span style=\"font-weight: 400;\">Maya Dise\u00f1o y Moda\/Reciclaje (@mayamodareciclaje).\u00a0<\/span><\/p>\n<p><span style=\"font-weight: 400;\">Todo se puede reutilizar y nada se debe desperdiciar, es b\u00e1sicamente el lema de la mayor\u00eda de las tiendas que apuntan a una moda m\u00e1s eco amigable y no podemos dejar desapercibidas grandes iniciativas de negocios que comercializan prendas de segunda mano tanto virtuales como f\u00edsicas como, por ejemplo, Cu Gallery (@cugallery) ubicada en Cuenca, Armarium (@armarium.shop) tienda online con base en Guayaquil y Amigui (@amiguiec) una cadena de tiendas con base en Quito especializada en la compra y venta de ropa usada.\u00a0<\/span><\/p>\n<p><span style=\"font-weight: 400;\">Es importante decir que en el paso del tiempo Reducir, Reutilizar y Reciclar se han convertido en una de las principales palabras de la primera d\u00e9cada del siglo XXI, tratando de incentivar y recapacitar sobre la utilizaci\u00f3n de las tres R.\u00a0<\/span><\/p>\n<p><img decoding=\"async\" class=\"alignnone size-full wp-image-5266 lazyload\" data-src=\"http:\/\/desarrollosdeprueba.xyz\/universo_mola\/wp-content\/uploads\/2021\/08\/Captura105.png\" alt=\"\" width=\"596\" height=\"372\" data-srcset=\"https:\/\/universomola.com\/wp-content\/uploads\/2021\/08\/Captura105-200x125.png 200w, https:\/\/universomola.com\/wp-content\/uploads\/2021\/08\/Captura105-300x187.png 300w, https:\/\/universomola.com\/wp-content\/uploads\/2021\/08\/Captura105-400x250.png 400w, https:\/\/universomola.com\/wp-content\/uploads\/2021\/08\/Captura105-500x312.png 500w, https:\/\/universomola.com\/wp-content\/uploads\/2021\/08\/Captura105.png 596w\" data-sizes=\"(max-width: 596px) 100vw, 596px\" src=\"data:image\/svg+xml;base64,PHN2ZyB3aWR0aD0iMSIgaGVpZ2h0PSIxIiB4bWxucz0iaHR0cDovL3d3dy53My5vcmcvMjAwMC9zdmciPjwvc3ZnPg==\" style=\"--smush-placeholder-width: 596px; --smush-placeholder-aspect-ratio: 596\/372;\" \/><\/p>\n<p><span style=\"font-weight: 400;\">Pero \u00bfSabes cu\u00e1nto tarda en descomponerse una prenda aproximadamente en Ecuador? Una prenda mal desechada puede tardar en descomponerse de 300 a 400 a\u00f1os. Y esto ocurre, especialmente, con el poli\u00e9ster porque proviene del petr\u00f3leo. <\/span><img decoding=\"async\" class=\"alignnone size-full wp-image-5267 lazyload\" data-src=\"http:\/\/desarrollosdeprueba.xyz\/universo_mola\/wp-content\/uploads\/2021\/08\/Captura106.png\" alt=\"\" width=\"379\" height=\"375\" data-srcset=\"https:\/\/universomola.com\/wp-content\/uploads\/2021\/08\/Captura106-66x66.png 66w, https:\/\/universomola.com\/wp-content\/uploads\/2021\/08\/Captura106-100x100.png 100w, https:\/\/universomola.com\/wp-content\/uploads\/2021\/08\/Captura106-200x198.png 200w, https:\/\/universomola.com\/wp-content\/uploads\/2021\/08\/Captura106-300x297.png 300w, https:\/\/universomola.com\/wp-content\/uploads\/2021\/08\/Captura106.png 379w\" data-sizes=\"(max-width: 379px) 100vw, 379px\" src=\"data:image\/svg+xml;base64,PHN2ZyB3aWR0aD0iMSIgaGVpZ2h0PSIxIiB4bWxucz0iaHR0cDovL3d3dy53My5vcmcvMjAwMC9zdmciPjwvc3ZnPg==\" style=\"--smush-placeholder-width: 379px; --smush-placeholder-aspect-ratio: 379\/375;\" \/><\/p>\n<p><span style=\"font-weight: 400;\">Entonces, cuanto m\u00e1s conozcamos sobre las distintas iniciativas que nos da reciclaje textil, m\u00e1s podremos aplicarlas a gran escala para que la industria de la moda utilice esto, no solo como una alternativa, sino como tema principal, porque solo entonces podremos vivir en armon\u00eda con la naturaleza, sin destruir sus recursos.\u00a0<\/span><\/p>\n<p><span style=\"font-weight: 400;\">Finalmente, desafiamos a comprar dise\u00f1os de calidad que duren m\u00e1s tiempo, para que incluso puedan tener una segunda vida a trav\u00e9s de venta\/compra de segunda mano, porque el objetivo del reciclaje textil es dejar de llenar los basureros con prendas, producir menos fibras v\u00edrgenes y ser conscientes del consumo responsable.<\/span><\/p>\n<p><span style=\"font-weight: 400;\">Si podemos cambiar la industria de la moda, podemos cambiar todo.<\/span><\/p>\n<\/div><\/div><\/div><\/div><\/div>","protected":false},"excerpt":{"rendered":"<p>Lorem ipsum dolor sit amet, consectetur adipiscing elit. Nam pharetra dictum eleifend. Sed posuere magna at luctus pretium. Aliquam ligula sem, aliquet sit amet nisi ac, dignissim porta ipsum.<\/p>","protected":false},"author":9,"featured_media":5268,"comment_status":"open","ping_status":"open","sticky":false,"template":"","format":"standard","meta":{"_monsterinsights_skip_tracking":false,"_monsterinsights_sitenote_active":false,"_monsterinsights_sitenote_note":"","_monsterinsights_sitenote_category":0,"footnotes":""},"categories":[40],"tags":[93,89,48,92,47,96,88],"class_list":["post-5265","post","type-post","status-publish","format-standard","has-post-thumbnail","hentry","category-blog","tag-disenadores-sostenibles","tag-moda-etica","tag-moda-latina","tag-moda-latinoamericana","tag-moda-sostenible","tag-moda-sustentable","tag-universo-mola"],"_links":{"self":[{"href":"https:\/\/universomola.com\/en\/wp-json\/wp\/v2\/posts\/5265","targetHints":{"allow":["GET"]}}],"collection":[{"href":"https:\/\/universomola.com\/en\/wp-json\/wp\/v2\/posts"}],"about":[{"href":"https:\/\/universomola.com\/en\/wp-json\/wp\/v2\/types\/post"}],"author":[{"embeddable":true,"href":"https:\/\/universomola.com\/en\/wp-json\/wp\/v2\/users\/9"}],"replies":[{"embeddable":true,"href":"https:\/\/universomola.com\/en\/wp-json\/wp\/v2\/comments?post=5265"}],"version-history":[{"count":1,"href":"https:\/\/universomola.com\/en\/wp-json\/wp\/v2\/posts\/5265\/revisions"}],"predecessor-version":[{"id":5269,"href":"https:\/\/universomola.com\/en\/wp-json\/wp\/v2\/posts\/5265\/revisions\/5269"}],"wp:featuredmedia":[{"embeddable":true,"href":"https:\/\/universomola.com\/en\/wp-json\/wp\/v2\/media\/5268"}],"wp:attachment":[{"href":"https:\/\/universomola.com\/en\/wp-json\/wp\/v2\/media?parent=5265"}],"wp:term":[{"taxonomy":"category","embeddable":true,"href":"https:\/\/universomola.com\/en\/wp-json\/wp\/v2\/categories?post=5265"},{"taxonomy":"post_tag","embeddable":true,"href":"https:\/\/universomola.com\/en\/wp-json\/wp\/v2\/tags?post=5265"}],"curies":[{"name":"wp","href":"https:\/\/api.w.org\/{rel}","templated":true}]}}