{"id":5270,"date":"2019-04-04T01:38:11","date_gmt":"2019-04-04T04:38:11","guid":{"rendered":"http:\/\/desarrollosdeprueba.xyz\/universo_mola\/?p=5270"},"modified":"2021-08-08T01:50:59","modified_gmt":"2021-08-08T04:50:59","slug":"las-os-invisibles-de-la-moda-trabajadoras-es-textiles-a-domicilio","status":"publish","type":"post","link":"https:\/\/universomola.com\/en\/las-os-invisibles-de-la-moda-trabajadoras-es-textiles-a-domicilio\/","title":{"rendered":"LAS\/OS INVISIBLES DE LA MODA: TRABAJADORAS\/ES TEXTILES A DOMICILIO"},"content":{"rendered":"<div class=\"fusion-fullwidth fullwidth-box fusion-builder-row-1 fusion-flex-container nonhundred-percent-fullwidth non-hundred-percent-height-scrolling\" style=\"--awb-border-radius-top-left:0px;--awb-border-radius-top-right:0px;--awb-border-radius-bottom-right:0px;--awb-border-radius-bottom-left:0px;--awb-flex-wrap:wrap;\" ><div class=\"fusion-builder-row fusion-row fusion-flex-align-items-flex-start fusion-flex-content-wrap\" style=\"max-width:1248px;margin-left: calc(-4% \/ 2 );margin-right: calc(-4% \/ 2 );\"><div class=\"fusion-layout-column fusion_builder_column fusion-builder-column-0 fusion_builder_column_1_1 1_1 fusion-flex-column\" style=\"--awb-bg-size:cover;--awb-width-large:100%;--awb-margin-top-large:0px;--awb-spacing-right-large:1.92%;--awb-margin-bottom-large:0px;--awb-spacing-left-large:1.92%;--awb-width-medium:100%;--awb-spacing-right-medium:1.92%;--awb-spacing-left-medium:1.92%;--awb-width-small:100%;--awb-spacing-right-small:1.92%;--awb-spacing-left-small:1.92%;\"><div class=\"fusion-column-wrapper fusion-flex-justify-content-flex-start fusion-content-layout-column\"><div class=\"fusion-text fusion-text-1\"><p><em><span style=\"color: #33cccc;\">Escrito por: Noticias de Universo MOLA<\/span><\/em><\/p>\n<p><span style=\"font-weight: 400; color: #999999;\">Por Noelia Ponce de Le\u00f3n y Grisel Urain &#8211; Voces del #UniversoMOLA C\u00f3rdoba, Argentina<\/span><\/p>\n<p><span style=\"font-weight: 400;\">El 24 de abril del a\u00f1o 2013, se derrumbaba el edificio Rana plaza en Bangladesh, 1135 personas fallecieron y m\u00e1s de 2000 resultaron heridas, todos trabajadores textiles.<\/span><\/p>\n<p><span style=\"font-weight: 400;\">Desde esa fecha, todos los 24 de abril, alrededor del mundo ha cobrado fuerza un movimiento que conocemos como <\/span><b>Fashion Revolution<\/b><span style=\"font-weight: 400;\">. Sucede que esta fecha clave dej\u00f3 al descubierto una realidad escondida detr\u00e1s de\u00a0 las campa\u00f1as de temporadas, las tendencias y\u00a0 las liquidaciones.<\/span><\/p>\n<p><span style=\"font-weight: 400;\">Entre los escombros se encontraron etiquetas de marcas internacionales como Mango, C&amp;A, Primark, Walmart, entre otras, y entonces se encendi\u00f3 la alarma y comenzamos a preguntarnos <\/span><b>\u00bfQui\u00e9n hace nuestra ropa? y \u00bfEn qu\u00e9 condiciones trabajan esas personas?<\/b><\/p>\n<p><span style=\"font-weight: 400;\">Sucede que se calcula que <\/span><b>75 millones de personas alrededor del mundo trabajan en la industria textil y de la moda<\/b><span style=\"font-weight: 400;\">, y que de esas personas, entre el <\/span><b>75 y el 80% son mujeres<\/b><span style=\"font-weight: 400;\"> de entre 18 y 24 a\u00f1os, para quienes est\u00e1n reservadas las tareas de costura, acabados y embalajes; los puestos de supervisores, operadores de maquinaria y t\u00e9cnicos suelen estar reservados para los hombres y en cuanto al salario, ganan m\u00e1s.<\/span><\/p>\n<p><span style=\"font-weight: 400;\">La gran mayor\u00eda de los empleados de las f\u00e1bricas textiles que proliferan en pa\u00edses como China, Camboya, Bangladesh, India, Marruecos, Turqu\u00eda, Filipinas, Egipto o Sri Lanka, no trabajan directamente para las grandes marcas, sino para empresas subcontratadas, <\/span><b>lo que propicia que muchas compa\u00f1\u00edas se desentiendan por completo de las condiciones de vida de estos empleados.<\/b><\/p>\n<p><b>Algo similar sucede por estas tierras y atraviesa a toda Latinoam\u00e9rica; las trabajadoras a domicilio que proveen de sus servicios a la industria.<\/b><\/p>\n<p><span style=\"font-weight: 400;\">En <\/span><b>Argentina, el 78% de las prendas se realizan en condiciones informales<\/b><span style=\"font-weight: 400;\"> y son elaboradas por m\u00e1s de medio mill\u00f3n de personas, seg\u00fan datos de la fundaci\u00f3n La Alameda.<\/span><\/p>\n<p><span style=\"font-weight: 400;\">Un estudio conjunto de la Oficina de la Organizaci\u00f3n Internacional del Trabajo (OIT) para el Cono Sur de Am\u00e9rica Latina y la Fundaci\u00f3n SOL (2017), evidenci\u00f3 que las <\/span><b>trabajadoras textiles en domicilio<\/b><span style=\"font-weight: 400;\"> producen para intermediarios que abastecen a la industria textil mayorista y que las condiciones laborales en las que esta din\u00e1mica se desarrolla son de alta precariedad, con bajas remuneraciones y sin acceso a la seguridad social.<\/span><\/p>\n<p><img decoding=\"async\" class=\"alignnone size-full wp-image-5271 lazyload\" data-src=\"http:\/\/desarrollosdeprueba.xyz\/universo_mola\/wp-content\/uploads\/2021\/08\/Captura107.png\" alt=\"\" width=\"485\" height=\"300\" data-srcset=\"https:\/\/universomola.com\/wp-content\/uploads\/2021\/08\/Captura107-200x124.png 200w, https:\/\/universomola.com\/wp-content\/uploads\/2021\/08\/Captura107-300x186.png 300w, https:\/\/universomola.com\/wp-content\/uploads\/2021\/08\/Captura107-400x247.png 400w, https:\/\/universomola.com\/wp-content\/uploads\/2021\/08\/Captura107.png 485w\" data-sizes=\"(max-width: 485px) 100vw, 485px\" src=\"data:image\/svg+xml;base64,PHN2ZyB3aWR0aD0iMSIgaGVpZ2h0PSIxIiB4bWxucz0iaHR0cDovL3d3dy53My5vcmcvMjAwMC9zdmciPjwvc3ZnPg==\" style=\"--smush-placeholder-width: 485px; --smush-placeholder-aspect-ratio: 485\/300;\" \/><\/p>\n<p><span style=\"font-weight: 400;\">Las grandes empresas se ocupan de las fases de dise\u00f1o, molder\u00eda y corte donde se juega el aprovechamiento de la materia prima o contratan cooperativas o talleres registrados que emplean trabajadoras\/es bajo condiciones formales de trabajo y que cuentan con la tecnolog\u00eda relativamente moderna. Pero <\/span><b>contratan por fuera la confecci\u00f3n y terminaciones que son las que requieren mano de obra intensiva<\/b><span style=\"font-weight: 400;\">. Para ello acuden a empresas intermediarias que pueden volver a sub-contratar talleres peque\u00f1os o trabajadores\/as por cuenta propia (a domicilio), que no aparecen vinculados a la empresa principal, ni cuentan con derechos laborales y trabajan en condiciones muy precarias. Muchos de los talleres no est\u00e1n registrados, no declaran su actividad, no pagan impuestos y operan de manera clandestina.<\/span><\/p>\n<p><b>Este tipo de organizaci\u00f3n favorece al nivel superior de esta cadena,<\/b><span style=\"font-weight: 400;\"> quien se desentiende de las condiciones laborales de las personas que trabajan en las peque\u00f1as empresas, las cooperativas, los talleres no registrados o a domicilio, para abaratar costos.<\/span><\/p>\n<p><span style=\"font-weight: 400;\">De ah\u00ed que la ganancia se sostenga no en el valor intr\u00ednseco del producto, sino en las bajas remuneraciones pagadas a los eslabones inferiores.<\/span><\/p>\n<p><span style=\"color: #c91c1c;\"><b><i>\u201cEL TALLER CLANDESTINO Y EL TRABAJO A DOMICILIO EN CONDICIONES DE PRECARIEDAD LABORAL, RESULTAN PIEZAS CLAVES PARA REDUCIR LOS COSTOS DE PRODUCCI\u00d3N Y POR LO TANTO AUMENTAR EL MARGEN DE GANANCIA EMPRESARIA EN LA INDUSTRIA DE LA CONFECCI\u00d3N\u201d.<\/i><\/b><\/span><\/p>\n<p><span style=\"font-weight: 400;\">Ahora, <\/span><b>\u00bfCu\u00e1l es la realidad de lo\/as trabadores\/as a domicilio?<\/b><\/p>\n<ul>\n<li style=\"font-weight: 400;\" aria-level=\"1\"><span style=\"font-weight: 400;\">Las\/os trabajadoras\/es a domicilio son sometidos a <\/span><b>largas jornadas de trabajo.<\/b><\/li>\n<li style=\"font-weight: 400;\" aria-level=\"1\"><span style=\"font-weight: 400;\">Trabajar en casa hace dif\u00edcil la separaci\u00f3n entre los horarios de trabajo remunerado y los tiempos dedicados a las tareas dom\u00e9sticas y al cuidado de los hijos.<\/span><\/li>\n<li style=\"font-weight: 400;\" aria-level=\"1\"><span style=\"font-weight: 400;\">Convivir con m\u00e1quinas de coser tiene diversos<\/span><b> riesgos para la salud<\/b><span style=\"font-weight: 400;\">. La falta de condiciones de trabajo adecuadas, trabajar muchas horas con mala iluminaci\u00f3n y en posici\u00f3n no saludables puede crear problemas en la postura y la visi\u00f3n.<\/span><\/li>\n<li style=\"font-weight: 400;\" aria-level=\"1\"><span style=\"font-weight: 400;\">La presencia de materiales textiles en el espacio de la vivienda puede generar enfermedades pulmonares debido a la gran concentraci\u00f3n de polvo en el aire.<\/span><\/li>\n<li style=\"font-weight: 400;\" aria-level=\"1\"><b>No se perciben salarios m\u00ednimos<\/b><span style=\"font-weight: 400;\"> establecidos para el sector.<\/span><\/li>\n<li style=\"font-weight: 400;\" aria-level=\"1\"><span style=\"font-weight: 400;\">Los <\/span><b>ingresos suelen ser menores<\/b><span style=\"font-weight: 400;\"> a los que se obtienen en talleres fuera del domicilio, porque hay m\u00e1s costos: la reparaci\u00f3n de la m\u00e1quina si se rompe, el costo de agujas y aceite, el costo de la electricidad, o el costo del hilo o la tela extra si suceden errores durante la producci\u00f3n.<\/span><\/li>\n<li style=\"font-weight: 400;\" aria-level=\"1\"><span style=\"font-weight: 400;\">Dado que el pago es por pieza, en lugar de un salario por hora, las\/os trabajadoras\/es se ven obligados a producir m\u00e1s en menos tiempo para obtener m\u00e1s ingresos o a jornadas de trabajo muy extensas para aumentar la cantidad.<\/span><\/li>\n<li style=\"font-weight: 400;\" aria-level=\"1\"><span style=\"font-weight: 400;\">Como el trabajo es en el hogar donde tambi\u00e9n se cr\u00eda a los hijos, el <\/span><b>riesgo de trabajo infantil es mayor<\/b><span style=\"font-weight: 400;\"> que en los talleres que no son a domicilio. Ante la exigencia de llegar con los tiempos de entrega de las prendas, muchas veces se recurre a la ayuda de las\/os ni\u00f1as\/os de la casa.<\/span><\/li>\n<li style=\"font-weight: 400;\" aria-level=\"1\"><span style=\"font-weight: 400;\">En el trabajo a domicilio, <\/span><b>no hay posibilidades de promoci\u00f3n o ascenso<\/b><span style=\"font-weight: 400;\">, lo que significa que las trabajadoras siguen haciendo el mismo tipo de trabajo por el mismo monto de dinero sin posibilidad de progresar econ\u00f3micamente.<\/span><\/li>\n<li style=\"font-weight: 400;\" aria-level=\"1\"><b>No cuentan con vacaciones pagas, ni licencias por enfermedad o maternidad, ni beneficios de seguridad social, ni de seguridad e higiene<\/b><span style=\"font-weight: 400;\">. El trabajo a domicilio, se realiza en una situaci\u00f3n de aislamiento, por lo tanto, las trabajadoras no tienen contacto con otras\/os trabajadoras\/es y tienen m\u00e1s dificultades para organizarse, reclamar sus derechos y negociar precios.<\/span><\/li>\n<\/ul>\n<p><span style=\"font-weight: 400;\">\u00a0<\/span><\/p>\n<p><span style=\"color: #c91c1c;\"><b><i>\u201cEN ALGUNOS PA\u00cdSES, LA INDUSTRIA DE LA CONFECCI\u00d3N DE PRENDAS EST\u00c1 MUY LIGADA TAMBI\u00c9N A LA EXPLOTACI\u00d3N DE PERSONAS MIGRANTES PROVENIENTES DE OTROS PA\u00cdSES, SIN LOS DOCUMENTOS NECESARIOS PARA TRABAJAR. LA TRATA DE PERSONAS PARA EL TRABAJO FORZOSO APARECE RELACIONADA EN MUCHOS CASOA A ESTA ACTIVIDAD\u201d<\/i><\/b><\/span><\/p>\n<p><span style=\"font-weight: 400;\">Lo difuso de este tipo de trabajo y la falta de legislaci\u00f3n y\/u organismos de control en muchos pa\u00edses, dificulta el empadronamiento y la obtenci\u00f3n de cifras exactas sobre cu\u00e1ntas, d\u00f3nde y en qu\u00e9 condiciones se prestan estos servicios. Pero tambi\u00e9n este contexto hace difuso el para qui\u00e9nes o qui\u00e9n. Se necesitan regulaciones que exijan la trazabilidad de las prendas para poder reconocer y registrar todos los datos del proceso productivo y formalizar el trabajo a domicilio.<\/span><\/p>\n<p><b>Producir mucho, en poco tiempo y a bajo costo, las premisas de este modelo r\u00e1pido y obsoleto que necesitamos redise\u00f1ar.<\/b><\/p>\n<p><b><i>\u201cLA MODA RAPIDA NO ES GRATIS, ALGUIEN EN ALG\u00daN LUGAR ESTA PAGANDO EL PRECIO\u201d<\/i><\/b><\/p>\n<p><span style=\"font-weight: 400;\">Ser dise\u00f1adores hoy trae impl\u00edcita una gran responsabilidad, pero ser consumidores hoy, trae impl\u00edcita una responsabilidad a\u00fan mayor.<\/span><\/p>\n<p><span style=\"font-weight: 400;\">En palabras de Vandana Shiva, \u201cCada acto de consumo promueve una realidad y es, finalmente, un acto pol\u00edtico que puede ser revolucionario\u201d. Cada compra est\u00e1 emitiendo una se\u00f1al del mundo que queremos construir, del mundo que queremos habitar.<\/span><\/p>\n<p><b>Preg\u00fantate<\/b><span style=\"font-weight: 400;\"> en qu\u00e9 condiciones se hace lo que llevas puesto, <\/span><b>revisa<\/b><span style=\"font-weight: 400;\"> las etiquetas, revisa la historia de las marcas que usas, <\/span><b>an\u00edmate a descubrir<\/b><span style=\"font-weight: 400;\"> nuevos dise\u00f1adores que trabajan duro para lograr propuestas diferentes.<\/span><\/p>\n<p><span style=\"color: #c91c1c;\"><b><i>Podemos ser la revoluci\u00f3n de la moda, que la revoluci\u00f3n sea para todxs.<\/i><\/b><\/span><\/p>\n<p><span style=\"font-weight: 400;\">\u00a0<\/span><b>Sources:<\/b><\/p>\n<p><span style=\"font-weight: 400;\">\u201cModa y textiles, \u00bfQu\u00e9 es ser sustentable?\u201d, Miguel Angel Gardetti, LID Editorial, 2017<\/span><\/p>\n<p><span style=\"font-weight: 400;\">\u201cHerramientas para promover los derechos laborales de las trabajadoras de la costura\u201d, Norma Sanch\u00eds, Fondo mujeres del sur, 2014<\/span><\/p>\n<p><span style=\"font-weight: 400;\">Fundaci\u00f3n La Alameda, Argentina<\/span><\/p>\n<p><span style=\"font-weight: 400;\">Fundaci\u00f3n Sol, Chile<\/span><\/p>\n<p><span style=\"font-weight: 400;\">Fashion Revolution.org<\/span><\/p>\n<p><b>Fuentes de las Im\u00e1genes<\/b><span style=\"font-weight: 400;\">:<\/span><\/p>\n<p><span style=\"color: #33cccc;\"><a style=\"color: #33cccc;\" href=\"http:\/\/archivo.argentina.indymedia.org\/print.php?id=919349\"><span style=\"font-weight: 400;\">http:\/\/archivo.argentina.indymedia.org\/print.php?id=919349<\/span><\/a><\/span><\/p>\n<p><span style=\"color: #33cccc;\"><a style=\"color: #33cccc;\" href=\"https:\/\/fashionunited.co\/noticias\/moda\/cooperativas-textiles-rescatan-a-esclavos-de-talleres-clandestinos-en-argentina\/2015072020430\"><span style=\"font-weight: 400;\">https:\/\/fashionunited.co\/noticias\/moda\/cooperativas-textiles-rescatan-a-esclavos-de-talleres-clandestinos-en-argentina\/2015072020430<\/span><\/a><\/span><\/p>\n<p><span style=\"color: #33cccc;\"><a style=\"color: #33cccc;\" href=\"http:\/\/infogremiales.com.ar\/\"><span style=\"font-weight: 400;\">http:\/\/infogremiales.com.ar\/<\/span><\/a><\/span><\/p>\n<p><span style=\"color: #33cccc;\"><a style=\"color: #33cccc;\" href=\"http:\/\/www.revistamujer.cl\/2014\/04\/21\/01\/contenido\/fashion-revolution-day.shtml\/\"><span style=\"font-weight: 400;\">http:\/\/www.revistamujer.cl\/2014\/04\/21\/01\/contenido\/fashion-revolution-day.shtml\/<\/span><\/a><\/span><\/p>\n<\/div><\/div><\/div><\/div><\/div>","protected":false},"excerpt":{"rendered":"<p>Lorem ipsum dolor sit amet, consectetur adipiscing elit. Nam pharetra dictum eleifend. Sed posuere magna at luctus pretium. Aliquam ligula sem, aliquet sit amet nisi ac, dignissim porta ipsum.<\/p>","protected":false},"author":9,"featured_media":5273,"comment_status":"open","ping_status":"open","sticky":false,"template":"","format":"standard","meta":{"_monsterinsights_skip_tracking":false,"_monsterinsights_sitenote_active":false,"_monsterinsights_sitenote_note":"","_monsterinsights_sitenote_category":0,"footnotes":""},"categories":[40],"tags":[93,89,48,92,47,96,88],"class_list":["post-5270","post","type-post","status-publish","format-standard","has-post-thumbnail","hentry","category-blog","tag-disenadores-sostenibles","tag-moda-etica","tag-moda-latina","tag-moda-latinoamericana","tag-moda-sostenible","tag-moda-sustentable","tag-universo-mola"],"_links":{"self":[{"href":"https:\/\/universomola.com\/en\/wp-json\/wp\/v2\/posts\/5270","targetHints":{"allow":["GET"]}}],"collection":[{"href":"https:\/\/universomola.com\/en\/wp-json\/wp\/v2\/posts"}],"about":[{"href":"https:\/\/universomola.com\/en\/wp-json\/wp\/v2\/types\/post"}],"author":[{"embeddable":true,"href":"https:\/\/universomola.com\/en\/wp-json\/wp\/v2\/users\/9"}],"replies":[{"embeddable":true,"href":"https:\/\/universomola.com\/en\/wp-json\/wp\/v2\/comments?post=5270"}],"version-history":[{"count":1,"href":"https:\/\/universomola.com\/en\/wp-json\/wp\/v2\/posts\/5270\/revisions"}],"predecessor-version":[{"id":5274,"href":"https:\/\/universomola.com\/en\/wp-json\/wp\/v2\/posts\/5270\/revisions\/5274"}],"wp:featuredmedia":[{"embeddable":true,"href":"https:\/\/universomola.com\/en\/wp-json\/wp\/v2\/media\/5273"}],"wp:attachment":[{"href":"https:\/\/universomola.com\/en\/wp-json\/wp\/v2\/media?parent=5270"}],"wp:term":[{"taxonomy":"category","embeddable":true,"href":"https:\/\/universomola.com\/en\/wp-json\/wp\/v2\/categories?post=5270"},{"taxonomy":"post_tag","embeddable":true,"href":"https:\/\/universomola.com\/en\/wp-json\/wp\/v2\/tags?post=5270"}],"curies":[{"name":"wp","href":"https:\/\/api.w.org\/{rel}","templated":true}]}}