{"id":5275,"date":"2019-04-10T01:52:28","date_gmt":"2019-04-10T04:52:28","guid":{"rendered":"http:\/\/desarrollosdeprueba.xyz\/universo_mola\/?p=5275"},"modified":"2021-08-08T01:57:07","modified_gmt":"2021-08-08T04:57:07","slug":"feria-emprendedora-en-el-dragao-fashion-brasil","status":"publish","type":"post","link":"https:\/\/universomola.com\/en\/feria-emprendedora-en-el-dragao-fashion-brasil\/","title":{"rendered":"FERIA EMPRENDEDORA EN EL DRAG\u00c3O FASHION BRASIL"},"content":{"rendered":"<div class=\"fusion-fullwidth fullwidth-box fusion-builder-row-1 fusion-flex-container nonhundred-percent-fullwidth non-hundred-percent-height-scrolling\" style=\"--awb-border-radius-top-left:0px;--awb-border-radius-top-right:0px;--awb-border-radius-bottom-right:0px;--awb-border-radius-bottom-left:0px;--awb-flex-wrap:wrap;\" ><div class=\"fusion-builder-row fusion-row fusion-flex-align-items-flex-start fusion-flex-content-wrap\" style=\"max-width:1248px;margin-left: calc(-4% \/ 2 );margin-right: calc(-4% \/ 2 );\"><div class=\"fusion-layout-column fusion_builder_column fusion-builder-column-0 fusion_builder_column_1_1 1_1 fusion-flex-column\" style=\"--awb-bg-size:cover;--awb-width-large:100%;--awb-margin-top-large:0px;--awb-spacing-right-large:1.92%;--awb-margin-bottom-large:0px;--awb-spacing-left-large:1.92%;--awb-width-medium:100%;--awb-spacing-right-medium:1.92%;--awb-spacing-left-medium:1.92%;--awb-width-small:100%;--awb-spacing-right-small:1.92%;--awb-spacing-left-small:1.92%;\"><div class=\"fusion-column-wrapper fusion-flex-justify-content-flex-start fusion-content-layout-column\"><div class=\"fusion-text fusion-text-1\"><p><em><span style=\"color: #33cccc;\">Escrito por: Noticias de Universo MOLA<\/span><\/em><\/p>\n<p><span style=\"font-weight: 400;\">Por Gabriela de Laurentis &#8211; Voz del #UniversoMOLA Brasil<\/span><\/p>\n<p><span style=\"font-weight: 400;\">Although often grouped together, <\/span><span style=\"color: #33cccc;\"><span style=\"font-weight: 400;\">Drag\u00e3o Fashion Brasil <\/span><\/span><span style=\"font-weight: 400;\">es un festival anual de moda que tiene lugar en Fortaleza, en Cear\u00e1, entre los d\u00edas<\/span><b> 15 y 18 de mayo<\/b><span style=\"font-weight: 400;\">, en la Playa de Iracema. Se trata de uno de los mayores eventos de moda del pa\u00eds. En su 20\u00aa edici\u00f3n, el evento tendr\u00e1 siete ejes de actuaci\u00f3n, que son: moda (desfiles y concursos de nuevos talentos), actividades culturales (pel\u00edculas y shows), negocios, formaci\u00f3n (conferencias y talleres), emprendedurismo (cases y oportunidades, organizado por el Sebrae), gastronom\u00eda regional y dise\u00f1o (exposici\u00f3n). <\/span><b>El DFB Brasil celebra la gran fiesta de la moda, de la industria y de la cultura de Cear\u00e1 y su mayor importancia es promover la econom\u00eda creativa de la regi\u00f3n.<\/b><\/p>\n<p><span style=\"color: #999999;\"><i><span style=\"font-weight: 400;\">\u00a0O Drag\u00e3o Fashion Brasil \u00e9 um festival anual de moda que acontece em Fortaleza, no Cear\u00e1, entre os dias 15 e 18 de maio, na Praia de Iracema. Trata-se de um dos maiores eventos de moda do pa\u00eds. Em sua 20\u00aa edi\u00e7\u00e3o, o evento ter\u00e1 sete eixos de atua\u00e7\u00e3o, que s\u00e3o: moda (desfiles e concursos de novos talentos), atividades culturais (filmes e shows), neg\u00f3cios, forma\u00e7\u00e3o (palestras e workshops), empreendedorismo (cases e oportunidades, organizado pelo Sebrae), gastronomia regional e design (exposi\u00e7\u00e3o). O Drag\u00e3o Fashion Brasil celebra a grande festa da moda, da ind\u00fastria e da cultura do Cear\u00e1 e sua maior import\u00e2ncia \u00e9 promover a economia criativa da regi\u00e3o.\u00a0<\/span><\/i><\/span><\/p>\n<p><img decoding=\"async\" class=\"alignnone size-full wp-image-5277 lazyload\" data-src=\"http:\/\/desarrollosdeprueba.xyz\/universo_mola\/wp-content\/uploads\/2021\/08\/Captura111.png\" alt=\"\" width=\"459\" height=\"433\" data-srcset=\"https:\/\/universomola.com\/wp-content\/uploads\/2021\/08\/Captura111-200x189.png 200w, https:\/\/universomola.com\/wp-content\/uploads\/2021\/08\/Captura111-300x283.png 300w, https:\/\/universomola.com\/wp-content\/uploads\/2021\/08\/Captura111-400x377.png 400w, https:\/\/universomola.com\/wp-content\/uploads\/2021\/08\/Captura111.png 459w\" data-sizes=\"(max-width: 459px) 100vw, 459px\" src=\"data:image\/svg+xml;base64,PHN2ZyB3aWR0aD0iMSIgaGVpZ2h0PSIxIiB4bWxucz0iaHR0cDovL3d3dy53My5vcmcvMjAwMC9zdmciPjwvc3ZnPg==\" style=\"--smush-placeholder-width: 459px; --smush-placeholder-aspect-ratio: 459\/433;\" \/><\/p>\n<p><span style=\"font-weight: 400;\">El comit\u00e9 organizador del<\/span><b> 20\u00ba DFB &#8211; La Fuerza Creativa de la Industria de Moda Cearense<\/b><span style=\"font-weight: 400;\">, con el apoyo del SENAC, realiz\u00f3 una invitaci\u00f3n para 15 marcas de fuera del estado de Cear\u00e1 para participar del Drag\u00f3n Fashion Brasil en el showroom de ventas, donde ellas podr\u00e1n exponer y realizar la venta sus productos, en la <\/span><b>Feria Emprendedora<\/b><span style=\"font-weight: 400;\">. El proyecto es co-organizado por la producci\u00f3n del Drag\u00f3n Fashion Brasil, con la<\/span><b> curadur\u00eda de Gabriela De Laurentis<\/b><span style=\"font-weight: 400;\"> y ser\u00e1 parte de la programaci\u00f3n del festival. Su objetivo es promover el intercambio cultural con otras regiones del pa\u00eds, <\/span><b>promover la moda sostenible<\/b><span style=\"font-weight: 400;\"> y de autor en otras regiones. La curadur\u00eda de Gabriela De Laurentis prioriz\u00f3 un mix diverso de marcas de arte, incluyendo marcas de ropa, ropa de trabajo, calzado, joyas, papeler\u00eda artsy, bordados, sombreiros, bolsos y accesorios. La elecci\u00f3n se hizo teniendo en cuenta la trayectoria de la marca y su car\u00e1cter autoral, sostenible, de moda consciente, de vanguardia y hecha a mano. <\/span><b>Las marcas elegidas son:<\/b><\/p>\n<p><span style=\"color: #999999;\"><i><span style=\"font-weight: 400;\">O comit\u00ea organizador do 20\u00ba DFB \u2013 A For\u00e7a Criativa da Ind\u00fastria de Moda Cearense, com o apoio do Senac, realizou um convite para 15 marcas de fora do estado do Cear\u00e1 para participar do Drag\u00e3o Fashion Brasil no showroom de vendas, onde elas poder\u00e3o expor e realizar a venda seus produtos, na feira de empreendedores. O projeto \u00e9 co-organizado pela produ\u00e7\u00e3o do Drag\u00e3o Fashion Brasil, com a curadoria de Gabriela De Laurentis e ser\u00e1 parte da programa\u00e7\u00e3o do festival. Seu objetivo \u00e9 promover o interc\u00e2mbio cultural com outras regi\u00f5es do pa\u00eds e promover a moda sustent\u00e1vel e autoral em outras regi\u00f5es. A curadoria de Gabriela De Laurentis priorizou um mix diverso de marcas autorais, incluindo marcas de roupa, workwear, cal\u00e7ados, j\u00f3ias, papelaria artsy, bordados, chap\u00e9u, bolsas e acess\u00f3rios. A escolha foi feita levando em considera\u00e7\u00e3o a trajet\u00f3ria da marca e seu car\u00e1ter autoral, sustent\u00e1vel, de moda consciente, de vanguarda e feita \u00e0 m\u00e3o. As marcas escolhidas s\u00e3o:<\/span><\/i><\/span><\/p>\n<p><img decoding=\"async\" class=\"alignnone size-full wp-image-5276 lazyload\" data-src=\"http:\/\/desarrollosdeprueba.xyz\/universo_mola\/wp-content\/uploads\/2021\/08\/Captura110.png\" alt=\"\" width=\"440\" height=\"374\" data-srcset=\"https:\/\/universomola.com\/wp-content\/uploads\/2021\/08\/Captura110-200x170.png 200w, https:\/\/universomola.com\/wp-content\/uploads\/2021\/08\/Captura110-300x255.png 300w, https:\/\/universomola.com\/wp-content\/uploads\/2021\/08\/Captura110-400x340.png 400w, https:\/\/universomola.com\/wp-content\/uploads\/2021\/08\/Captura110.png 440w\" data-sizes=\"(max-width: 440px) 100vw, 440px\" src=\"data:image\/svg+xml;base64,PHN2ZyB3aWR0aD0iMSIgaGVpZ2h0PSIxIiB4bWxucz0iaHR0cDovL3d3dy53My5vcmcvMjAwMC9zdmciPjwvc3ZnPg==\" style=\"--smush-placeholder-width: 440px; --smush-placeholder-aspect-ratio: 440\/374;\" \/><\/p>\n<p><span style=\"font-weight: 400;\">ROUPA \/ <\/span><b>ROPA<\/b><span style=\"font-weight: 400;\"> \u00a0 <\/span><span style=\"color: #33cccc;\"><span style=\"font-weight: 400;\">Canarito<\/span><span style=\"font-weight: 400;\"> \u00a0 <\/span><span style=\"font-weight: 400;\">Fridoka<\/span><span style=\"font-weight: 400;\"> \u00a0 <\/span><span style=\"font-weight: 400;\">Grimmer<\/span><span style=\"font-weight: 400;\"> \u00a0 <\/span><span style=\"font-weight: 400;\">Org\u00e2nica<\/span><span style=\"font-weight: 400;\"> \u00a0 <\/span><span style=\"font-weight: 400;\">Lab77<\/span><\/span><\/p>\n<p><b>WORKWEAR<\/b><span style=\"font-weight: 400;\"> \u00a0 <\/span><span style=\"color: #33cccc;\"><span style=\"font-weight: 400;\">DeLaurentis<\/span><span style=\"font-weight: 400;\">\u00a0<\/span><\/span><\/p>\n<p><span style=\"font-weight: 400;\">BOLSAS E ACESS\u00d3RIOS \/ <\/span><b>CARTERAS Y ACESORIOS<\/b><span style=\"font-weight: 400;\"> \u00a0 <\/span><span style=\"color: #33cccc;\"><span style=\"font-weight: 400;\">Manari Eco<\/span><span style=\"font-weight: 400;\">\u00a0 <\/span><span style=\"font-weight: 400;\">LUIZA TOSCANO<\/span><span style=\"font-weight: 400;\">\u00a0<\/span><\/span><\/p>\n<p><b>BORDADOS<\/b><span style=\"font-weight: 400;\"> \u00a0 <\/span><span style=\"color: #33cccc;\"><span style=\"font-weight: 400;\">Pontos e Contos\u00a0<\/span><\/span><\/p>\n<p><span style=\"font-weight: 400;\">PAPELARIA ARTSY\u00a0 <\/span><span style=\"color: #33cccc;\"><span style=\"font-weight: 400;\">\u00a0Alma e Flor<\/span><span style=\"font-weight: 400;\">\u00a0<\/span><\/span><\/p>\n<p><span style=\"font-weight: 400;\">JOIAS \/ <\/span><b>JOYAS<\/b><span style=\"font-weight: 400;\">\u00a0 <\/span><span style=\"color: #33cccc;\"><span style=\"font-weight: 400;\">Livia Velludo<\/span><span style=\"font-weight: 400;\"> \u00a0 <\/span><span style=\"font-weight: 400;\">Macondo<\/span><span style=\"font-weight: 400;\"> \u00a0 <\/span><span style=\"font-weight: 400;\">Atitocou<\/span><span style=\"font-weight: 400;\">\u00a0 <\/span><span style=\"font-weight: 400;\">\u00a0Lina Borges Design<\/span><\/span><\/p>\n<p><span style=\"font-weight: 400;\">CHAPELARIA \/ <\/span><b>SOMBRERO<\/b><span style=\"font-weight: 400;\">\u00a0 <\/span><span style=\"font-weight: 400; color: #33cccc;\">BarbaraH<\/span><\/p>\n<p><span style=\"font-weight: 400;\">De las quince marcas participantes, once son del estado de R\u00edo de Janeiro, uma de Minas Gerais, una del sur de Bah\u00eda, una de Mato Grosso del Sur y una de Alagoas. Entre las marcas cariocas, tres son marcas seleccionadas por la 1er convocatoria Sebrae Moda Sostenible, 2017-2018. Siendo ellas: DeLaurentis, Grimmer y Manari Eco. El proyecto del Sebrae tuvo fin en 2018, pero incluso despu\u00e9s de su finalizaci\u00f3n, las marcas contin\u00faan haciendo alianzas, uni\u00e9ndose y ampliando su \u00e1rea de actuaci\u00f3n en busca de nuevos mercados m\u00e1s all\u00e1 de la regi\u00f3n sudeste. El Sebrae Moda Sostenible ha capacitado a 40 micro y peque\u00f1as empresas a lo largo de 15 meses, generando conocimiento y proporcionando herramientas para mejorar la gesti\u00f3n de los negocios. Adem\u00e1s, instruy\u00f3 sobre diversas pr\u00e1cticas sostenibles en sus atividades.<\/span><\/p>\n<p><span style=\"color: #999999;\"><i><span style=\"font-weight: 400;\">Das quinze marcas participantes, doze s\u00e3o do estado do Rio de Janeiro, uma do sul da Bahia, uma do Mato Grosso do Sul e uma de Alagoas. Entre as marcas cariocas, cinco s\u00e3o marcas selecionadas pelo 1\u00ba edital Sebrae Moda Sustent\u00e1vel, 2017-2018. Sendo elas: DeLaurentis, Grimmer, Manari, Joya da Terra e E-Cool. O projeto do Sebrae teve fim em 2018, por\u00e9m mesmo ap\u00f3s sua finaliza\u00e7\u00e3o, as marcas continuam fazendo parcerias, se unindo e ampliando sua \u00e1rea de atua\u00e7\u00e3o em busca de novos mercados para al\u00e9m da regi\u00e3o sudeste. O Sebrae Moda Sustent\u00e1vel capacitou 40 micro e pequenas empresas ao longo de 15 meses, gerando conhecimento e fornecendo ferramentas para melhorar a gest\u00e3o dos neg\u00f3cios. Al\u00e9m disso, instruiu sobre diversas pr\u00e1ticas sustent\u00e1veis em suas atividades.\u00a0<\/span><\/i><\/span><\/p>\n<p><span style=\"font-weight: 400;\">Por lo tanto, este intercambio de la moda entre las regiones puede generar m\u00e1s negocios y alianzas para las mismas, estimular pr\u00e1cticas sostenibles y ser\u00e1 una experiencia \u00fanica para cada marca poder llevar sus creaciones por primera vez al Drag\u00e3o, especialmente en una edici\u00f3n conmemorativa de 20 a\u00f1os del festival.<\/span><\/p>\n<p><i><span style=\"font-weight: 400;\"><span style=\"color: #999999;\">Portanto, este interc\u00e2mbio da moda entre as regi\u00f5es pode gerar mais neg\u00f3cios e parcerias para as mesmas, estimular pr\u00e1ticas sustent\u00e1veis e ser\u00e1 uma experi\u00eancia \u00fanica para cada marca poder levar suas cria\u00e7\u00f5es pela primeira vez ao Drag\u00e3o, especialmente numa edi\u00e7\u00e3o comemorativa de 20 anos do festival.<\/span>\u00a0<\/span><\/i><\/p>\n<\/div><\/div><\/div><\/div><\/div>","protected":false},"excerpt":{"rendered":"<p>Lorem ipsum dolor sit amet, consectetur adipiscing elit. Nam pharetra dictum eleifend. Sed posuere magna at luctus pretium. Aliquam ligula sem, aliquet sit amet nisi ac, dignissim porta ipsum.<\/p>","protected":false},"author":9,"featured_media":5278,"comment_status":"open","ping_status":"open","sticky":false,"template":"","format":"standard","meta":{"_monsterinsights_skip_tracking":false,"_monsterinsights_sitenote_active":false,"_monsterinsights_sitenote_note":"","_monsterinsights_sitenote_category":0,"footnotes":""},"categories":[40],"tags":[93,89,48,92,47,96,88],"class_list":["post-5275","post","type-post","status-publish","format-standard","has-post-thumbnail","hentry","category-blog","tag-disenadores-sostenibles","tag-moda-etica","tag-moda-latina","tag-moda-latinoamericana","tag-moda-sostenible","tag-moda-sustentable","tag-universo-mola"],"_links":{"self":[{"href":"https:\/\/universomola.com\/en\/wp-json\/wp\/v2\/posts\/5275","targetHints":{"allow":["GET"]}}],"collection":[{"href":"https:\/\/universomola.com\/en\/wp-json\/wp\/v2\/posts"}],"about":[{"href":"https:\/\/universomola.com\/en\/wp-json\/wp\/v2\/types\/post"}],"author":[{"embeddable":true,"href":"https:\/\/universomola.com\/en\/wp-json\/wp\/v2\/users\/9"}],"replies":[{"embeddable":true,"href":"https:\/\/universomola.com\/en\/wp-json\/wp\/v2\/comments?post=5275"}],"version-history":[{"count":1,"href":"https:\/\/universomola.com\/en\/wp-json\/wp\/v2\/posts\/5275\/revisions"}],"predecessor-version":[{"id":5279,"href":"https:\/\/universomola.com\/en\/wp-json\/wp\/v2\/posts\/5275\/revisions\/5279"}],"wp:featuredmedia":[{"embeddable":true,"href":"https:\/\/universomola.com\/en\/wp-json\/wp\/v2\/media\/5278"}],"wp:attachment":[{"href":"https:\/\/universomola.com\/en\/wp-json\/wp\/v2\/media?parent=5275"}],"wp:term":[{"taxonomy":"category","embeddable":true,"href":"https:\/\/universomola.com\/en\/wp-json\/wp\/v2\/categories?post=5275"},{"taxonomy":"post_tag","embeddable":true,"href":"https:\/\/universomola.com\/en\/wp-json\/wp\/v2\/tags?post=5275"}],"curies":[{"name":"wp","href":"https:\/\/api.w.org\/{rel}","templated":true}]}}