{"id":5280,"date":"2019-04-16T12:55:46","date_gmt":"2019-04-16T15:55:46","guid":{"rendered":"http:\/\/desarrollosdeprueba.xyz\/universo_mola\/?p=5280"},"modified":"2021-08-08T13:24:39","modified_gmt":"2021-08-08T16:24:39","slug":"el-duelo-de-los-emprendimientos-sostenibles-vs-el-greenwashing-de-las-grandes-empresas","status":"publish","type":"post","link":"https:\/\/universomola.com\/en\/el-duelo-de-los-emprendimientos-sostenibles-vs-el-greenwashing-de-las-grandes-empresas\/","title":{"rendered":"EL DUELO DE LOS EMPRENDIMIENTOS SOSTENIBLES VS EL GREENWASHING DE LAS GRANDES EMPRESAS."},"content":{"rendered":"<div class=\"fusion-fullwidth fullwidth-box fusion-builder-row-1 fusion-flex-container nonhundred-percent-fullwidth non-hundred-percent-height-scrolling\" style=\"--awb-border-radius-top-left:0px;--awb-border-radius-top-right:0px;--awb-border-radius-bottom-right:0px;--awb-border-radius-bottom-left:0px;--awb-flex-wrap:wrap;\" ><div class=\"fusion-builder-row fusion-row fusion-flex-align-items-flex-start fusion-flex-content-wrap\" style=\"max-width:1248px;margin-left: calc(-4% \/ 2 );margin-right: calc(-4% \/ 2 );\"><div class=\"fusion-layout-column fusion_builder_column fusion-builder-column-0 fusion_builder_column_1_1 1_1 fusion-flex-column\" style=\"--awb-bg-size:cover;--awb-width-large:100%;--awb-margin-top-large:0px;--awb-spacing-right-large:1.92%;--awb-margin-bottom-large:0px;--awb-spacing-left-large:1.92%;--awb-width-medium:100%;--awb-spacing-right-medium:1.92%;--awb-spacing-left-medium:1.92%;--awb-width-small:100%;--awb-spacing-right-small:1.92%;--awb-spacing-left-small:1.92%;\"><div class=\"fusion-column-wrapper fusion-flex-justify-content-flex-start fusion-content-layout-column\"><div class=\"fusion-text fusion-text-1\"><p><em><span style=\"color: #33cccc;\">Escrito por: Noticias de Universo MOLA<\/span><\/em><\/p>\n<p><span style=\"font-weight: 400; color: #999999;\">Por Melisa Moreu &#8211; Voz del #UniversoMOLA Colombia<\/span><\/p>\n<p><span style=\"font-weight: 400;\">Hasta hace unos a\u00f1os que una marca hablara de sostenibilidad era un valor agregado, pero hoy en d\u00eda <\/span><b>los consumidores en el mundo son cada vez m\u00e1s conscientes<\/b><span style=\"font-weight: 400;\"> de la necesidad de proteger el medio ambiente y entienden que realizan un voto en cada decision de compra al ecoger un producto de impacto positivo sobre uno est\u00e1ndar\u00a0 .<\/span><\/p>\n<p><span style=\"font-weight: 400;\">A pesar de que <\/span><span style=\"font-weight: 400;\"><span style=\"color: #33cccc;\">en Colombia 2,2 millones de personas viven con menos de dos d\u00f3lares al d\u00eda y de que el promedio de ingresos por habitante es 14,28 d\u00f3lares al d\u00eda seg\u00fan el Banco Mundial<\/span><\/span><span style=\"font-weight: 400;\">, resulta que <\/span><span style=\"color: #33cccc;\"><span style=\"font-weight: 400;\">Colombia es tambi\u00e9n uno de los pa\u00edses que m\u00e1s demanda sostenibilidad corporativa<\/span><\/span><span style=\"font-weight: 400;\"><span style=\"color: #33cccc;\">.<\/span> Un estudio global realizado por la consultora Nilsen muestra que Colombia es el segundo pa\u00eds -despu\u00e9s de India-, en donde los consumidores demandan mayor sostenibilidad por parte de las empresas.\u00a0<\/span><\/p>\n<p><span style=\"font-weight: 400;\">A\u00fan con estas cifras el colombiano considera dificil conseguir productos amigables con el medio ambiente en las tiendas donde normalmente hace sus compras, y no quiere salir de su zona de confort para comprar maquillaje no testeado en animales o buscar en instagram pantalones hechos en colombia por un salario justo<\/span><\/p>\n<p><img decoding=\"async\" class=\"alignnone size-full wp-image-5281 lazyload\" data-src=\"http:\/\/desarrollosdeprueba.xyz\/universo_mola\/wp-content\/uploads\/2021\/08\/Captura113.png\" alt=\"\" width=\"377\" height=\"481\" data-srcset=\"https:\/\/universomola.com\/wp-content\/uploads\/2021\/08\/Captura113-200x255.png 200w, https:\/\/universomola.com\/wp-content\/uploads\/2021\/08\/Captura113-235x300.png 235w, https:\/\/universomola.com\/wp-content\/uploads\/2021\/08\/Captura113.png 377w\" data-sizes=\"(max-width: 377px) 100vw, 377px\" src=\"data:image\/svg+xml;base64,PHN2ZyB3aWR0aD0iMSIgaGVpZ2h0PSIxIiB4bWxucz0iaHR0cDovL3d3dy53My5vcmcvMjAwMC9zdmciPjwvc3ZnPg==\" style=\"--smush-placeholder-width: 377px; --smush-placeholder-aspect-ratio: 377\/481;\" \/><\/p>\n<p><b>Lina Bossio<\/b><span style=\"font-weight: 400;\"> dise\u00f1adora de<\/span> <span style=\"color: #33cccc;\"><b>Mamelouka<\/b><\/span> <span style=\"font-weight: 400;\">es una de esas marcas colombianas con impacto que busca generar prendas de vestir y a la vez ser zero waste, a pesar de que ella ha visto un crecimiento en el tema de sostenibilidad desde 2017 cuando empez\u00f3 su emprendimiento, considera que hay a\u00fan muchas marcas que no saben como meterse en el tema de la moda sostenible <\/span><i><span style=\"font-weight: 400;\">\u201ctratan de hacer del hecho de entregar una bolsa de papel un acto heroico y eso no es \u00e9tico\u201d<\/span><\/i><span style=\"font-weight: 400;\">. <\/span><b>Lina piensa que sea buena o mala la intenci\u00f3n de las empresas, si en realidad les interesara la sostenibilidad cambiar\u00edan politicas internas de m\u00e1s relevancia como sus materias primas y el trato a sus trabajadores.<\/b><\/p>\n<p><span style=\"font-weight: 400;\">Igual que la sostenibilidad, el <\/span><i><span style=\"font-weight: 400;\">greenwashing<\/span><\/i><span style=\"font-weight: 400;\"> ya no es nada nuevo, ese pseudoecologismo que promueve un supuesto inter\u00e9s por el medioambiente a punta de marketing enga\u00f1oso es la herramienta de muchas empresas hoy en d\u00eda .<\/span><\/p>\n<p><i><span style=\"font-weight: 400;\">\u201cLa sostenibilidad es un tema que debe ser tratado desde la educaci\u00f3n y es en realidad una cadena, las marcas son los primeros responsables de promoverla para que los consumidores tengan de d\u00f3nde elegir, as\u00ed se cambia el chip mental colectivo desde tus palabras como marca\u201d<\/span><\/i><\/p>\n<p><b>\u00bfPero c\u00f3mo puede competir el peque\u00f1o emprendedor sostenible con el discurso de greenwashing de las grandes empresas?<\/b><\/p>\n<p><span style=\"font-weight: 400;\">\u201cYo considero que es mas eficaz educar primero al consumidor que ya est\u00e1 interesado en temas de sostenibildiad, mira lo que ocurre por ejemplo en el tema del veganismo, chicas que buscan maquillaje cruelty free pero de repente la materia prima es toxica para la piel y para el medio ambiente, si el consumidor consciente lleva la informaci\u00f3n correcta los procesos son mas rapidos porque son los que se cuestionan porqu\u00e9 la marca no muestra sus procesos\u201d<\/span><\/p>\n<p><span style=\"font-weight: 400;\">Si bien es cierto que la <\/span><b>transparencia corporativa<\/b><span style=\"font-weight: 400;\"> es una tendencia a nivel global que se da con naturalidad en pa\u00edses desarrollados, qu\u00e9 pasa con pa\u00edses como Colombia en los que el ciudadano promedio no puede darse el lujo de acceder a productos sostenibles s\u00f3lo porque su precio suele ser m\u00e1s elevado y m\u00e1s dificiles de encontrar.<\/span><\/p>\n<p><span style=\"font-weight: 400;\">\u201cUna persona de estratos bajo no tiene eleccion en sus compras porque debe cubrir primero sus necesidades b\u00e1sicas antes de pensar en el medio ambiente, yo considero que para alcanzar ese equilibrio entre las clases sociales debe hacerce desde el \u00e1mbito de empresa porque as\u00ed se matan dos p\u00e1jaros de un tiro\u201d<\/span><\/p>\n<p><img decoding=\"async\" class=\"alignnone size-full wp-image-5282 lazyload\" data-src=\"http:\/\/desarrollosdeprueba.xyz\/universo_mola\/wp-content\/uploads\/2021\/08\/Captura114.png\" alt=\"\" width=\"454\" height=\"452\" data-srcset=\"https:\/\/universomola.com\/wp-content\/uploads\/2021\/08\/Captura114-66x66.png 66w, https:\/\/universomola.com\/wp-content\/uploads\/2021\/08\/Captura114-100x100.png 100w, https:\/\/universomola.com\/wp-content\/uploads\/2021\/08\/Captura114-150x150.png 150w, https:\/\/universomola.com\/wp-content\/uploads\/2021\/08\/Captura114-200x199.png 200w, https:\/\/universomola.com\/wp-content\/uploads\/2021\/08\/Captura114-300x300.png 300w, https:\/\/universomola.com\/wp-content\/uploads\/2021\/08\/Captura114-400x398.png 400w, https:\/\/universomola.com\/wp-content\/uploads\/2021\/08\/Captura114.png 454w\" data-sizes=\"(max-width: 454px) 100vw, 454px\" src=\"data:image\/svg+xml;base64,PHN2ZyB3aWR0aD0iMSIgaGVpZ2h0PSIxIiB4bWxucz0iaHR0cDovL3d3dy53My5vcmcvMjAwMC9zdmciPjwvc3ZnPg==\" style=\"--smush-placeholder-width: 454px; --smush-placeholder-aspect-ratio: 454\/452;\" \/><\/p>\n<p><span style=\"font-weight: 400;\">La dise\u00f1adora plantea que si cada empresa tiene una peque\u00f1a acci\u00f3n de incluir en su capital humano personas de nivel socio econ\u00f3mico bajo, va a lograr que entiendan los procesos a fondo y ver\u00e1n que se genera un producto o servicio mejor que est\u00e1 ayudando al planeta y haciendo un cambio genuino, as\u00ed las personas entienden m\u00e1s alla del mensaje de comprar y se cumplen los<\/span><b> 4 pilares de la sostenibilidad que son: ecol\u00f3gico, econ\u00f3mico, cultural y social.<\/b><\/p>\n<p><span style=\"font-weight: 400;\">Seg\u00fan el estudio \u201cTrust Barometer\u201d en <\/span><span style=\"color: #33cccc;\"><span style=\"font-weight: 400;\">Colombia la confianza de los ciudadanos en las instituciones ha ca\u00eddo desde el 2006 debido a la corrupci\u00f3n<\/span><\/span> <span style=\"font-weight: 400;\">y la credibilidad del gobierno baj\u00f3 a 26% en 2017. El destino de la sostenibilidad es incierto en el mundo y en cada pa\u00eds seguramente tomar\u00e1 un rumbo de acuerdo a su idiosincracia, pero vale la pena cuestionarse si la consante desigualdad e injusticia ha puesto a Colombia en la \u201cf\u00e1cil\u201d posici\u00f3n de saber exigir porque no conoce la transparencia en ning\u00fan \u00e1mbito.<\/span><\/p>\n<p><span style=\"font-weight: 400;\">Redacci\u00f3n: <\/span><span style=\"color: #33cccc;\"><span style=\"font-weight: 400;\">Melisa Moreu Rivas<\/span><\/span><\/p>\n<\/div><\/div><\/div><\/div><\/div>","protected":false},"excerpt":{"rendered":"<p>Lorem ipsum dolor sit amet, consectetur adipiscing elit. Nam pharetra dictum eleifend. Sed posuere magna at luctus pretium. Aliquam ligula sem, aliquet sit amet nisi ac, dignissim porta ipsum.<\/p>","protected":false},"author":9,"featured_media":5263,"comment_status":"open","ping_status":"open","sticky":false,"template":"","format":"standard","meta":{"_monsterinsights_skip_tracking":false,"_monsterinsights_sitenote_active":false,"_monsterinsights_sitenote_note":"","_monsterinsights_sitenote_category":0,"footnotes":""},"categories":[40],"tags":[93,89,48,92,47,96,88],"class_list":["post-5280","post","type-post","status-publish","format-standard","has-post-thumbnail","hentry","category-blog","tag-disenadores-sostenibles","tag-moda-etica","tag-moda-latina","tag-moda-latinoamericana","tag-moda-sostenible","tag-moda-sustentable","tag-universo-mola"],"_links":{"self":[{"href":"https:\/\/universomola.com\/en\/wp-json\/wp\/v2\/posts\/5280","targetHints":{"allow":["GET"]}}],"collection":[{"href":"https:\/\/universomola.com\/en\/wp-json\/wp\/v2\/posts"}],"about":[{"href":"https:\/\/universomola.com\/en\/wp-json\/wp\/v2\/types\/post"}],"author":[{"embeddable":true,"href":"https:\/\/universomola.com\/en\/wp-json\/wp\/v2\/users\/9"}],"replies":[{"embeddable":true,"href":"https:\/\/universomola.com\/en\/wp-json\/wp\/v2\/comments?post=5280"}],"version-history":[{"count":1,"href":"https:\/\/universomola.com\/en\/wp-json\/wp\/v2\/posts\/5280\/revisions"}],"predecessor-version":[{"id":5283,"href":"https:\/\/universomola.com\/en\/wp-json\/wp\/v2\/posts\/5280\/revisions\/5283"}],"wp:featuredmedia":[{"embeddable":true,"href":"https:\/\/universomola.com\/en\/wp-json\/wp\/v2\/media\/5263"}],"wp:attachment":[{"href":"https:\/\/universomola.com\/en\/wp-json\/wp\/v2\/media?parent=5280"}],"wp:term":[{"taxonomy":"category","embeddable":true,"href":"https:\/\/universomola.com\/en\/wp-json\/wp\/v2\/categories?post=5280"},{"taxonomy":"post_tag","embeddable":true,"href":"https:\/\/universomola.com\/en\/wp-json\/wp\/v2\/tags?post=5280"}],"curies":[{"name":"wp","href":"https:\/\/api.w.org\/{rel}","templated":true}]}}