{"id":5284,"date":"2019-04-18T13:34:32","date_gmt":"2019-04-18T16:34:32","guid":{"rendered":"http:\/\/desarrollosdeprueba.xyz\/universo_mola\/?p=5284"},"modified":"2021-08-08T13:39:58","modified_gmt":"2021-08-08T16:39:58","slug":"el-tinturado-textil-sintetico-y-natural","status":"publish","type":"post","link":"https:\/\/universomola.com\/en\/el-tinturado-textil-sintetico-y-natural\/","title":{"rendered":"EL TINTURADO TEXTIL: SINT\u00c9TICO Y NATURAL."},"content":{"rendered":"<div class=\"fusion-fullwidth fullwidth-box fusion-builder-row-1 fusion-flex-container nonhundred-percent-fullwidth non-hundred-percent-height-scrolling\" style=\"--awb-border-radius-top-left:0px;--awb-border-radius-top-right:0px;--awb-border-radius-bottom-right:0px;--awb-border-radius-bottom-left:0px;--awb-flex-wrap:wrap;\" ><div class=\"fusion-builder-row fusion-row fusion-flex-align-items-flex-start fusion-flex-content-wrap\" style=\"max-width:1248px;margin-left: calc(-4% \/ 2 );margin-right: calc(-4% \/ 2 );\"><div class=\"fusion-layout-column fusion_builder_column fusion-builder-column-0 fusion_builder_column_1_1 1_1 fusion-flex-column\" style=\"--awb-bg-size:cover;--awb-width-large:100%;--awb-margin-top-large:0px;--awb-spacing-right-large:1.92%;--awb-margin-bottom-large:0px;--awb-spacing-left-large:1.92%;--awb-width-medium:100%;--awb-spacing-right-medium:1.92%;--awb-spacing-left-medium:1.92%;--awb-width-small:100%;--awb-spacing-right-small:1.92%;--awb-spacing-left-small:1.92%;\"><div class=\"fusion-column-wrapper fusion-flex-justify-content-flex-start fusion-content-layout-column\"><div class=\"fusion-text fusion-text-1\"><p><em><span style=\"color: #33cccc;\">Escrito por: Noticias de Universo MOLA<\/span><\/em><\/p>\n<p><span style=\"font-weight: 400; color: #999999;\">Por Michelle Castro &#8211; Voz del #UniversoMOLA Ecuador<\/span><\/p>\n<p><b><i>\u00bfSab\u00edas que la industria textil se coloca en la sexta posici\u00f3n por los desechos t\u00f3xicos?<\/i><\/b><\/p>\n<p><span style=\"font-weight: 400;\">Esto pasa porque el sector del tintado ha hecho que nuestra ropa sea bonita y llamativa, pero <\/span><b>ha convertido el agua limpia en negra<\/b><span style=\"font-weight: 400;\">. De las mism\u00edsimas f\u00e1bricas de nuestras marcas favoritas salen un mont\u00f3n de agentes qu\u00edmicos.\u00a0 El mundo de las tinturas en la industria textil y el efecto que ellas tienen sobre el medio ambiente y las personas que trabajan manej\u00e1ndolas a diario se convierte en una problem\u00e1tica global en t\u00e9rminos tanto ecol\u00f3gicos como laborales.<\/span><\/p>\n<p><img decoding=\"async\" class=\"alignnone size-full wp-image-5289 lazyload\" data-src=\"http:\/\/desarrollosdeprueba.xyz\/universo_mola\/wp-content\/uploads\/2021\/08\/Captura116.png\" alt=\"\" width=\"606\" height=\"458\" data-srcset=\"https:\/\/universomola.com\/wp-content\/uploads\/2021\/08\/Captura116-200x151.png 200w, https:\/\/universomola.com\/wp-content\/uploads\/2021\/08\/Captura116-300x227.png 300w, https:\/\/universomola.com\/wp-content\/uploads\/2021\/08\/Captura116-400x302.png 400w, https:\/\/universomola.com\/wp-content\/uploads\/2021\/08\/Captura116-500x378.png 500w, https:\/\/universomola.com\/wp-content\/uploads\/2021\/08\/Captura116-600x453.png 600w, https:\/\/universomola.com\/wp-content\/uploads\/2021\/08\/Captura116.png 606w\" data-sizes=\"(max-width: 606px) 100vw, 606px\" src=\"data:image\/svg+xml;base64,PHN2ZyB3aWR0aD0iMSIgaGVpZ2h0PSIxIiB4bWxucz0iaHR0cDovL3d3dy53My5vcmcvMjAwMC9zdmciPjwvc3ZnPg==\" style=\"--smush-placeholder-width: 606px; --smush-placeholder-aspect-ratio: 606\/458;\" \/><\/p>\n<p><span style=\"font-weight: 400;\">Es un problema global pero que se inicia especialmente en <\/span><b>China<\/b><span style=\"font-weight: 400;\">. Seg\u00fan algunos c\u00e1lculos, produce, y luego vierte, aproximadamente un <\/span><b>40% de todos los productos qu\u00edmicos<\/b><span style=\"font-weight: 400;\"> de tintes del mundo. <\/span><\/p>\n<p><b>Pero <\/b><b><i>\u00bfExisten alternativas sostenibles para evitar el uso de tintes sint\u00e9ticos?<\/i><\/b><\/p>\n<p><img decoding=\"async\" class=\"alignnone size-full wp-image-5285 lazyload\" data-src=\"http:\/\/desarrollosdeprueba.xyz\/universo_mola\/wp-content\/uploads\/2021\/08\/Captura117.png\" alt=\"\" width=\"271\" height=\"271\" data-srcset=\"https:\/\/universomola.com\/wp-content\/uploads\/2021\/08\/Captura117-66x66.png 66w, https:\/\/universomola.com\/wp-content\/uploads\/2021\/08\/Captura117-100x100.png 100w, https:\/\/universomola.com\/wp-content\/uploads\/2021\/08\/Captura117-150x150.png 150w, https:\/\/universomola.com\/wp-content\/uploads\/2021\/08\/Captura117-200x200.png 200w, https:\/\/universomola.com\/wp-content\/uploads\/2021\/08\/Captura117.png 271w\" data-sizes=\"(max-width: 271px) 100vw, 271px\" src=\"data:image\/svg+xml;base64,PHN2ZyB3aWR0aD0iMSIgaGVpZ2h0PSIxIiB4bWxucz0iaHR0cDovL3d3dy53My5vcmcvMjAwMC9zdmciPjwvc3ZnPg==\" style=\"--smush-placeholder-width: 271px; --smush-placeholder-aspect-ratio: 271\/271;\" \/><\/p>\n<p><span style=\"font-weight: 400;\">Claro que s\u00ed, la alternativa inmediata, aunque no la m\u00e1s viable para muchos negocios de la industria de moda, es la de los <\/span><b>tintes naturales<\/b><span style=\"font-weight: 400;\">. Estos son tintes provenientes de plantas, ra\u00edces y animales. El te\u00f1ido artesanal de textiles con colorantes naturales ya sean de origen vegetal, animal o mineral, fue el principal m\u00e9todo para tinturar textiles desde \u00e9pocas prehist\u00f3ricas hasta mediados del siglo XIX.\u00a0<\/span><\/p>\n<p><span style=\"font-weight: 400;\">En <\/span><b>Ecuador<\/b><span style=\"font-weight: 400;\">, al ser ricos en flora y fauna contamos con diversas fuentes de extracci\u00f3n del color como, por ejemplo:\u00a0 <\/span><b>\u00f1accha, nogal, chilco y remolacha<\/b><span style=\"font-weight: 400;\">, donde el nogal proporciona los colores m\u00e1s variados. La c\u00e1scara del \u00e1rbol al ser hervida da un tono chocolate, la hoja da tonos verdes y la fruta un caf\u00e9 intenso. Las flores de \u00f1accha permiten un amarillo claro; el chilco es especial para diversos tipos de verde; mientras que la remolacha provee un color vinotinto.<\/span><\/p>\n<p><img decoding=\"async\" class=\"alignnone size-full wp-image-5286 lazyload\" data-src=\"http:\/\/desarrollosdeprueba.xyz\/universo_mola\/wp-content\/uploads\/2021\/08\/Captura118.png\" alt=\"\" width=\"322\" height=\"240\" data-srcset=\"https:\/\/universomola.com\/wp-content\/uploads\/2021\/08\/Captura118-200x149.png 200w, https:\/\/universomola.com\/wp-content\/uploads\/2021\/08\/Captura118-300x224.png 300w, https:\/\/universomola.com\/wp-content\/uploads\/2021\/08\/Captura118.png 322w\" data-sizes=\"(max-width: 322px) 100vw, 322px\" src=\"data:image\/svg+xml;base64,PHN2ZyB3aWR0aD0iMSIgaGVpZ2h0PSIxIiB4bWxucz0iaHR0cDovL3d3dy53My5vcmcvMjAwMC9zdmciPjwvc3ZnPg==\" style=\"--smush-placeholder-width: 322px; --smush-placeholder-aspect-ratio: 322\/240;\" \/><\/p>\n<p><b>La tonalidad e intensidad del color depende del elemento que use<\/b><span style=\"font-weight: 400;\">, as\u00ed como la cantidad y concentraci\u00f3n del principio activo en relaci\u00f3n con el peso de la tela. Cabe mencionar que, si bien se puede conseguir una amplia gama de colores, al ser de origen natural, <\/span><b>la mayor\u00eda de los colorantes vegetales resultan generar tonos suave<\/b><span style=\"font-weight: 400;\">s, m\u00e1s tenues a diferencia de los colores intensos que se pueden conseguir con colorantes sint\u00e9ticos.<\/span><\/p>\n<p><span style=\"font-weight: 400;\">Sin embargo, hay otra opci\u00f3n ubicada en las nuevas tecnolog\u00edas donde existe el proceso de <\/span><b>te\u00f1ido sin agua<\/b><span style=\"font-weight: 400;\">. Si, as\u00ed como lo lees. Existen procesos como <\/span><b>DyeCoo<\/b><span style=\"font-weight: 400;\"> o <\/span><b>AirDye<\/b><span style=\"font-weight: 400;\"> u otras tecnolog\u00edas como <\/span><b>ColorZen<\/b><span style=\"font-weight: 400;\">\u00a0 that <\/span><b>reducen el uso de agua y electricidad al 90% y 75%<\/b><span style=\"font-weight: 400;\"> respectivamente y <\/span><b>sin usar qu\u00edmicos t\u00f3xicos<\/b><span style=\"font-weight: 400;\">. Aunque los tres procesos difieren mucho entre s\u00ed, los resultados son bastante parecidos.\u00a0<\/span><\/p>\n<p><span style=\"font-weight: 400;\">Para concluir, el concepto de moda sustentable cada vez va tomando m\u00e1s fuerza y actualmente se est\u00e1n investigando y desarrollando t\u00e9cnicas para introducir pr\u00e1cticas m\u00e1s sustentables en la cadena de producci\u00f3n en Ecuador y a nivel internacional. Sin embargo, se debe tener en cuenta que ning\u00fan proceso puede ser 100% sustentable o que no tendr\u00e1 alg\u00fan impacto sobre el planeta. <\/span><b>Lo que se busca es reducir cuanto m\u00e1s se pueda la contaminaci\u00f3n y el gasto de recursos naturales<\/b><span style=\"font-weight: 400;\">.<\/span><\/p>\n<p><img decoding=\"async\" class=\"alignnone size-full wp-image-5287 lazyload\" data-src=\"http:\/\/desarrollosdeprueba.xyz\/universo_mola\/wp-content\/uploads\/2021\/08\/Captura119.png\" alt=\"\" width=\"608\" height=\"249\" data-srcset=\"https:\/\/universomola.com\/wp-content\/uploads\/2021\/08\/Captura119-200x82.png 200w, https:\/\/universomola.com\/wp-content\/uploads\/2021\/08\/Captura119-300x123.png 300w, https:\/\/universomola.com\/wp-content\/uploads\/2021\/08\/Captura119-400x164.png 400w, https:\/\/universomola.com\/wp-content\/uploads\/2021\/08\/Captura119-500x205.png 500w, https:\/\/universomola.com\/wp-content\/uploads\/2021\/08\/Captura119-600x246.png 600w, https:\/\/universomola.com\/wp-content\/uploads\/2021\/08\/Captura119.png 608w\" data-sizes=\"(max-width: 608px) 100vw, 608px\" src=\"data:image\/svg+xml;base64,PHN2ZyB3aWR0aD0iMSIgaGVpZ2h0PSIxIiB4bWxucz0iaHR0cDovL3d3dy53My5vcmcvMjAwMC9zdmciPjwvc3ZnPg==\" style=\"--smush-placeholder-width: 608px; --smush-placeholder-aspect-ratio: 608\/249;\" \/><\/p>\n<p><span style=\"color: #d11919;\"><b><i>Y desafiamos a todos quienes est\u00e9n inmersos en la industria de la moda que tal vez no sea posible crear una prenda completamente sustentable, pero debemos tomar acciones inmediatas que est\u00e9n a nuestro alcance.<\/i><\/b><\/span><\/p>\n<\/div><\/div><\/div><\/div><\/div>","protected":false},"excerpt":{"rendered":"<p>Lorem ipsum dolor sit amet, consectetur adipiscing elit. Nam pharetra dictum eleifend. Sed posuere magna at luctus pretium. Aliquam ligula sem, aliquet sit amet nisi ac, dignissim porta ipsum.<\/p>","protected":false},"author":9,"featured_media":5288,"comment_status":"open","ping_status":"open","sticky":false,"template":"","format":"standard","meta":{"_monsterinsights_skip_tracking":false,"_monsterinsights_sitenote_active":false,"_monsterinsights_sitenote_note":"","_monsterinsights_sitenote_category":0,"footnotes":""},"categories":[40],"tags":[93,89,48,92,47,96,88],"class_list":["post-5284","post","type-post","status-publish","format-standard","has-post-thumbnail","hentry","category-blog","tag-disenadores-sostenibles","tag-moda-etica","tag-moda-latina","tag-moda-latinoamericana","tag-moda-sostenible","tag-moda-sustentable","tag-universo-mola"],"_links":{"self":[{"href":"https:\/\/universomola.com\/en\/wp-json\/wp\/v2\/posts\/5284","targetHints":{"allow":["GET"]}}],"collection":[{"href":"https:\/\/universomola.com\/en\/wp-json\/wp\/v2\/posts"}],"about":[{"href":"https:\/\/universomola.com\/en\/wp-json\/wp\/v2\/types\/post"}],"author":[{"embeddable":true,"href":"https:\/\/universomola.com\/en\/wp-json\/wp\/v2\/users\/9"}],"replies":[{"embeddable":true,"href":"https:\/\/universomola.com\/en\/wp-json\/wp\/v2\/comments?post=5284"}],"version-history":[{"count":1,"href":"https:\/\/universomola.com\/en\/wp-json\/wp\/v2\/posts\/5284\/revisions"}],"predecessor-version":[{"id":5290,"href":"https:\/\/universomola.com\/en\/wp-json\/wp\/v2\/posts\/5284\/revisions\/5290"}],"wp:featuredmedia":[{"embeddable":true,"href":"https:\/\/universomola.com\/en\/wp-json\/wp\/v2\/media\/5288"}],"wp:attachment":[{"href":"https:\/\/universomola.com\/en\/wp-json\/wp\/v2\/media?parent=5284"}],"wp:term":[{"taxonomy":"category","embeddable":true,"href":"https:\/\/universomola.com\/en\/wp-json\/wp\/v2\/categories?post=5284"},{"taxonomy":"post_tag","embeddable":true,"href":"https:\/\/universomola.com\/en\/wp-json\/wp\/v2\/tags?post=5284"}],"curies":[{"name":"wp","href":"https:\/\/api.w.org\/{rel}","templated":true}]}}