{"id":5309,"date":"2019-04-30T14:05:08","date_gmt":"2019-04-30T17:05:08","guid":{"rendered":"http:\/\/desarrollosdeprueba.xyz\/universo_mola\/?p=5309"},"modified":"2021-08-08T14:08:22","modified_gmt":"2021-08-08T17:08:22","slug":"desarrollo-economico-vs-desarrollo-social","status":"publish","type":"post","link":"https:\/\/universomola.com\/en\/desarrollo-economico-vs-desarrollo-social\/","title":{"rendered":"DESARROLLO ECON\u00d3MICO VS. DESARROLLO SOCIAL"},"content":{"rendered":"<div class=\"fusion-fullwidth fullwidth-box fusion-builder-row-1 fusion-flex-container nonhundred-percent-fullwidth non-hundred-percent-height-scrolling\" style=\"--awb-border-radius-top-left:0px;--awb-border-radius-top-right:0px;--awb-border-radius-bottom-right:0px;--awb-border-radius-bottom-left:0px;--awb-flex-wrap:wrap;\" ><div class=\"fusion-builder-row fusion-row fusion-flex-align-items-flex-start fusion-flex-content-wrap\" style=\"max-width:1248px;margin-left: calc(-4% \/ 2 );margin-right: calc(-4% \/ 2 );\"><div class=\"fusion-layout-column fusion_builder_column fusion-builder-column-0 fusion_builder_column_1_1 1_1 fusion-flex-column\" style=\"--awb-bg-size:cover;--awb-width-large:100%;--awb-margin-top-large:0px;--awb-spacing-right-large:1.92%;--awb-margin-bottom-large:0px;--awb-spacing-left-large:1.92%;--awb-width-medium:100%;--awb-spacing-right-medium:1.92%;--awb-spacing-left-medium:1.92%;--awb-width-small:100%;--awb-spacing-right-small:1.92%;--awb-spacing-left-small:1.92%;\"><div class=\"fusion-column-wrapper fusion-flex-justify-content-flex-start fusion-content-layout-column\"><div class=\"fusion-text fusion-text-1\"><p><em><span style=\"color: #33cccc;\">Escrito por: Noticias de Universo MOLA<\/span><\/em><\/p>\n<p><span style=\"font-weight: 400; color: #999999;\">Por Eloisa Ponce de Le\u00f3n &#8211; Voz del #UniversoMOLA Uruguay<\/span><\/p>\n<p><span style=\"font-weight: 400;\">The <\/span><b>OIT<\/b><span style=\"font-weight: 400;\"> (Organizaci\u00f3n Internacional del Trabajo) plantea que \u201c<\/span><i><span style=\"font-weight: 400;\">el sector de los textiles, el vestido, el cuero y el calzado se caracterizan por una producci\u00f3n geogr\u00e1ficamente dispersa y por cambios r\u00e1pidos impulsados por el mercado, y proporciona oportunidades de empleo a millones de trabajadores en todo el mundo, en particular las mujeres j\u00f3venes\u201d\u00a0<\/span><\/i><\/p>\n<p><span style=\"font-weight: 400;\">Esta organizaci\u00f3n considera que, actualmente,<\/span><b> la industria textil \u201c<\/b><b><i>se caracteriza por su gran volatilidad, su baja predictibilidad y, en general, sus bajos m\u00e1rgenes de beneficios<\/i><\/b> <b><i>(\u2026) Adem\u00e1s, el sector sigue siendo uno de los que tienen mayor densidad de mano de obra, a pesar de los avances tecnol\u00f3gicos y de los progresos realizados en las pr\u00e1cticas laborales\u201d<\/i><\/b><\/p>\n<p><span style=\"font-weight: 400;\">La tendencia ha sido, en los \u00faltimos tiempos, ir hacia una producci\u00f3n m\u00e1s r\u00e1pida y precios m\u00e1s bajos (lo que hoy conocemos como Fast Fashion). Las consecuencias son conocidas y el tema est\u00e1 m\u00e1s que hablado, pero no siempre se conoce el origen o el momento de inflexi\u00f3n.\u00a0<\/span><\/p>\n<p><span style=\"font-weight: 400;\">Una de las razones m\u00e1s importantes, que ha llevado a este cambio en la industria de la moda, fue la supresi\u00f3n en forma progresiva del <\/span><b>Acuerdo Multifibras en 2005<\/b><span style=\"font-weight: 400;\">; este rigi\u00f3 el comercio de textiles desde 1974 hasta la Ronda Uruguay <\/span><i><span style=\"font-weight: 400;\">(\u201coctava reuni\u00f3n entre pa\u00edses con el fin de negociar la pol\u00edtica de <\/span><\/i><i><span style=\"font-weight: 400;\">aranceles<\/span><\/i><i><span style=\"font-weight: 400;\"> and the <\/span><\/i><i><span style=\"font-weight: 400;\">liberalizaci\u00f3n<\/span><\/i><i><span style=\"font-weight: 400;\"> de mercados a nivel mundial, que se abri\u00f3 en <\/span><\/i><i><span style=\"font-weight: 400;\">Punta del Este<\/span><\/i><i><span style=\"font-weight: 400;\"> (<\/span><\/i><i><span style=\"font-weight: 400;\">Uruguay<\/span><\/i><i><span style=\"font-weight: 400;\">) en <\/span><\/i><i><span style=\"font-weight: 400;\">1986<\/span><\/i><i><span style=\"font-weight: 400;\"> y concluy\u00f3 en <\/span><\/i><i><span style=\"font-weight: 400;\">Marruecos<\/span><\/i><i><span style=\"font-weight: 400;\"> their <\/span><\/i><i><span style=\"font-weight: 400;\">15 de diciembre<\/span><\/i><i><span style=\"font-weight: 400;\"> from <\/span><\/i><i><span style=\"font-weight: 400;\">1993<\/span><\/i><i><span style=\"font-weight: 400;\">\u201d)<\/span><\/i><\/p>\n<p><span style=\"font-weight: 400;\">Este acuerdo, seg\u00fan la<\/span><b> Organizaci\u00f3n Internacional de Comercio<\/b><span style=\"font-weight: 400;\">,<\/span><i><span style=\"font-weight: 400;\"> \u201cpreve\u00eda la aplicaci\u00f3n selectiva de restricciones cuantitativas cuando un brusco aumento de las importaciones de un determinado producto causara, o amenazara causar, un perjuicio grave a la rama de producci\u00f3n del pa\u00eds importador\u201d. <\/span><\/i><span style=\"font-weight: 400;\">En otras palabras, se buscaba limitar la cantidad de art\u00edculos de indumentaria y textiles importados, para proteger la industria nacional del pa\u00eds importador.\u00a0<\/span><\/p>\n<p><span style=\"font-weight: 400;\">Seg\u00fan explica la <\/span><b>Red Solidaria de la Maquila<\/b><span style=\"font-weight: 400;\"> (organizaci\u00f3n de derechos laborales y de las mujeres que apoya los esfuerzos de las trabajadoras en las cadenas globales de suministros para lograr mejores salarios y condiciones de trabajo y un mayor respeto por sus derechos) <\/span><i><span style=\"font-weight: 400;\">\u201cbajo el AMF, Canad\u00e1, EE UU y la Uni\u00f3n Europea pod\u00edan establecer l\u00edmites, llamados cuotas, sobre la cantidad de art\u00edculos de indumentaria y textiles hechos en el extranjero que pod\u00eda entrar en sus pa\u00edses de cualquier otro pa\u00eds productor espec\u00edfico. Desde 1974, se aplicaron cuotas a 73 pa\u00edses en el Sur global, mayoritariamente en Asia. En 1995 entr\u00f3 en vigencia el Acuerdo Sobre los Textiles y el Vestido de la OMC, bajo el cual las cuotas fueron eliminadas en cuatro etapas durante un per\u00edodo de diez a\u00f1os y eliminadas el 31 de diciembre de 2004\u201d<\/span><\/i><\/p>\n<p><b>Puede decirse que el 1 de Enero de 2005, comenz\u00f3 una etapa completamente nueva para la industria textil. Los importadores ya no pod\u00edan discriminar entre los exportadores.<\/b><\/p>\n<p><img decoding=\"async\" class=\"alignnone size-full wp-image-5311 lazyload\" data-src=\"http:\/\/desarrollosdeprueba.xyz\/universo_mola\/wp-content\/uploads\/2021\/08\/Captura133.png\" alt=\"\" width=\"336\" height=\"328\" data-srcset=\"https:\/\/universomola.com\/wp-content\/uploads\/2021\/08\/Captura133-200x195.png 200w, https:\/\/universomola.com\/wp-content\/uploads\/2021\/08\/Captura133-300x293.png 300w, https:\/\/universomola.com\/wp-content\/uploads\/2021\/08\/Captura133.png 336w\" data-sizes=\"(max-width: 336px) 100vw, 336px\" src=\"data:image\/svg+xml;base64,PHN2ZyB3aWR0aD0iMSIgaGVpZ2h0PSIxIiB4bWxucz0iaHR0cDovL3d3dy53My5vcmcvMjAwMC9zdmciPjwvc3ZnPg==\" style=\"--smush-placeholder-width: 336px; --smush-placeholder-aspect-ratio: 336\/328;\" \/><\/p>\n<p><span style=\"font-weight: 400;\">Con estos cambios, en los mercados mundiales, pasar\u00edan a imponerse aquellos pa\u00edses que pudieran ofrecer mejores productos, pero sobre todo, a mejores precios. En \u00e9pocas donde el Acuerdo Multifibras estaba pr\u00f3ximo a culminar, se estipulaba que China e India captar\u00edan m\u00e1s del 50% del mercado mundial del vestido.<\/span><\/p>\n<p><span style=\"font-weight: 400;\">Las presiones comerciales, el desarrollo econ\u00f3mico de los pa\u00edses y otros factores, marcan el ritmo de los acuerdos que se realizan entre diversos pa\u00edses alrededor del mundo; pero no siempre se contemplan todas las consecuencias.\u00a0<\/span><\/p>\n<p><span style=\"font-weight: 400;\">Una de las mayores contiendas de la era moderna, tiene que ver con el desarrollo de los pa\u00edses y sus econom\u00edas versus el desarrollo social. <\/span><b>Los pa\u00edses subdesarrollados o en v\u00edas de desarrollo necesitan inversiones<\/b><span style=\"font-weight: 400;\"> (las cuales no siempre son bien recibidas por activistas ambientales o de derechos humanos) el precio de los productos realizados en otros pa\u00edses suele ser imposible de enfrentar para las empresas locales y as\u00ed muchos otros conflictos.\u00a0<\/span><\/p>\n<p><span style=\"font-weight: 400;\">El mundo es din\u00e1mico y en tiempos de globalizaci\u00f3n, cada vez se hace m\u00e1s dif\u00edcil equilibrar el desarrollo econ\u00f3mico y el social. En medio de una crisis econ\u00f3mica que afecta a gran parte de los pa\u00edses, poner requisitos demasiado exigentes para inversiones extranjeras se convierte en un lujo que nadie puede darse. En \u00e9pocas de migraci\u00f3n por exilio pol\u00edtico, econ\u00f3mico y\/o ambiental, luchar contra la esclavitud moderna se vuelve una quimera.<\/span><\/p>\n<\/div><\/div><\/div><\/div><\/div>","protected":false},"excerpt":{"rendered":"<p>Lorem ipsum dolor sit amet, consectetur adipiscing elit. Nam pharetra dictum eleifend. Sed posuere magna at luctus pretium. Aliquam ligula sem, aliquet sit amet nisi ac, dignissim porta ipsum.<\/p>","protected":false},"author":9,"featured_media":5310,"comment_status":"open","ping_status":"open","sticky":false,"template":"","format":"standard","meta":{"_monsterinsights_skip_tracking":false,"_monsterinsights_sitenote_active":false,"_monsterinsights_sitenote_note":"","_monsterinsights_sitenote_category":0,"footnotes":""},"categories":[40],"tags":[93,89,48,92,47,96,88],"class_list":["post-5309","post","type-post","status-publish","format-standard","has-post-thumbnail","hentry","category-blog","tag-disenadores-sostenibles","tag-moda-etica","tag-moda-latina","tag-moda-latinoamericana","tag-moda-sostenible","tag-moda-sustentable","tag-universo-mola"],"_links":{"self":[{"href":"https:\/\/universomola.com\/en\/wp-json\/wp\/v2\/posts\/5309","targetHints":{"allow":["GET"]}}],"collection":[{"href":"https:\/\/universomola.com\/en\/wp-json\/wp\/v2\/posts"}],"about":[{"href":"https:\/\/universomola.com\/en\/wp-json\/wp\/v2\/types\/post"}],"author":[{"embeddable":true,"href":"https:\/\/universomola.com\/en\/wp-json\/wp\/v2\/users\/9"}],"replies":[{"embeddable":true,"href":"https:\/\/universomola.com\/en\/wp-json\/wp\/v2\/comments?post=5309"}],"version-history":[{"count":1,"href":"https:\/\/universomola.com\/en\/wp-json\/wp\/v2\/posts\/5309\/revisions"}],"predecessor-version":[{"id":5312,"href":"https:\/\/universomola.com\/en\/wp-json\/wp\/v2\/posts\/5309\/revisions\/5312"}],"wp:featuredmedia":[{"embeddable":true,"href":"https:\/\/universomola.com\/en\/wp-json\/wp\/v2\/media\/5310"}],"wp:attachment":[{"href":"https:\/\/universomola.com\/en\/wp-json\/wp\/v2\/media?parent=5309"}],"wp:term":[{"taxonomy":"category","embeddable":true,"href":"https:\/\/universomola.com\/en\/wp-json\/wp\/v2\/categories?post=5309"},{"taxonomy":"post_tag","embeddable":true,"href":"https:\/\/universomola.com\/en\/wp-json\/wp\/v2\/tags?post=5309"}],"curies":[{"name":"wp","href":"https:\/\/api.w.org\/{rel}","templated":true}]}}