{"id":5313,"date":"2019-05-06T14:10:39","date_gmt":"2019-05-06T17:10:39","guid":{"rendered":"http:\/\/desarrollosdeprueba.xyz\/universo_mola\/?p=5313"},"modified":"2021-08-08T14:12:04","modified_gmt":"2021-08-08T17:12:04","slug":"el-yute-del-cafe-brasil-a-la-moda-sostenible","status":"publish","type":"post","link":"https:\/\/universomola.com\/en\/el-yute-del-cafe-brasil-a-la-moda-sostenible\/","title":{"rendered":"EL YUTE &#8211; DEL CAF\u00c9 BRASIL A LA MODA SOSTENIBLE"},"content":{"rendered":"<div class=\"fusion-fullwidth fullwidth-box fusion-builder-row-1 fusion-flex-container nonhundred-percent-fullwidth non-hundred-percent-height-scrolling\" style=\"--awb-border-radius-top-left:0px;--awb-border-radius-top-right:0px;--awb-border-radius-bottom-right:0px;--awb-border-radius-bottom-left:0px;--awb-flex-wrap:wrap;\" ><div class=\"fusion-builder-row fusion-row fusion-flex-align-items-flex-start fusion-flex-content-wrap\" style=\"max-width:1248px;margin-left: calc(-4% \/ 2 );margin-right: calc(-4% \/ 2 );\"><div class=\"fusion-layout-column fusion_builder_column fusion-builder-column-0 fusion_builder_column_1_1 1_1 fusion-flex-column\" style=\"--awb-bg-size:cover;--awb-width-large:100%;--awb-margin-top-large:0px;--awb-spacing-right-large:1.92%;--awb-margin-bottom-large:0px;--awb-spacing-left-large:1.92%;--awb-width-medium:100%;--awb-spacing-right-medium:1.92%;--awb-spacing-left-medium:1.92%;--awb-width-small:100%;--awb-spacing-right-small:1.92%;--awb-spacing-left-small:1.92%;\"><div class=\"fusion-column-wrapper fusion-flex-justify-content-flex-start fusion-content-layout-column\"><div class=\"fusion-text fusion-text-1\"><p><em><span style=\"color: #33cccc;\">Escrito por: Noticias de Universo MOLA<\/span><\/em><\/p>\n<p><span style=\"font-weight: 400; color: #999999;\">Por Voces del #UniversoMOLA Brasil<\/span><\/p>\n<p><span style=\"font-weight: 400;\">El yute en Brasil tiene su producci\u00f3n principalmente destinada a las bolsas de caf\u00e9, decoraci\u00f3n y calzados. Sin embargo <\/span><b>su uso ha sido cada vez m\u00e1s frecuente y estimulado en la moda nacional<\/b><span style=\"font-weight: 400;\">, sea por su aspecto r\u00fastico y natural, como por el hecho de ser una fibra biodegradable y de alta resistencia. Sin embargo, por no contar con un beneficiamiento en escala que haga el yute m\u00e1s suave y maleable, su uso todav\u00eda queda restringido. En la semana de moda en SP, la SPFW, presenciamos la incursi\u00f3n del yute en el desfile de la estilista de moda sostenible <\/span><b>Fl\u00e1via Aranha<\/b><span style=\"font-weight: 400;\"> que es conocida por sus tintes naturales e impresiones bot\u00e1nicas. En esta nueva colecci\u00f3n, <\/span><b>la estilista alcanz\u00f3 un resultado innovador a trav\u00e9s del te\u00f1ido de la fibra con el palo-brasil<\/b><span style=\"font-weight: 400;\">: primero, un color vibrante &#8211; un rojo fuerte -, y segundo, el ablandamiento natural del tejido a trav\u00e9s del te\u00f1ido realizado, recordando la textura de un tejido de lino m\u00e1s grueso.<\/span><\/p>\n<p><i><span style=\"font-weight: 400;\">A juta no Brasil tem sua produ\u00e7\u00e3o principalmente destinada \u00e0s sacarias de Caf\u00e9, decora\u00e7\u00e3o e cal\u00e7ados. No entanto seu uso tem sido cada vez mais frequente e estimulado na Moda nacional, seja pelo seu aspecto r\u00fastico e natural, como pelo fato de ser uma fibra biodegrad\u00e1vel e de alta resist\u00eancia. No entanto, por ainda n\u00e3o contar com um beneficiamento em escala que torne a juta mais suave e male\u00e1vel, seu uso ainda fica restrito. Na semana de moda em SP, a SPFW, presenciamos a incurs\u00e3o da juta no desfile da estilista de moda sustent\u00e1vel Fl\u00e1via Aranha que \u00e9 conhecida por seus tingimentos naturais e impress\u00f5es bot\u00e2nicas. Nessa nova cole\u00e7\u00e3o, a estilista alcan\u00e7ou um resultado inovador atrav\u00e9s do tingimento da fibra com o pau-brasil: primeiro, uma cor vibrante &#8211; um vermelho forte -, e segundo, o amaciamento natural do tecido atrav\u00e9s do tingimento realizado, lembrando a textura de um linh\u00e3o.\u00a0<\/span><\/i><\/p>\n<p><b>El yute es una fibra textil vegetal que fue introducida en Brasil por los japoneses<\/b><span style=\"font-weight: 400;\"> y se convirti\u00f3 en una de las principales actividades econ\u00f3micas de las poblaciones ribere\u00f1as de la regi\u00f3n amaz\u00f3nica, siendo el factor fundamental de la fijaci\u00f3n de m\u00e1s de 15 mil familias en el campo. <\/span><b>La plantaci\u00f3n del yute se realiza en las m\u00e1rgenes de los R\u00edos Solim\u00f5es y Amazonas.<\/b><span style=\"font-weight: 400;\"> La fibra seca se vende a la empresa de producci\u00f3n de yute y en su proceso de transformaci\u00f3n de la fibra en tejido s\u00f3lo se utilizan aditivos org\u00e1nicos y los aceites vegetales. Esto, asociado a las caracter\u00edsticas naturales de la planta, hace que los productos de yute sean totalmente biodegradables. Es decir, cuando el producto de yute es descartado, se desintegra completamente en menos de un a\u00f1o sin dejar ning\u00fan residuo o da\u00f1o ambiental.\u00a0<\/span><\/p>\n<p><i><span style=\"font-weight: 400;\">A juta \u00e9 uma fibra t\u00eaxtil vegetal que foi introduzida no Brasil pelos japoneses e tornou-se uma das principais atividades econ\u00f4micas das popula\u00e7\u00f5es ribeirinhas da regi\u00e3o amaz\u00f4nica, sendo o fator fundamental da fixa\u00e7\u00e3o de mais de 15 mil fam\u00edlias no campo. O plantio da juta \u00e9 realizado nas margens dos Rios Solim\u00f5es e Amazonas. A fibra seca \u00e9 vendida para empresa de produ\u00e7\u00e3o de juta e no seu processo de transforma\u00e7\u00e3o da fibra em tecido s\u00e3o utilizados apenas aditivos org\u00e2nicos e os \u00f3leos vegetais. Isso, associado \u00e0s caracter\u00edsticas naturais da planta, faz com que os produtos de juta sejam totalmente biodegrad\u00e1veis. Ou seja, quando o produto de juta \u00e9 descartado, ele se desintegra completamente em menos de um ano sem deixar qualquer res\u00edduo ou dano ambiental.<\/span><\/i><\/p>\n<p><b>Castanhal<\/b><span style=\"font-weight: 400;\">, el mayor fabricante de productos de yute de Brasil,<\/span><b> conquist\u00f3 el sello \u00abFair Trade\u00bb<\/b><span style=\"font-weight: 400;\">, siendo el primer fabricante de bolsas de yute en el mundo en conquistar esa certificaci\u00f3n. La empresa tambi\u00e9n viene estableciendo alianzas con marcas peque\u00f1as como DeLaurentis, con una colecci\u00f3n de delantales en yute, Grimmer, con bolsas en yute y aplicaciones en bordado y con la marca de joyas Bruna Fois que usa los hilos de yute en sus creaciones.<\/span><\/p>\n<p><i><span style=\"font-weight: 400;\">A Castanhal, maior fabricante de produtos de juta do Brasil, conquistou o selo \u201cFair Trade\u201d, sendo a primeira fabricante de sacos de juta no mundo a conquistar essa certifica\u00e7\u00e3o. A empresa tamb\u00e9m vem estabelecendo parcerias com marcas pequenas como a DeLaurentis, com uma cole\u00e7\u00e3o de aventais em juta, a Grimmer, com bolsas em juta e aplica\u00e7\u00f5es em bordado e com a marca de joias Bruna Fois que usa os fios de juta em suas cria\u00e7\u00f5es.\u00a0<\/span><\/i><\/p>\n<p><span style=\"font-weight: 400;\">Foto: @flaviaaranha<\/span><\/p>\n<\/div><\/div><\/div><\/div><\/div>","protected":false},"excerpt":{"rendered":"<p>Lorem ipsum dolor sit amet, consectetur adipiscing elit. Nam pharetra dictum eleifend. Sed posuere magna at luctus pretium. Aliquam ligula sem, aliquet sit amet nisi ac, dignissim porta ipsum.<\/p>","protected":false},"author":9,"featured_media":5314,"comment_status":"open","ping_status":"open","sticky":false,"template":"","format":"standard","meta":{"_monsterinsights_skip_tracking":false,"_monsterinsights_sitenote_active":false,"_monsterinsights_sitenote_note":"","_monsterinsights_sitenote_category":0,"footnotes":""},"categories":[40],"tags":[93,89,48,92,47,96,88],"class_list":["post-5313","post","type-post","status-publish","format-standard","has-post-thumbnail","hentry","category-blog","tag-disenadores-sostenibles","tag-moda-etica","tag-moda-latina","tag-moda-latinoamericana","tag-moda-sostenible","tag-moda-sustentable","tag-universo-mola"],"_links":{"self":[{"href":"https:\/\/universomola.com\/en\/wp-json\/wp\/v2\/posts\/5313","targetHints":{"allow":["GET"]}}],"collection":[{"href":"https:\/\/universomola.com\/en\/wp-json\/wp\/v2\/posts"}],"about":[{"href":"https:\/\/universomola.com\/en\/wp-json\/wp\/v2\/types\/post"}],"author":[{"embeddable":true,"href":"https:\/\/universomola.com\/en\/wp-json\/wp\/v2\/users\/9"}],"replies":[{"embeddable":true,"href":"https:\/\/universomola.com\/en\/wp-json\/wp\/v2\/comments?post=5313"}],"version-history":[{"count":1,"href":"https:\/\/universomola.com\/en\/wp-json\/wp\/v2\/posts\/5313\/revisions"}],"predecessor-version":[{"id":5315,"href":"https:\/\/universomola.com\/en\/wp-json\/wp\/v2\/posts\/5313\/revisions\/5315"}],"wp:featuredmedia":[{"embeddable":true,"href":"https:\/\/universomola.com\/en\/wp-json\/wp\/v2\/media\/5314"}],"wp:attachment":[{"href":"https:\/\/universomola.com\/en\/wp-json\/wp\/v2\/media?parent=5313"}],"wp:term":[{"taxonomy":"category","embeddable":true,"href":"https:\/\/universomola.com\/en\/wp-json\/wp\/v2\/categories?post=5313"},{"taxonomy":"post_tag","embeddable":true,"href":"https:\/\/universomola.com\/en\/wp-json\/wp\/v2\/tags?post=5313"}],"curies":[{"name":"wp","href":"https:\/\/api.w.org\/{rel}","templated":true}]}}