{"id":5326,"date":"2019-05-15T14:27:26","date_gmt":"2019-05-15T17:27:26","guid":{"rendered":"http:\/\/desarrollosdeprueba.xyz\/universo_mola\/?p=5326"},"modified":"2021-08-08T14:29:47","modified_gmt":"2021-08-08T17:29:47","slug":"nos-unimos-a-fashion-revolution-con-el-reto-10x10","status":"publish","type":"post","link":"https:\/\/universomola.com\/en\/nos-unimos-a-fashion-revolution-con-el-reto-10x10\/","title":{"rendered":"NOS UNIMOS A FASHION REVOLUTION CON EL RETO 10X10"},"content":{"rendered":"<div class=\"fusion-fullwidth fullwidth-box fusion-builder-row-1 fusion-flex-container nonhundred-percent-fullwidth non-hundred-percent-height-scrolling\" style=\"--awb-border-radius-top-left:0px;--awb-border-radius-top-right:0px;--awb-border-radius-bottom-right:0px;--awb-border-radius-bottom-left:0px;--awb-flex-wrap:wrap;\" ><div class=\"fusion-builder-row fusion-row fusion-flex-align-items-flex-start fusion-flex-content-wrap\" style=\"max-width:1248px;margin-left: calc(-4% \/ 2 );margin-right: calc(-4% \/ 2 );\"><div class=\"fusion-layout-column fusion_builder_column fusion-builder-column-0 fusion_builder_column_1_1 1_1 fusion-flex-column\" style=\"--awb-bg-size:cover;--awb-width-large:100%;--awb-margin-top-large:0px;--awb-spacing-right-large:1.92%;--awb-margin-bottom-large:0px;--awb-spacing-left-large:1.92%;--awb-width-medium:100%;--awb-spacing-right-medium:1.92%;--awb-spacing-left-medium:1.92%;--awb-width-small:100%;--awb-spacing-right-small:1.92%;--awb-spacing-left-small:1.92%;\"><div class=\"fusion-column-wrapper fusion-flex-justify-content-flex-start fusion-content-layout-column\"><div class=\"fusion-text fusion-text-1\"><p><em><span style=\"color: #33cccc;\">Escrito por: Noticias de Universo MOLA<\/span><\/em><\/p>\n<p><span style=\"font-weight: 400; color: #808080;\">Por Voces del #UniversoMOLA Colombia<\/span><\/p>\n<p><span style=\"font-weight: 400;\">Durante la Semana de Fashion Revolution, las Voces MOLA Colombia se unieron a una de las din\u00e1micas del evento: El Reto #10X10FR. Durante 10 d\u00edas, empezando el 25 de abril, utilizamos \u00fanicamente 10 prendas (\u00a1incluyendo zapatos!).<\/span><\/p>\n<p><span style=\"font-weight: 400;\">Desde tres ciudades diferentes y cinco estilos de vida, y algunos problemas en el camino, les contamos los resultados de este ejercicio: \u00bfQu\u00e9 aprendimos? \u00bfQu\u00e9 fue lo bueno, lo dif\u00edcil y lo diferente?<\/span><\/p>\n<p><span style=\"color: #c22525;\"><b>Camila Hermida (Bogot\u00e1)\u00a0<\/b><\/span><\/p>\n<p><b>@cianofobia \/ @cappsula<\/b><\/p>\n<p><b>Lo bueno:<\/b><span style=\"font-weight: 400;\"> Es verdad que es m\u00e1s f\u00e1cil elegir cada ma\u00f1ana qu\u00e9 utilizar. Normalmente me toma mucho tiempo escoger, pero durante el reto las combinaciones entre las prendas elegidas fueron muy f\u00e1ciles de hacer.\u00a0<\/span><\/p>\n<p><b>Lo dif\u00edcil:<\/b><span style=\"font-weight: 400;\"> \u00a1Llam\u00e9 la mala suerte! Normalmente no ensucio mucho mi ropa, pero durante el reto tuve todo tipo de accidentes comiendo, haciendo necesario limpiar partes espec\u00edficas de las prendas todos los d\u00edas. En mi casa la ropa se lava en d\u00edas espec\u00edficos de la semana y ajust\u00e9 muchos de los atuendos a esto.\u00a0<\/span><\/p>\n<p><b>Lo diferente:<\/b><span style=\"font-weight: 400;\"> \u00a1Fue algo mental! Al inicio pens\u00e9 que el secreto del reto era elegir y combinar las prendas diferentes cada d\u00eda, pero para m\u00ed se volvi\u00f3 cuesti\u00f3n de resistir la tentaci\u00f3n de tomar una prenda extra. No esper\u00e9 extra\u00f1ar prendas espec\u00edficas de mi armario, ni tampoco la sensaci\u00f3n de pesadez que empec\u00e9 a sentir al vestir. Usar 10 prendas por 10 d\u00edas me quit\u00f3 la frescura, porque sent\u00eda que el tiempo pasaba mucho m\u00e1s lento.\u00a0<\/span><\/p>\n<p><b>\u00bfTerminaste el reto? <\/b><span style=\"font-weight: 400;\">No. Olvide que el s\u00e1bado ten\u00eda una salida de campo, para la que ninguna prenda elegida funcionaba, pero logr\u00e9 los otros nueve d\u00edas sin problema.\u00a0<\/span><\/p>\n<p><b>\u00bfQu\u00e9 aprendiste? <\/b><span style=\"font-weight: 400;\">Tengo una relaci\u00f3n m\u00e1s estrecha con mis prendas de la que pens\u00e9 y con ellas de alguna forma mido el paso del tiempo. Sin embargo, disfruto mucho combinando y probando nuevas combinaciones, y creo que no necesito un armario infinito para disfrutar de vestir cada ma\u00f1ana.\u00a0<\/span><\/p>\n<p><span style=\"color: #c22525;\"><b>Lina Bermeo\u00a0 (Bogot\u00e1)<\/b><\/span><\/p>\n<p><b>@tarpui_lb<\/b><\/p>\n<p><span style=\"font-weight: 400;\">El ejercicio de usar solo 10 prendas en 10 d\u00edas me result\u00f3 f\u00e1cil, el reto y aqu\u00ed \u201c<\/span><b>lo dif\u00edcil<\/b><span style=\"font-weight: 400;\">\u201d Para m\u00ed consist\u00eda en\u00a0 lograr la tarea instagramera de publicar cada d\u00eda una foto, no soy de selfies, ni poses, no me siento c\u00f3moda con eso, entonces esto s\u00ed se convirti\u00f3 en toda una tarea que no logr\u00e9. Fui juiciosa en tomar la foto diaria, pero no subirla, eso s\u00f3lo ocurri\u00f3 al terminar los 10 d\u00edas.<\/span><\/p>\n<p><span style=\"font-weight: 400;\">En cuanto a <\/span><b>lo diferente<\/b><span style=\"font-weight: 400;\">, ayud\u00f3 un mont\u00f3n cada d\u00eda tener listas las opciones y no pensar cada ma\u00f1ana que escoger, as\u00ed que eso aminor\u00f3 la rutina.<\/span><\/p>\n<p><span style=\"font-weight: 400;\">\u00bf<\/span><b>Qu\u00e9 aprend\u00ed<\/b><span style=\"font-weight: 400;\">?<\/span><\/p>\n<p><span style=\"font-weight: 400;\">Que una pose de vez en cuando no hace da\u00f1o y s\u00ed nos cambia la percepci\u00f3n un poco de c\u00f3mo nos vemos y libera un poco del \u00bfc\u00f3mo me ven? EL resultado de las fotos me gusta, la mayor\u00eda fueron hechas por los hombres que me acompa\u00f1an en el camino de la vida y as\u00ed es como me ven, mi esposo e hijos, a trav\u00e9s de sus ojos me veo muy bella.\u00a0<\/span><\/p>\n<p><span style=\"font-weight: 400;\">\u00bf<\/span><b>Termin\u00e9 el reto<\/b><span style=\"font-weight: 400;\">?\u00a0<\/span><\/p>\n<p><span style=\"font-weight: 400;\">No, definitivamente es un buen comienzo para ser m\u00e1s conscientes a la hora de decidir las prendas diarias, no pude completarlo, un d\u00eda cambi\u00e9 un pantal\u00f3n y de ese d\u00eda no hay foto, es complejo pero no imposible, as\u00ed que puede ser un buen ejercicio cada tanto y poder mejorar cada vez m\u00e1s el proceso.\u00a0<\/span><\/p>\n<p><span style=\"font-weight: 400;\">\u00bf<\/span><b>Qu\u00e9 fue lo bueno<\/b><span style=\"font-weight: 400;\">?<\/span><\/p>\n<p><span style=\"font-weight: 400;\">Darme cuenta de que lo que me pongo es el resultado de las decisiones conscientes del pasado, trato de ser consecuente, no tengo ni compro mucha ropa, las prendas nuevas que uso la\u00a0 mayor\u00eda son regalos que me hacen con la salvedad: \u201crevis\u00e9 la marquilla, trat\u00e9 de ser responsable con la compra, espero te guste\u201d porque quienes me hacen estos regalos saben de mis preferencias en cuestiones de ropa. Claro me enamoro de algunas prendas, pero esas s\u00ed que pasan por el ojo chino de la moda como dice Kymoni de Barranquilla, solamente compro prendas de dise\u00f1o independiente, artesanal y nacional, opto por la segunda mano, uso las prendas de mi marca por supuesto , tengo un par de camisetas estampadas con plantas hechas solo para m\u00ed y otras tantas faldas que considero muy c\u00f3modas hechas de retales textiles del ba\u00fal que toda dise\u00f1adora tiene, no me falta el saco de mi abuela que a\u00fan guardo y pensando en ese saco que me qued\u00e9 de mi abuela quiero terminar este reto pregunt\u00e1ndome y dejando el interrogante para quienes nos leen.<\/span><\/p>\n<p><b>\u00bfPor qu\u00e9 no volver a la relaci\u00f3n estrecha que sol\u00edamos tener con las prendas y sus historias que tanto dicen de quienes las usan?\u00a0<\/b><\/p>\n<p><span style=\"color: #c22525;\"><b>Catalina Nore\u00f1a (Pereira)<\/b><\/span><\/p>\n<p><b>@catalinanorenap<\/b><\/p>\n<p><span style=\"font-weight: 400;\">\u00a0<\/span><\/p>\n<p><b>Lo bueno:<\/b><span style=\"font-weight: 400;\"> \u00a1Creatividad al 100! Los l\u00edmites nos obligan a buscar alternativas, a ver que menos, realmente puede ser m\u00e1s.\u00a0<\/span><\/p>\n<p><b>Lo dif\u00edcil: <\/b><span style=\"font-weight: 400;\">que la ropa se mantuviera limpia la mayor parte del tiempo fue retador. Y como a Cami, me pas\u00f3 que esa semana hasta la comida me ca\u00eda en la ropa (risas). Procuraba hacer el orden de las prendas, aunque no pude usarla en algunos d\u00edas porque deb\u00eda usar mi ropa de trabajo.<\/span><\/p>\n<p><b>Lo diferente: <\/b><span style=\"font-weight: 400;\">he visto que al vestirme soy bastante b\u00e1sica, tener pocas alternativas me ayud\u00f3 a complementar las prendas con accesorios. En mi caso, saqu\u00e9 mi pa\u00f1uelo estampado con hojas, que lo amo, pero lo uso muy poco. Esta semana sali\u00f3 del armario y me acompa\u00f1\u00f3 a muchos lugares.<\/span><b>\u00a0<\/b><\/p>\n<p><b>\u00bfQu\u00e9 aprend\u00ed? <\/b><span style=\"font-weight: 400;\">Es importante tener b\u00e1sicos que se ajusten a varios eventos del d\u00eda, ya sea informal o un poco m\u00e1s elegante. Lo dem\u00e1s se puede complementar.<\/span><\/p>\n<p><b>\u00bfTermin\u00e9 el reto? <\/b><span style=\"font-weight: 400;\">Pues\u2026 busqu\u00e9 el orden pero muchos d\u00edas no pude usarlo. El tiempo tambi\u00e9n es un tema que no jug\u00f3 a mi favor, pero quise hacer el ejercicio y registrarlo. Lo importante es ver qu\u00e9 tantas alternativas podemos encontrar.<\/span><\/p>\n<p><span style=\"color: #c22525;\"><b>M\u00f3nica Escobar &#8211; Kymoni (Barranquilla)<\/b><\/span><\/p>\n<p><b>@kymonidesigner<\/b><\/p>\n<p><span style=\"font-weight: 400;\">Para m\u00ed s\u00ed que fue un gran reto y es que los que me conocen saben que soy muy enf\u00e1tica en mis looks y preparo mucho lo que voy a vestir, adem\u00e1s tengo en cuenta tambi\u00e9n el tipo de evento con su c\u00f3digo de vestuario y que en su mayor\u00eda sea Moda Colombiana . En este momento tambi\u00e9n son fuertes en mi armario las prendas de segunda mano.\u00a0<\/span><\/p>\n<p><b>Lo bueno: <\/b><span style=\"font-weight: 400;\">puse en pr\u00e1ctica todos mis conocimientos de imagen y estilo para seleccionar las prendas adecuadas.<\/span><\/p>\n<p><b>Lo dif\u00edcil: <\/b><span style=\"font-weight: 400;\">el clima por estos d\u00edas en \u201cLa Arenosa\u201d no ayud\u00f3 mucho, temperaturas muy elevadas para el uso de algunas prendas.\u00a0<\/span><\/p>\n<p><b>Lo diferente: <\/b><span style=\"font-weight: 400;\">no soy tan b\u00e1sica e intentar vestirme con 10 prendas me hac\u00eda pensar en lo recursiva que podr\u00eda\u00a0 ser.<\/span><\/p>\n<p><b>\u00bfQu\u00e9 aprend\u00ed? <\/b><span style=\"font-weight: 400;\">que si nos lo proponemos podemos vivir con poco en el armario, en mi caso, aprender a combinar las pocas opciones con diferentes accesorios y complementos.<\/span><\/p>\n<p><b>\u00bfTermin\u00e9 el reto? <\/b><span style=\"font-weight: 400;\">No. S\u00f3lo pude llegar hasta el quinto d\u00eda, y no por tirar la toalla, pues ten\u00eda todo muy bien seleccionado, sencillamente no tuve en cuenta que en alg\u00fan momento como ser humano podr\u00eda tener un baj\u00f3n de \u00e1nimo por problemas externos al reto que me hicieron pausar y optar por la pijama los 5 d\u00edas restantes. \u00a1Lo siento!<\/span><\/p>\n<p><span style=\"color: #c22525;\"><b>Melisa Moreu (Bogot\u00e1)<\/b><\/span><\/p>\n<p><b>@melisa.moreu<\/b><\/p>\n<p><b>Lo bueno:<\/b><span style=\"font-weight: 400;\"> No perd\u00ed ni un minuto en la ma\u00f1ana decidiendo qu\u00e9 ponerme<\/span><\/p>\n<p><b>Lo dif\u00edcil: <\/b><span style=\"font-weight: 400;\">Tener mucho fr\u00edo o mucho calor y no poder cambiar de prendas<\/span><\/p>\n<p><b>Lo diferente: <\/b><span style=\"font-weight: 400;\">No dejaba de pensar en que todos tenemos demasiada ropa y a la hora de la verdad si se trata de funcionalidad podr\u00eda vivir con esas 10 prendas por meses\u00a0<\/span><\/p>\n<p><b>\u00bfQu\u00e9 aprend\u00ed? <\/b><span style=\"font-weight: 400;\">Es un reto a diario vivir en armon\u00eda con el planeta y me siento a\u00fan m\u00e1s convencida de que la ropa hay que quererla y comprar cada prenda como cuando se escoge una joya, que es para cuidarla y usarla toda la vida<\/span><\/p>\n<p><b>\u00bfTermin\u00e9 el reto? <\/b><span style=\"font-weight: 400;\">Si<\/span><\/p>\n<p style=\"text-align: center;\"><b>Esperamos entonces este ejercicio permita pensar un poco en las infinitas posibilidades que tenemos, incluso desde casa para aportar al camino de la sostenibilidad.\u00a0 En los diferentes gifs pueden apreciar nuestras combinaciones.<\/b><\/p>\n<\/div><\/div><\/div><\/div><\/div>","protected":false},"excerpt":{"rendered":"<p>Lorem ipsum dolor sit amet, consectetur adipiscing elit. Nam pharetra dictum eleifend. Sed posuere magna at luctus pretium. Aliquam ligula sem, aliquet sit amet nisi ac, dignissim porta ipsum.<\/p>","protected":false},"author":9,"featured_media":5327,"comment_status":"open","ping_status":"open","sticky":false,"template":"","format":"standard","meta":{"_monsterinsights_skip_tracking":false,"_monsterinsights_sitenote_active":false,"_monsterinsights_sitenote_note":"","_monsterinsights_sitenote_category":0,"footnotes":""},"categories":[40],"tags":[93,89,48,92,47,96,88],"class_list":["post-5326","post","type-post","status-publish","format-standard","has-post-thumbnail","hentry","category-blog","tag-disenadores-sostenibles","tag-moda-etica","tag-moda-latina","tag-moda-latinoamericana","tag-moda-sostenible","tag-moda-sustentable","tag-universo-mola"],"_links":{"self":[{"href":"https:\/\/universomola.com\/en\/wp-json\/wp\/v2\/posts\/5326","targetHints":{"allow":["GET"]}}],"collection":[{"href":"https:\/\/universomola.com\/en\/wp-json\/wp\/v2\/posts"}],"about":[{"href":"https:\/\/universomola.com\/en\/wp-json\/wp\/v2\/types\/post"}],"author":[{"embeddable":true,"href":"https:\/\/universomola.com\/en\/wp-json\/wp\/v2\/users\/9"}],"replies":[{"embeddable":true,"href":"https:\/\/universomola.com\/en\/wp-json\/wp\/v2\/comments?post=5326"}],"version-history":[{"count":1,"href":"https:\/\/universomola.com\/en\/wp-json\/wp\/v2\/posts\/5326\/revisions"}],"predecessor-version":[{"id":5328,"href":"https:\/\/universomola.com\/en\/wp-json\/wp\/v2\/posts\/5326\/revisions\/5328"}],"wp:featuredmedia":[{"embeddable":true,"href":"https:\/\/universomola.com\/en\/wp-json\/wp\/v2\/media\/5327"}],"wp:attachment":[{"href":"https:\/\/universomola.com\/en\/wp-json\/wp\/v2\/media?parent=5326"}],"wp:term":[{"taxonomy":"category","embeddable":true,"href":"https:\/\/universomola.com\/en\/wp-json\/wp\/v2\/categories?post=5326"},{"taxonomy":"post_tag","embeddable":true,"href":"https:\/\/universomola.com\/en\/wp-json\/wp\/v2\/tags?post=5326"}],"curies":[{"name":"wp","href":"https:\/\/api.w.org\/{rel}","templated":true}]}}