{"id":5329,"date":"2019-05-20T14:33:35","date_gmt":"2019-05-20T17:33:35","guid":{"rendered":"http:\/\/desarrollosdeprueba.xyz\/universo_mola\/?p=5329"},"modified":"2021-08-08T14:43:56","modified_gmt":"2021-08-08T17:43:56","slug":"nos-unimos-a-fashion-revolution-con-el-reto-10x10-2","status":"publish","type":"post","link":"https:\/\/universomola.com\/en\/nos-unimos-a-fashion-revolution-con-el-reto-10x10-2\/","title":{"rendered":"NOS UNIMOS A FASHION REVOLUTION CON EL RETO 10X10"},"content":{"rendered":"<div class=\"fusion-fullwidth fullwidth-box fusion-builder-row-1 fusion-flex-container nonhundred-percent-fullwidth non-hundred-percent-height-scrolling\" style=\"--awb-border-radius-top-left:0px;--awb-border-radius-top-right:0px;--awb-border-radius-bottom-right:0px;--awb-border-radius-bottom-left:0px;--awb-flex-wrap:wrap;\" ><div class=\"fusion-builder-row fusion-row fusion-flex-align-items-flex-start fusion-flex-content-wrap\" style=\"max-width:1248px;margin-left: calc(-4% \/ 2 );margin-right: calc(-4% \/ 2 );\"><div class=\"fusion-layout-column fusion_builder_column fusion-builder-column-0 fusion_builder_column_1_1 1_1 fusion-flex-column\" style=\"--awb-bg-size:cover;--awb-width-large:100%;--awb-margin-top-large:0px;--awb-spacing-right-large:1.92%;--awb-margin-bottom-large:0px;--awb-spacing-left-large:1.92%;--awb-width-medium:100%;--awb-spacing-right-medium:1.92%;--awb-spacing-left-medium:1.92%;--awb-width-small:100%;--awb-spacing-right-small:1.92%;--awb-spacing-left-small:1.92%;\"><div class=\"fusion-column-wrapper fusion-flex-justify-content-flex-start fusion-content-layout-column\"><div class=\"fusion-text fusion-text-1\"><p><em><span style=\"color: #33cccc;\">Escrito por: Noticias de Universo MOLA<\/span><\/em><\/p>\n<p><span style=\"font-weight: 400; color: #999999;\">Por Voz del #UniversoMOLA Ecuador<\/span><\/p>\n<p style=\"text-align: right;\"><i><span style=\"font-weight: 400;\">Para hacer cambios positivos en nuestra forma de vestir, de consumir moda, de producirla o de venderla, debemos llegar al coraz\u00f3n del concepto, <\/span><\/i><i><span style=\"font-weight: 400;\">s\u00f3lo as\u00ed lo podremos hacer nuestro y empezaremos a ser parte de la soluci\u00f3n.<\/span><\/i><\/p>\n<p><img decoding=\"async\" class=\"alignnone size-full wp-image-5331 lazyload\" data-src=\"http:\/\/desarrollosdeprueba.xyz\/universo_mola\/wp-content\/uploads\/2021\/08\/Captura144.png\" alt=\"\" width=\"224\" height=\"224\" data-srcset=\"https:\/\/universomola.com\/wp-content\/uploads\/2021\/08\/Captura144-66x66.png 66w, https:\/\/universomola.com\/wp-content\/uploads\/2021\/08\/Captura144-100x100.png 100w, https:\/\/universomola.com\/wp-content\/uploads\/2021\/08\/Captura144-150x150.png 150w, https:\/\/universomola.com\/wp-content\/uploads\/2021\/08\/Captura144-200x200.png 200w, https:\/\/universomola.com\/wp-content\/uploads\/2021\/08\/Captura144.png 224w\" data-sizes=\"(max-width: 224px) 100vw, 224px\" src=\"data:image\/svg+xml;base64,PHN2ZyB3aWR0aD0iMSIgaGVpZ2h0PSIxIiB4bWxucz0iaHR0cDovL3d3dy53My5vcmcvMjAwMC9zdmciPjwvc3ZnPg==\" style=\"--smush-placeholder-width: 224px; --smush-placeholder-aspect-ratio: 224\/224;\" \/><\/p>\n<p><span style=\"font-weight: 400;\">Although often grouped together, <\/span><b>Proyecto Rec\u00edclame<\/b><span style=\"font-weight: 400;\"> a cargo de Alejandro Espinosa, Michelle Castro y Xavier P\u00e1ez es un <\/span><b><i>movimiento ecol\u00f3gico de Ecuador<\/i><\/b><span style=\"font-weight: 400;\"> que surge de la necesidad de crear espacios donde se genere consciencia sobre el consumo y creaci\u00f3n de la industria de la moda y el impacto que esta tiene al ambiente por medio de foros, charlas, pasarelas, ferias entre otros.\u00a0<\/span><\/p>\n<p><span style=\"font-weight: 400;\">Sin embargo, para poder hablar del proyecto tenemos que hablar de sostenibilidad. Esta palabra, viene del mundo de la econom\u00eda, que, estudiando los distintos modelos de desarrollo, nos presenta el sostenible como aquel que parece dar menos problemas, el m\u00e1s deseable y al que deber\u00eda aspirar la sociedad.\u00a0<\/span><\/p>\n<p><span style=\"font-weight: 400;\">Dentro de la industria de la moda, se sabe que desde hace algunos a\u00f1os se ha convertido en una de las industrias en el ranking de insostenibilidad debido a que no se ha tenido cuidado en desarrollarla de manera que no afectara al equilibrio global, a la sostenibilidad del planeta y de las personas que lo habitamos.\u00a0<\/span><\/p>\n<p><img decoding=\"async\" class=\"alignnone size-full wp-image-5332 lazyload\" data-src=\"http:\/\/desarrollosdeprueba.xyz\/universo_mola\/wp-content\/uploads\/2021\/08\/Captura145.png\" alt=\"\" width=\"375\" height=\"472\" data-srcset=\"https:\/\/universomola.com\/wp-content\/uploads\/2021\/08\/Captura145-200x252.png 200w, https:\/\/universomola.com\/wp-content\/uploads\/2021\/08\/Captura145-238x300.png 238w, https:\/\/universomola.com\/wp-content\/uploads\/2021\/08\/Captura145.png 375w\" data-sizes=\"(max-width: 375px) 100vw, 375px\" src=\"data:image\/svg+xml;base64,PHN2ZyB3aWR0aD0iMSIgaGVpZ2h0PSIxIiB4bWxucz0iaHR0cDovL3d3dy53My5vcmcvMjAwMC9zdmciPjwvc3ZnPg==\" style=\"--smush-placeholder-width: 375px; --smush-placeholder-aspect-ratio: 375\/472;\" \/><\/p>\n<p><span style=\"font-weight: 400;\">Por esta raz\u00f3n, el proyecto rec\u00edclame apuesta por una moda \u00e9tica y sostenible a favor del medio ambiente donde se capacita o instruye a las distintas instituciones tanto en contenido de moda ecol\u00f3gica como en temas ambientales.\u00a0 Cuenta con el apoyo de grandes marcas que se suman d\u00eda a d\u00eda a la causa como, por ejemplo: El <\/span><span style=\"color: #33cccc;\"><span style=\"font-weight: 400;\">Instituto Metropolitano de Dise\u00f1o<\/span><span style=\"font-weight: 400;\">,<\/span><span style=\"font-weight: 400;\"> In Boga Ecuador Magazine<\/span><\/span><span style=\"font-weight: 400;\">, Agencia y escuela de modelos <\/span><span style=\"color: #33cccc;\"><span style=\"font-weight: 400;\">Designer Models<\/span><\/span><span style=\"font-weight: 400;\">, <\/span><span style=\"font-weight: 400; color: #33cccc;\">Zero Waste<\/span><span style=\"font-weight: 400;\"> and <\/span><span style=\"color: #33cccc;\"><span style=\"font-weight: 400;\">Diana Palacios<\/span><\/span><span style=\"font-weight: 400;\"> quien fue nombrada <\/span><b>Miss Eco 2018<\/b><span style=\"font-weight: 400;\">.\u00a0<\/span><\/p>\n<p><span style=\"font-weight: 400;\">El proyecto est\u00e1 pr\u00f3ximo a lanzar su primera edici\u00f3n de dos d\u00edas en el <\/span><b>Centro de Arte Contempor\u00e1neo de la ciudad de Quito<\/b><span style=\"font-weight: 400;\">. El primer d\u00eda consta de una pasarela con grandes firmas de la industria de la moda que est\u00e1n a favor del medio ambiente y el segundo d\u00eda con un concurso entre estudiantes donde se vera la creatividad, el amor y la pasi\u00f3n al dise\u00f1o, la moda y el reciclaje ya que este concurso tiene como objetivo crear indumentaria con materiales reciclados.\u00a0<\/span><\/p>\n<p><span style=\"font-weight: 400;\">Este movimiento va mucho m\u00e1s all\u00e1 de vestir con dise\u00f1os amigables con el ambiente o conquistar al consumidor a trav\u00e9s campa\u00f1as publicitarias es de impactar y revolucionar esta industria que tal vez no logramos cambiarla al 100% pero ponemos nuestro granito de arena.\u00a0<\/span><\/p>\n<p><b>Invitamos a formar parte de esta revoluci\u00f3n de que el verde sea el nuevo negro, el <\/b><b><i>must have<\/i><\/b><b> que atrape a esta industria.<\/b><span style=\"font-weight: 400;\"> Es cuesti\u00f3n de experimentar con vivacidad, llevar la imaginaci\u00f3n al m\u00e1ximo, implementar diferentes esquemas y traer de otras industrias nuevas ideas.\u00a0<\/span><\/p>\n<\/div><\/div><\/div><\/div><\/div>","protected":false},"excerpt":{"rendered":"<p>Lorem ipsum dolor sit amet, consectetur adipiscing elit. Nam pharetra dictum eleifend. Sed posuere magna at luctus pretium. Aliquam ligula sem, aliquet sit amet nisi ac, dignissim porta ipsum.<\/p>","protected":false},"author":9,"featured_media":5330,"comment_status":"open","ping_status":"open","sticky":false,"template":"","format":"standard","meta":{"_monsterinsights_skip_tracking":false,"_monsterinsights_sitenote_active":false,"_monsterinsights_sitenote_note":"","_monsterinsights_sitenote_category":0,"footnotes":""},"categories":[40],"tags":[93,89,48,92,47,96,88],"class_list":["post-5329","post","type-post","status-publish","format-standard","has-post-thumbnail","hentry","category-blog","tag-disenadores-sostenibles","tag-moda-etica","tag-moda-latina","tag-moda-latinoamericana","tag-moda-sostenible","tag-moda-sustentable","tag-universo-mola"],"_links":{"self":[{"href":"https:\/\/universomola.com\/en\/wp-json\/wp\/v2\/posts\/5329","targetHints":{"allow":["GET"]}}],"collection":[{"href":"https:\/\/universomola.com\/en\/wp-json\/wp\/v2\/posts"}],"about":[{"href":"https:\/\/universomola.com\/en\/wp-json\/wp\/v2\/types\/post"}],"author":[{"embeddable":true,"href":"https:\/\/universomola.com\/en\/wp-json\/wp\/v2\/users\/9"}],"replies":[{"embeddable":true,"href":"https:\/\/universomola.com\/en\/wp-json\/wp\/v2\/comments?post=5329"}],"version-history":[{"count":1,"href":"https:\/\/universomola.com\/en\/wp-json\/wp\/v2\/posts\/5329\/revisions"}],"predecessor-version":[{"id":5333,"href":"https:\/\/universomola.com\/en\/wp-json\/wp\/v2\/posts\/5329\/revisions\/5333"}],"wp:featuredmedia":[{"embeddable":true,"href":"https:\/\/universomola.com\/en\/wp-json\/wp\/v2\/media\/5330"}],"wp:attachment":[{"href":"https:\/\/universomola.com\/en\/wp-json\/wp\/v2\/media?parent=5329"}],"wp:term":[{"taxonomy":"category","embeddable":true,"href":"https:\/\/universomola.com\/en\/wp-json\/wp\/v2\/categories?post=5329"},{"taxonomy":"post_tag","embeddable":true,"href":"https:\/\/universomola.com\/en\/wp-json\/wp\/v2\/tags?post=5329"}],"curies":[{"name":"wp","href":"https:\/\/api.w.org\/{rel}","templated":true}]}}