{"id":5334,"date":"2019-05-22T14:46:20","date_gmt":"2019-05-22T17:46:20","guid":{"rendered":"http:\/\/desarrollosdeprueba.xyz\/universo_mola\/?p=5334"},"modified":"2021-08-08T14:56:39","modified_gmt":"2021-08-08T17:56:39","slug":"el-diseno-se-hace-hueco-en-bilbao-bbk-live-con-una-exclusiva-coleccion-capsula","status":"publish","type":"post","link":"https:\/\/universomola.com\/en\/el-diseno-se-hace-hueco-en-bilbao-bbk-live-con-una-exclusiva-coleccion-capsula\/","title":{"rendered":"EL DISE\u00d1O SE HACE HUECO EN BILBAO BBK LIVE CON UNA EXCLUSIVA COLECCI\u00d3N C\u00c1PSULA"},"content":{"rendered":"<div class=\"fusion-fullwidth fullwidth-box fusion-builder-row-1 fusion-flex-container nonhundred-percent-fullwidth non-hundred-percent-height-scrolling\" style=\"--awb-border-radius-top-left:0px;--awb-border-radius-top-right:0px;--awb-border-radius-bottom-right:0px;--awb-border-radius-bottom-left:0px;--awb-flex-wrap:wrap;\" ><div class=\"fusion-builder-row fusion-row fusion-flex-align-items-flex-start fusion-flex-content-wrap\" style=\"max-width:1248px;margin-left: calc(-4% \/ 2 );margin-right: calc(-4% \/ 2 );\"><div class=\"fusion-layout-column fusion_builder_column fusion-builder-column-0 fusion_builder_column_1_1 1_1 fusion-flex-column\" style=\"--awb-bg-size:cover;--awb-width-large:100%;--awb-margin-top-large:0px;--awb-spacing-right-large:1.92%;--awb-margin-bottom-large:0px;--awb-spacing-left-large:1.92%;--awb-width-medium:100%;--awb-spacing-right-medium:1.92%;--awb-spacing-left-medium:1.92%;--awb-width-small:100%;--awb-spacing-right-small:1.92%;--awb-spacing-left-small:1.92%;\"><div class=\"fusion-column-wrapper fusion-flex-justify-content-flex-start fusion-content-layout-column\"><div class=\"fusion-text fusion-text-1\"><p><em><span style=\"color: #33cccc;\">Escrito por: Noticias de Universo MOLA<\/span><\/em><\/p>\n<p><span style=\"font-weight: 400;\">\u00a0<\/span><b>Bilbao BBK Live suma fuerzas con BIAAF, plataforma referente de apoyo al dise\u00f1o de moda emergente internacional.<\/b><\/p>\n<ul>\n<li><span style=\"font-weight: 400;\"> \u00a0 \u00a0 \u00a0 <\/span><b>J\u00f3venes dise\u00f1adores de las escuelas m\u00e1s vanguardistas del mundo han lanzado sus propuestas de colecci\u00f3n c\u00e1psula para la edici\u00f3n de este a\u00f1o.<\/b><\/li>\n<li><span style=\"font-weight: 400;\"> \u00a0 \u00a0 \u00a0 <\/span><b>Inti N\u00fa\u00f1ez y Erica Oubi\u00f1a, graduadas de ESDEMGA Universidad de Vigo, han sido las j\u00f3venes creadoras seleccionadas entre dise\u00f1adores j\u00f3venes de todo el mundo.<\/b><\/li>\n<\/ul>\n<p><span style=\"font-weight: 400;\">Conscientes de la clara conexi\u00f3n entre moda y m\u00fasica, el festival <\/span><b>Bilbao BBK Live<\/b><span style=\"font-weight: 400;\"> y la plataforma internacional de apoyo al talento emergente en moda <\/span><span style=\"color: #3366ff;\"><b>BIAAF<\/b> <b>(Bilbao International Art &amp; Fashion)<\/b><\/span><span style=\"font-weight: 400;\"> se han unido con para<\/span><b> invitar a <\/b><span style=\"font-weight: 400;\">dise\u00f1adores emergentes de las escuelas m\u00e1s vanguardistas <\/span><b>del todo el mundo a crear una colecci\u00f3n c\u00e1psula para la edici\u00f3n 2019 del festival<\/b><span style=\"font-weight: 400;\">.<\/span><\/p>\n<p><i><span style=\"font-weight: 400;\">\u201cQuer\u00edamos ofrecer un atractivo adicional al p\u00fablico de festival con una colecci\u00f3n c\u00e1psula que proyectara una imagen innovadora en t\u00e9rminos de dise\u00f1o y m\u00fasica\u201d, comentan desde Bilbao BBK Live.<\/span><\/i><\/p>\n<p><img decoding=\"async\" class=\"alignnone size-full wp-image-5336 lazyload\" data-src=\"http:\/\/desarrollosdeprueba.xyz\/universo_mola\/wp-content\/uploads\/2021\/08\/Captura147.png\" alt=\"\" width=\"287\" height=\"430\" data-srcset=\"https:\/\/universomola.com\/wp-content\/uploads\/2021\/08\/Captura147-200x300.png 200w, https:\/\/universomola.com\/wp-content\/uploads\/2021\/08\/Captura147.png 287w\" data-sizes=\"(max-width: 287px) 100vw, 287px\" src=\"data:image\/svg+xml;base64,PHN2ZyB3aWR0aD0iMSIgaGVpZ2h0PSIxIiB4bWxucz0iaHR0cDovL3d3dy53My5vcmcvMjAwMC9zdmciPjwvc3ZnPg==\" style=\"--smush-placeholder-width: 287px; --smush-placeholder-aspect-ratio: 287\/430;\" \/><\/p>\n<p><span style=\"font-weight: 400;\">La colecci\u00f3n ganadora ha sido realizada por<\/span><b> Inti N\u00fa\u00f1ez y Erica Oubi\u00f1a<\/b><span style=\"font-weight: 400;\">, j\u00f3venes graduadas de la prestigiosa escuela ESDEMGA Universidad de Vigo y que desde su marca \u00cfk.Studio, asumen la tendencia actual de adaptar las prendas deportivas a una l\u00ednea m\u00e1s urbana creando una colecci\u00f3n <\/span><b>sportwear<\/b><span style=\"font-weight: 400;\"> con altas dosis de dise\u00f1o, creatividad e innovaci\u00f3n.\u00a0 Su colecci\u00f3n c\u00e1psula introduce un plus de arte y dise\u00f1o, caracteriz\u00e1ndose por su <\/span><span style=\"color: #3366ff;\"><b>versatilidad y supone un viaje a los 90 a trav\u00e9s del color, los estampados, los materiales y la silueta<\/b><\/span><span style=\"font-weight: 400;\">. Por su parte, las j\u00f3venes dise\u00f1adoras Inti N\u00fa\u00f1ez y Erica Oubi\u00f1a valoran esta colecci\u00f3n como \u201c<\/span><i><span style=\"font-weight: 400;\">una oportunidad inigualable<\/span><\/i><span style=\"font-weight: 400;\">\u201d. Poder crear esta colecci\u00f3n para el Bilbao BBK Live \u201c<\/span><i><span style=\"font-weight: 400;\">es algo que nunca hubi\u00e9ramos imaginado<\/span><\/i><span style=\"font-weight: 400;\">\u201d. Subrayan la versatilidad de la colecci\u00f3n \u201c<\/span><i><span style=\"font-weight: 400;\">en un s\u00edmil con el mundo musical, ser\u00eda dif\u00edcil encasillar las prendas en un \u00fanico g\u00e9nero<\/span><\/i><span style=\"font-weight: 400;\">.\u201d<\/span><\/p>\n<p><i><span style=\"font-weight: 400;\">\u00a0\u201cLa decisi\u00f3n no fue f\u00e1cil ya que entre las propuestas se encontraban j\u00f3venes dise\u00f1adores de las mejores escuelas de Jap\u00f3n, Israel, Estados Unidos, Reino Unido, Barcelona o Bilbao\u201d, destacan desde BIAAF.<\/span><\/i><\/p>\n<p><span style=\"font-weight: 400;\">El proceso de selecci\u00f3n estuvo a cargo de un <\/span><b>jurado formado por destacados profesionales de la industria de la moda y de la m\u00fasica: Serena Castrignano, redactora de Vogue Italia; Miriam Oc\u00e1riz, artista y dise\u00f1adora; y el grupo musical Mueveloreina<\/b><span style=\"font-weight: 400;\">, entre otros.<\/span><\/p>\n<p><span style=\"font-weight: 400;\">La colecci\u00f3n consta de prendas de tendencia de absoluta actualidad, como <\/span><b>poncho<\/b><span style=\"font-weight: 400;\">, <\/span><b>cazadora<\/b><span style=\"font-weight: 400;\"> y la imprescindible <\/span><b>bandolera<\/b><span style=\"font-weight: 400;\">, adem\u00e1s de una <\/span><b>camiseta<\/b><span style=\"font-weight: 400;\">, una prenda vers\u00e1til muy vinculada al mundo de los festivales.<\/span><\/p>\n<p><b>La creatividad y la sostenibilidad eran bazas igual de importantes a la hora de elegir la colecci\u00f3n ganadora<\/b><span style=\"font-weight: 400;\">. Es por ello que se ha apostado por una <\/span><b>colecci\u00f3n \u201ccorresponsable\u201d y respetuosa con el medioambiente<\/b><span style=\"font-weight: 400;\">, que utiliza textiles realizados con fibras recicladas, algod\u00f3n org\u00e1nico y tinturas al agua, as\u00ed como t\u00e9cnicas de patronaje y estampaci\u00f3n que minimicen la generaci\u00f3n de residuos en la fase de producci\u00f3n. Sumado a esto se ha elegido una producci\u00f3n de proximidad. La colecci\u00f3n, de <\/span><span style=\"color: #3366ff;\"><b>venta exclusiva en la web de Bilbao BBK Live<\/b><\/span><span style=\"font-weight: 400;\">, est\u00e1 disponible desde hoy y hasta agotar existencias, ya que se trata de una <\/span><b>edici\u00f3n limitadas<\/b><span style=\"font-weight: 400;\">.\u00a0\u00a0<\/span><\/p>\n<p><img decoding=\"async\" class=\"alignnone size-full wp-image-5335 lazyload\" data-src=\"http:\/\/desarrollosdeprueba.xyz\/universo_mola\/wp-content\/uploads\/2021\/08\/Captura146.png\" alt=\"\" width=\"372\" height=\"464\" data-srcset=\"https:\/\/universomola.com\/wp-content\/uploads\/2021\/08\/Captura146-200x249.png 200w, https:\/\/universomola.com\/wp-content\/uploads\/2021\/08\/Captura146-241x300.png 241w, https:\/\/universomola.com\/wp-content\/uploads\/2021\/08\/Captura146.png 372w\" data-sizes=\"(max-width: 372px) 100vw, 372px\" src=\"data:image\/svg+xml;base64,PHN2ZyB3aWR0aD0iMSIgaGVpZ2h0PSIxIiB4bWxucz0iaHR0cDovL3d3dy53My5vcmcvMjAwMC9zdmciPjwvc3ZnPg==\" style=\"--smush-placeholder-width: 372px; --smush-placeholder-aspect-ratio: 372\/464;\" \/><\/p>\n<p><b>BIAAF<\/b><\/p>\n<p><span style=\"font-weight: 400;\">Tras 12 a\u00f1os de andadura,<\/span><span style=\"color: #33cccc;\"> <b>BIAAF<\/b><\/span> <span style=\"font-weight: 400;\">se ha convertido en una plataforma de referencia internacional de apoyo al talento de moda emergente internacional. En conexi\u00f3n permanente con unas 700 escuelas internacionales, su concurso bienal ha alcanzado a m\u00e1s de 5.000 dise\u00f1adores de 90 pa\u00edses, aspirando a conseguir que estos j\u00f3venes puedan utilizar el dise\u00f1o como v\u00eda para lograr un desarrollo econ\u00f3mico sostenible. Asimismo, BIAAF abandera los ODS \u2013 Objetivos de Desarrollo Sostenible de Naciones Unidas \u2013 en el campo del dise\u00f1o emergente gracias a las acciones promovidas en \u00e1mbitos como la sostenibilidad social y medioambiental y forma parte de la plataforma de Naciones Unidas de apoyo y desarrollo de los ODS.<\/span><\/p>\n<p><b>BILBAO BBK LIVE<\/b><\/p>\n<p><span style=\"font-weight: 400;\">Referente nacional e internacional, Bilbao BBK Live es uno de los festivales que mayor crecimiento y evoluci\u00f3n ha vivido en los \u00faltimos a\u00f1os. Desde hace 14 a\u00f1os, miles de personas se re\u00fanen en Kobetamendi para disfrutar de la m\u00fasica en directo en un entorno natural y \u00fanico, sobre la monta\u00f1a pero tan cercano a la vez a la vanguardista ciudad de Bilbao. Este a\u00f1o pasar\u00e1n por sus escenarios grandes artistas nacionales e internacionales de la talla de The Strokes, Liam Gallagher, Thom Yorke, Rosal\u00eda, Weezer, Suede o The Good, The Bad &amp; The Queen, entre otros.<\/span><\/p>\n<\/div><\/div><\/div><\/div><\/div>","protected":false},"excerpt":{"rendered":"<p>Lorem ipsum dolor sit amet, consectetur adipiscing elit. Nam pharetra dictum eleifend. Sed posuere magna at luctus pretium. Aliquam ligula sem, aliquet sit amet nisi ac, dignissim porta ipsum.<\/p>","protected":false},"author":9,"featured_media":5337,"comment_status":"open","ping_status":"open","sticky":false,"template":"","format":"standard","meta":{"_monsterinsights_skip_tracking":false,"_monsterinsights_sitenote_active":false,"_monsterinsights_sitenote_note":"","_monsterinsights_sitenote_category":0,"footnotes":""},"categories":[40],"tags":[93,89,48,92,47,96,88],"class_list":["post-5334","post","type-post","status-publish","format-standard","has-post-thumbnail","hentry","category-blog","tag-disenadores-sostenibles","tag-moda-etica","tag-moda-latina","tag-moda-latinoamericana","tag-moda-sostenible","tag-moda-sustentable","tag-universo-mola"],"_links":{"self":[{"href":"https:\/\/universomola.com\/en\/wp-json\/wp\/v2\/posts\/5334","targetHints":{"allow":["GET"]}}],"collection":[{"href":"https:\/\/universomola.com\/en\/wp-json\/wp\/v2\/posts"}],"about":[{"href":"https:\/\/universomola.com\/en\/wp-json\/wp\/v2\/types\/post"}],"author":[{"embeddable":true,"href":"https:\/\/universomola.com\/en\/wp-json\/wp\/v2\/users\/9"}],"replies":[{"embeddable":true,"href":"https:\/\/universomola.com\/en\/wp-json\/wp\/v2\/comments?post=5334"}],"version-history":[{"count":1,"href":"https:\/\/universomola.com\/en\/wp-json\/wp\/v2\/posts\/5334\/revisions"}],"predecessor-version":[{"id":5338,"href":"https:\/\/universomola.com\/en\/wp-json\/wp\/v2\/posts\/5334\/revisions\/5338"}],"wp:featuredmedia":[{"embeddable":true,"href":"https:\/\/universomola.com\/en\/wp-json\/wp\/v2\/media\/5337"}],"wp:attachment":[{"href":"https:\/\/universomola.com\/en\/wp-json\/wp\/v2\/media?parent=5334"}],"wp:term":[{"taxonomy":"category","embeddable":true,"href":"https:\/\/universomola.com\/en\/wp-json\/wp\/v2\/categories?post=5334"},{"taxonomy":"post_tag","embeddable":true,"href":"https:\/\/universomola.com\/en\/wp-json\/wp\/v2\/tags?post=5334"}],"curies":[{"name":"wp","href":"https:\/\/api.w.org\/{rel}","templated":true}]}}