{"id":5339,"date":"2019-05-25T14:58:57","date_gmt":"2019-05-25T17:58:57","guid":{"rendered":"http:\/\/desarrollosdeprueba.xyz\/universo_mola\/?p=5339"},"modified":"2021-08-08T15:04:53","modified_gmt":"2021-08-08T18:04:53","slug":"fedra-productora-de-moda-critica-de-la-industria","status":"publish","type":"post","link":"https:\/\/universomola.com\/en\/fedra-productora-de-moda-critica-de-la-industria\/","title":{"rendered":"FEDRA, PRODUCTORA DE MODA: CR\u00cdTICA DE LA INDUSTRIA."},"content":{"rendered":"<div class=\"fusion-fullwidth fullwidth-box fusion-builder-row-1 fusion-flex-container nonhundred-percent-fullwidth non-hundred-percent-height-scrolling\" style=\"--awb-border-radius-top-left:0px;--awb-border-radius-top-right:0px;--awb-border-radius-bottom-right:0px;--awb-border-radius-bottom-left:0px;--awb-flex-wrap:wrap;\" ><div class=\"fusion-builder-row fusion-row fusion-flex-align-items-flex-start fusion-flex-content-wrap\" style=\"max-width:1248px;margin-left: calc(-4% \/ 2 );margin-right: calc(-4% \/ 2 );\"><div class=\"fusion-layout-column fusion_builder_column fusion-builder-column-0 fusion_builder_column_1_1 1_1 fusion-flex-column\" style=\"--awb-bg-size:cover;--awb-width-large:100%;--awb-margin-top-large:0px;--awb-spacing-right-large:1.92%;--awb-margin-bottom-large:0px;--awb-spacing-left-large:1.92%;--awb-width-medium:100%;--awb-spacing-right-medium:1.92%;--awb-spacing-left-medium:1.92%;--awb-width-small:100%;--awb-spacing-right-small:1.92%;--awb-spacing-left-small:1.92%;\"><div class=\"fusion-column-wrapper fusion-flex-justify-content-flex-start fusion-content-layout-column\"><div class=\"fusion-text fusion-text-1\"><p><em><span style=\"color: #33cccc;\">Escrito por: Entrevistas de Universo MOLA<\/span><\/em><\/p>\n<p><span style=\"color: #c92020;\"><b>Fedra, <\/b><i><span style=\"font-weight: 400;\">Productora de Moda<\/span><\/i><\/span><\/p>\n<p><span style=\"color: #c92020;\"><i><span style=\"font-weight: 400;\">Voz del #UniversoMOLA en Argentina<\/span><\/i><\/span><\/p>\n<p><span style=\"color: #c92020;\"><i><span style=\"font-weight: 400;\">Conecta con ella<\/span><\/i> <span style=\"color: #33cccc;\"><b><i>here.<\/i><\/b><\/span><\/span><\/p>\n<p><img decoding=\"async\" class=\"alignnone size-full wp-image-5340 lazyload\" data-src=\"http:\/\/desarrollosdeprueba.xyz\/universo_mola\/wp-content\/uploads\/2021\/08\/Captura150.png\" alt=\"\" width=\"252\" height=\"431\" data-srcset=\"https:\/\/universomola.com\/wp-content\/uploads\/2021\/08\/Captura150-175x300.png 175w, https:\/\/universomola.com\/wp-content\/uploads\/2021\/08\/Captura150-200x342.png 200w, https:\/\/universomola.com\/wp-content\/uploads\/2021\/08\/Captura150.png 252w\" data-sizes=\"(max-width: 252px) 100vw, 252px\" src=\"data:image\/svg+xml;base64,PHN2ZyB3aWR0aD0iMSIgaGVpZ2h0PSIxIiB4bWxucz0iaHR0cDovL3d3dy53My5vcmcvMjAwMC9zdmciPjwvc3ZnPg==\" style=\"--smush-placeholder-width: 252px; --smush-placeholder-aspect-ratio: 252\/431;\" \/><\/p>\n<p><b>\u00bfPor qu\u00e9 haces lo que haces?<\/b><\/p>\n<p><span style=\"font-weight: 400;\">\u00abEmpece grande en esta profesi\u00f3n y como una <\/span><b>b\u00fasqueda de encontrar algo que me hacia feliz<\/b><span style=\"font-weight: 400;\">. Me tir\u00e9 al vacio <\/span><i><span style=\"font-weight: 400;\">como se dice en el mundo emprendedor<\/span><\/i><span style=\"font-weight: 400;\"> y como todos, cuando empez\u00e1s algo, empez\u00e1s haciendo lo que nadie quiere hacer: planchar, cortar hilos, llevar y traer; pero para mi esa forma fue la mejor para darme cuenta la industria que era. Empec\u00e9 a descubrir un mundo que lo amaba tanto como me enojaba. Hablaba mucho con el cliente (marca) sobre su forma de trabajar, evidentemente llevaba conmigo todo ese bagaje administrativo <\/span><i><span style=\"font-weight: 400;\">(fue administrativa por 15 a\u00f1os)<\/span><\/i><span style=\"font-weight: 400;\"> y as\u00ed fui descubriendo <\/span><b>todo lo que lleva una prenda, que no era solo tendencia sino que lleva consigo historias, muchas veces historias lejanas, historias inventadas, historias reales. <\/b><span style=\"font-weight: 400;\">Y quise contarlas de alg\u00fan modo, con lo que me hizo conocer un mont\u00f3n de dise\u00f1adores a los cuales admiro y otros que admiraba pero dej\u00e9 de hacerlo.\u00bb<\/span><\/p>\n<p><b>\u00bfQu\u00e9 es la sostenibilidad para ti?<\/b><\/p>\n<p><span style=\"font-weight: 400;\">\u00abPodemos ir a la definici\u00f3n y decir que la sostenibilidad es atender a las necesidades actuales sin comprometer la capacidad de las generaciones futuras de satisfacer las suyas, garantizando el equilibrio entre crecimiento econ\u00f3mico, cuidado del medio ambiente y bienestar social (que es la tr\u00edada de la Sostenibilidad). Si antes de \u00abatender necesidades\u00bb no hablamos de seres sostenibles, estamos en el camino incorrecto&#8230; Porque un un mundo de consumo, tendr\u00edamos que discutir entonces primero a qu\u00e9 necesidades vamos a atender y de qui\u00e9n y para ello si o si debemos analizar al \u00abser\u00bb. Me gusta mucha la definici\u00f3n de <\/span><b>Rimanoczy que habla que la sostenibilidad es la b\u00fasqueda de \u00absignificado\u00bb y de \u00abValores\u00bb <\/b><span style=\"font-weight: 400;\">o cuando Ehrnenfeld describe que \u00abvivir la sostenibilidad involucra la adquisici\u00f3n de ciertos valores \u00e9ticos, una apertura mental y espiritual y una puesta en pr\u00e1ctica de lo que queremos vivir\u00bb <\/span><b>Principalmente para mi la sostenibilidad son VALORES<\/b><span style=\"font-weight: 400;\">,\u00a0 preguntarnos qu\u00e9 mundo queremos y qu\u00e9 hacemos para que \u00e9l sea posible. De otro modo creo que nuevamente llevamos adelante la sostenibilidad principalmente por un acto econ\u00f3mico.\u00bb<\/span><\/p>\n<p><b>\u00bfCu\u00e1l es tu habito sostenible clave?<\/b><\/p>\n<p><span style=\"font-weight: 400;\">\u00abSer yo, ser autentica, y agradecer. Desde hace m\u00e1s de un a\u00f1o que he volcado mis acciones en ser m\u00e1s sostenible y si hay algo que he notado es que me he vuelto m\u00e1s emp\u00e1tica y m\u00e1s critica. No me da lo mismo cosas que hace un a\u00f1o ni ve\u00eda. No me da lo mismo cuando uno tira un papel en la calle, o si algui\u00e9n se muestra como no es, o entrar al supermercado y ver la fruta envasada. Y tengo una necesidad por cuestionar, no por criticar, sino ese <\/span><b>cuestionamiento que a mi me sirve para entender<\/b><span style=\"font-weight: 400;\">. Como coment\u00e9, lo que hago es contar historias, busco historias verdaderas y trato de ayudar al dise\u00f1ador a ser m\u00e1s real, no a mentir sino ir juntos en la b\u00fasqueda por lo que falta caminar en ser m\u00e1s sostenibles, tanto el dise\u00f1ador como su marca.\u00bb<\/span><\/p>\n<p><b>\u00bfC\u00f3mo contagias el esp\u00edritu de sostenibilidad?<\/b><\/p>\n<p><span style=\"font-weight: 400;\">\u00abMe gusta mucho conversar, as\u00ed que creo que l<\/span><b>o contagio contando experiencias m\u00edas como de personas que fu\u00ed conociendo en este camino<\/b><span style=\"font-weight: 400;\">, mostrando que <\/span><b>no hay una receta m\u00e1gica<\/b><span style=\"font-weight: 400;\">, que estamos todos aprendiendo en este camino (o desaprendiendo). Y que en el camino nos podemos equivocar y la verdad tanto como cuando doy clases de Producci\u00f3n de Moda, como con las personas con las que trabajo me gusta <\/span><b>contar mis equivocaciones<\/b><span style=\"font-weight: 400;\">, pienso que de las equivocaciones se aprenden entonces si yo ya comet\u00ed este error, te aviso as\u00ed no comet\u00e9s el mismo. Es como decir yo ac\u00e1 me equivoqu\u00e9, ahora hago esto y quiz\u00e1 vos encuentres otro camino; pero este, ya lo prob\u00e9 bajo estas circunstancias y me equivoqu\u00e9. Es como que el pr\u00f3ximo comenzar\u00e1 en un escal\u00f3n m\u00e1s arriba. Creo que es la forma de crecer todos juntos y poder ir m\u00e1s lejos. <\/span><b>Me gusta mucho contraponer ideas, y creo que poner eso a disposici\u00f3n est\u00e1 bueno<\/b><span style=\"font-weight: 400;\">, nadie tiene la verdad absoluta y dejar los diferentes puntos de vista a la vista nos deja la posibilidad de elegir, diferente a decir esto es lo que va (porque la realidad es que no lo sabemos).\u00bb<\/span><\/p>\n<p><img decoding=\"async\" class=\"alignnone size-full wp-image-5341 lazyload\" data-src=\"http:\/\/desarrollosdeprueba.xyz\/universo_mola\/wp-content\/uploads\/2021\/08\/Captura151.png\" alt=\"\" width=\"278\" height=\"425\" data-srcset=\"https:\/\/universomola.com\/wp-content\/uploads\/2021\/08\/Captura151-196x300.png 196w, https:\/\/universomola.com\/wp-content\/uploads\/2021\/08\/Captura151-200x306.png 200w, https:\/\/universomola.com\/wp-content\/uploads\/2021\/08\/Captura151.png 278w\" data-sizes=\"(max-width: 278px) 100vw, 278px\" src=\"data:image\/svg+xml;base64,PHN2ZyB3aWR0aD0iMSIgaGVpZ2h0PSIxIiB4bWxucz0iaHR0cDovL3d3dy53My5vcmcvMjAwMC9zdmciPjwvc3ZnPg==\" style=\"--smush-placeholder-width: 278px; --smush-placeholder-aspect-ratio: 278\/425;\" \/><\/p>\n<p><b>\u00bfUn sue\u00f1o?<\/b><\/p>\n<p><span style=\"font-weight: 400;\">\u00abCuando pienso en un sue\u00f1o sin duda se me viene la imagen del capitulo de los Simpson cuando hace referencia al mundo sin abogados, lo que hace que me cuestione la utopia de los Objetivos de Desarrollo Sostenible, y a pesar de ello, trabajo para ellos (por ambos, el mundo sin abogados y los 17 objetivos jaja) pero ver la realidad duele y desanima. As\u00ed que si hablo de sue\u00f1os, hablo nuevamente de <\/span><b>seres sostenibles y valores<\/b><span style=\"font-weight: 400;\">. De un <\/span><b>Nosotros antes de un YO<\/b><span style=\"font-weight: 400;\">. De un mirarnos a los ojos. Hoy todo queda a la decisi\u00f3n de una persona, ya veremos qu\u00e9 pasa cuando quede en manos de la inteligencia artificial, pero hoy: un due\u00f1o\/gerente decide c\u00f3mo utilizar los recursos, asignar salarios, sus m\u00e1rgenes de ganancia. Un juez da una sentencia. Un empleado decide si va a trabajar o miente. Cada persona decide si cruza ese sem\u00e1foro en rojo o no; es decir <\/span><b>la sostenibilidad hoy son cosas b\u00e1sicas<\/b><span style=\"font-weight: 400;\">. <\/span><b>Es preguntarnos qu\u00e9 estamos haciendo por el mundo que queremos<\/b><span style=\"font-weight: 400;\">.\u00a0 Una de las preguntas que m\u00e1s recibo cuando hablo de sostenibilidad es respecto a la <\/span><b>materialidad<\/b><span style=\"font-weight: 400;\">, yo pensaba en ello cuando empece este camino y buscaba dise\u00f1adores que trabajen con algod\u00f3n \u00f3rganico (grave error), recorrer en este camino me hizo darme cuenta que <\/span><b>la materialidad es realmente algo accesorio a todo ello<\/b><span style=\"font-weight: 400;\"> si no podemos garantizar los derechos y garant\u00edas de las personas en toda su cadena de valor. \u00ab<\/span><\/p>\n<p><b>\u00bfQu\u00e9 te gustar\u00eda cambiar en el mundo?<\/b><\/p>\n<p><span style=\"font-weight: 400;\">\u00abEl modo que tenemos de pensar del mundo, pensar que lo dominamos, lo conquistamos, y esa cosa de quererlo todo. Cuantas veces hemos escuchado la frase, \u00abse lleva el mundo por delante\u00bb y lo peor que lo visualizamos como a un ganador.\u00bb<\/span><\/p>\n<p><b>Conversemos sobre MOLA y tu relaci\u00f3n con el movimiento.<\/b><\/p>\n<p><span style=\"font-weight: 400;\">\u00abMOLA para mi es uni\u00f3n, es conexi\u00f3n, son valores. Es vernos reflejados en el otro sin conocernos. <\/span><b>Amo que sea latinoamericano<\/b><span style=\"font-weight: 400;\">, tiene que ver con la pertenencia, con la historia. Somos aproximadamente 35 voces de toda latinoam\u00e9rica, y vernos en las capacitaciones, conversar inquietudes en com\u00fan, cuestionarnos las mismas cosas son las que dan esperanza a seguir trabajando para ese sue\u00f1o preguntado m\u00e1s arriba.\u00bb<\/span><\/p>\n<p><b>\u00bfDestacas algo espec\u00edfico?<\/b><\/p>\n<p><b>\u00abDestaco el trabajo Humano, repito incansablemente para mi son las bases de este camino.<\/b><span style=\"font-weight: 400;\"> Como dice MOLA: \u00ab<\/span><span style=\"font-weight: 400;\">Latinoamerica pa&#8217;l mundo<\/span><span style=\"font-weight: 400;\">\u00bb y eso describe MOLA, creemos que tenemos mucho valor y que el mundo debe conocer latinoamerica. Pero antes debemos aprender a amarla nosotros y creo que ese es un gran trabajo.\u00bb<\/span><\/p>\n<p><b>\u00bfAlgo m\u00e1s que quieras agregar?<\/b><\/p>\n<p><span style=\"font-weight: 400;\">\u00abSin pensarlo, creo que los cambios se dan sumando peque\u00f1as acciones, y que todos tenemos algo para aportar. El camino de la sostenibilidad no es f\u00e1cil, se hace cuesta arriba pero hacerlo en grupo lo hace m\u00e1s llevadero. <\/span><span style=\"font-weight: 400;\">(MOLA) <\/span><b>Es un aprendizaje constante con gente de todo latinoamerica, la energ\u00eda y el cari\u00f1o que corren esas comunicaciones son \u00fanicas<\/b><span style=\"font-weight: 400;\"> que si venimos con un d\u00eda medio bajoneado o alguna noticia que nos golpeo entre todos entendemos que por algo estamos en este camino y como decimos una vez que lo vez es imposible mirar para otro lado. <\/span><b>Los invito a leer las notas de los blog, son notas reales locales, por personas que como vos y como yo tratan de hacer las cosas de otra manera<\/b><span style=\"font-weight: 400;\">, son sus b\u00fasquedas que comparten para que vos ya partas desde ese lugar. Y desde ya a seguirnos para no perderte los seminarios, y todas las cosas en las que <\/span><b>estamos trabajando para que la Industria Textil Latinoamericana pueda competir en un mundo cada vez m\u00e1s exigente, pero que ello no sea dejar de lado los valores sino que los potencie.\u00bb<\/b><\/p>\n<p><img decoding=\"async\" class=\"alignnone size-full wp-image-5342 lazyload\" data-src=\"http:\/\/desarrollosdeprueba.xyz\/universo_mola\/wp-content\/uploads\/2021\/08\/Captura152.png\" alt=\"\" width=\"623\" height=\"393\" data-srcset=\"https:\/\/universomola.com\/wp-content\/uploads\/2021\/08\/Captura152-200x126.png 200w, https:\/\/universomola.com\/wp-content\/uploads\/2021\/08\/Captura152-300x189.png 300w, https:\/\/universomola.com\/wp-content\/uploads\/2021\/08\/Captura152-320x202.png 320w, https:\/\/universomola.com\/wp-content\/uploads\/2021\/08\/Captura152-400x252.png 400w, https:\/\/universomola.com\/wp-content\/uploads\/2021\/08\/Captura152-500x315.png 500w, https:\/\/universomola.com\/wp-content\/uploads\/2021\/08\/Captura152-600x378.png 600w, https:\/\/universomola.com\/wp-content\/uploads\/2021\/08\/Captura152.png 623w\" data-sizes=\"(max-width: 623px) 100vw, 623px\" src=\"data:image\/svg+xml;base64,PHN2ZyB3aWR0aD0iMSIgaGVpZ2h0PSIxIiB4bWxucz0iaHR0cDovL3d3dy53My5vcmcvMjAwMC9zdmciPjwvc3ZnPg==\" style=\"--smush-placeholder-width: 623px; --smush-placeholder-aspect-ratio: 623\/393;\" \/><\/p>\n<p><i><span style=\"font-weight: 400;\">Fotograf\u00eda por <\/span><\/i><span style=\"color: #33cccc;\"><i><span style=\"font-weight: 400;\">Pedro de Paiva<\/span><\/i><\/span><i><span style=\"font-weight: 400;\"> para MOLA<\/span><\/i><\/p>\n<\/div><\/div><\/div><\/div><\/div>","protected":false},"excerpt":{"rendered":"<p>Lorem ipsum dolor sit amet, consectetur adipiscing elit. Nam pharetra dictum eleifend. Sed posuere magna at luctus pretium. Aliquam ligula sem, aliquet sit amet nisi ac, dignissim porta ipsum.<\/p>","protected":false},"author":9,"featured_media":5343,"comment_status":"open","ping_status":"open","sticky":false,"template":"","format":"standard","meta":{"_monsterinsights_skip_tracking":false,"_monsterinsights_sitenote_active":false,"_monsterinsights_sitenote_note":"","_monsterinsights_sitenote_category":0,"footnotes":""},"categories":[40],"tags":[93,89,48,92,47,96,88],"class_list":["post-5339","post","type-post","status-publish","format-standard","has-post-thumbnail","hentry","category-blog","tag-disenadores-sostenibles","tag-moda-etica","tag-moda-latina","tag-moda-latinoamericana","tag-moda-sostenible","tag-moda-sustentable","tag-universo-mola"],"_links":{"self":[{"href":"https:\/\/universomola.com\/en\/wp-json\/wp\/v2\/posts\/5339","targetHints":{"allow":["GET"]}}],"collection":[{"href":"https:\/\/universomola.com\/en\/wp-json\/wp\/v2\/posts"}],"about":[{"href":"https:\/\/universomola.com\/en\/wp-json\/wp\/v2\/types\/post"}],"author":[{"embeddable":true,"href":"https:\/\/universomola.com\/en\/wp-json\/wp\/v2\/users\/9"}],"replies":[{"embeddable":true,"href":"https:\/\/universomola.com\/en\/wp-json\/wp\/v2\/comments?post=5339"}],"version-history":[{"count":1,"href":"https:\/\/universomola.com\/en\/wp-json\/wp\/v2\/posts\/5339\/revisions"}],"predecessor-version":[{"id":5344,"href":"https:\/\/universomola.com\/en\/wp-json\/wp\/v2\/posts\/5339\/revisions\/5344"}],"wp:featuredmedia":[{"embeddable":true,"href":"https:\/\/universomola.com\/en\/wp-json\/wp\/v2\/media\/5343"}],"wp:attachment":[{"href":"https:\/\/universomola.com\/en\/wp-json\/wp\/v2\/media?parent=5339"}],"wp:term":[{"taxonomy":"category","embeddable":true,"href":"https:\/\/universomola.com\/en\/wp-json\/wp\/v2\/categories?post=5339"},{"taxonomy":"post_tag","embeddable":true,"href":"https:\/\/universomola.com\/en\/wp-json\/wp\/v2\/tags?post=5339"}],"curies":[{"name":"wp","href":"https:\/\/api.w.org\/{rel}","templated":true}]}}