{"id":5345,"date":"2019-05-25T15:05:08","date_gmt":"2019-05-25T18:05:08","guid":{"rendered":"http:\/\/desarrollosdeprueba.xyz\/universo_mola\/?p=5345"},"modified":"2021-08-08T15:08:25","modified_gmt":"2021-08-08T18:08:25","slug":"fedra-productora-de-moda-critica-de-la-industria-2","status":"publish","type":"post","link":"https:\/\/universomola.com\/en\/fedra-productora-de-moda-critica-de-la-industria-2\/","title":{"rendered":"MARIANA, ASESORA DE IMAGEN: GENERANDO CONSCIENCIA."},"content":{"rendered":"[fusion_builder_container hundred_percent=\u00bbno\u00bb equal_height_columns=\u00bbno\u00bb menu_anchor=\u00bb\u00bb hide_on_mobile=\u00bbsmall-visibility,medium-visibility,large-visibility\u00bb class=\u00bb\u00bb id=\u00bb\u00bb background_color=\u00bb\u00bb background_image=\u00bb\u00bb background_position=\u00bbcenter center\u00bb background_repeat=\u00bbno-repeat\u00bb fade=\u00bbno\u00bb background_parallax=\u00bbnone\u00bb parallax_speed=\u00bb0.3&#8243; video_mp4=\u00bb\u00bb video_webm=\u00bb\u00bb video_ogv=\u00bb\u00bb video_url=\u00bb\u00bb video_aspect_ratio=\u00bb16:9&#8243; video_loop=\u00bbyes\u00bb video_mute=\u00bbyes\u00bb overlay_color=\u00bb\u00bb video_preview_image=\u00bb\u00bb border_color=\u00bb\u00bb border_style=\u00bbsolid\u00bb padding_top=\u00bb\u00bb padding_bottom=\u00bb\u00bb padding_left=\u00bb\u00bb padding_right=\u00bb\u00bb type=\u00bbflex\u00bb][fusion_builder_row][fusion_builder_column type=\u00bb1_1&#8243; layout=\u00bb1_1&#8243; background_position=\u00bbleft top\u00bb background_color=\u00bb\u00bb border_color=\u00bb\u00bb border_style=\u00bbsolid\u00bb border_position=\u00bball\u00bb spacing=\u00bbyes\u00bb background_image=\u00bb\u00bb background_repeat=\u00bbno-repeat\u00bb padding_top=\u00bb\u00bb padding_right=\u00bb\u00bb padding_bottom=\u00bb\u00bb padding_left=\u00bb\u00bb margin_top=\u00bb0px\u00bb margin_bottom=\u00bb0px\u00bb class=\u00bb\u00bb id=\u00bb\u00bb animation_type=\u00bb\u00bb animation_speed=\u00bb0.3&#8243; animation_direction=\u00bbleft\u00bb hide_on_mobile=\u00bbsmall-visibility,medium-visibility,large-visibility\u00bb center_content=\u00bbno\u00bb last=\u00bbtrue\u00bb min_height=\u00bb\u00bb hover_type=\u00bbnone\u00bb link=\u00bb\u00bb border_sizes_top=\u00bb\u00bb border_sizes_bottom=\u00bb\u00bb border_sizes_left=\u00bb\u00bb border_sizes_right=\u00bb\u00bb first=\u00bbtrue\u00bb][fusion_text columns=\u00bb\u00bb column_min_width=\u00bb\u00bb column_spacing=\u00bb\u00bb rule_style=\u00bbdefault\u00bb rule_size=\u00bb\u00bb rule_color=\u00bb\u00bb content_alignment_medium=\u00bb\u00bb content_alignment_small=\u00bb\u00bb content_alignment=\u00bb\u00bb hide_on_mobile=\u00bbsmall-visibility,medium-visibility,large-visibility\u00bb sticky_display=\u00bbnormal,sticky\u00bb class=\u00bb\u00bb id=\u00bb\u00bb font_size=\u00bb\u00bb fusion_font_family_text_font=\u00bb\u00bb fusion_font_variant_text_font=\u00bb\u00bb line_height=\u00bb\u00bb letter_spacing=\u00bb\u00bb text_color=\u00bb\u00bb animation_type=\u00bb\u00bb animation_direction=\u00bbleft\u00bb animation_speed=\u00bb0.3&#8243; animation_offset=\u00bb\u00bb]\n<p><em><span style=\"color: #33cccc;\">Escrito por: Entrevistas de Universo MOLA<\/span><\/em><\/p>\n<p><span style=\"color: #b32020;\"><b>Mariana, <\/b><i><span style=\"font-weight: 400;\">Asesoria de Imagen<\/span><\/i><\/span><\/p>\n<p><span style=\"color: #b32020;\"><i><span style=\"font-weight: 400;\">Conecta con ella <\/span><\/i><b><i>aqu\u00ed<\/i><\/b><\/span><\/p>\n<p><img decoding=\"async\" class=\"alignnone size-full wp-image-5346 lazyload\" data-src=\"http:\/\/desarrollosdeprueba.xyz\/universo_mola\/wp-content\/uploads\/2021\/08\/Captura154.png\" alt=\"\" width=\"209\" height=\"280\" data-srcset=\"https:\/\/universomola.com\/wp-content\/uploads\/2021\/08\/Captura154.png 209w, https:\/\/universomola.com\/wp-content\/uploads\/2021\/08\/Captura154-200x268.png 200w\" data-sizes=\"(max-width: 209px) 100vw, 209px\" src=\"data:image\/svg+xml;base64,PHN2ZyB3aWR0aD0iMSIgaGVpZ2h0PSIxIiB4bWxucz0iaHR0cDovL3d3dy53My5vcmcvMjAwMC9zdmciPjwvc3ZnPg==\" style=\"--smush-placeholder-width: 209px; --smush-placeholder-aspect-ratio: 209\/280;\" \/><\/p>\n<p><b>\u00bfPor qu\u00e9 haces lo que haces?<\/b><\/p>\n<p><span style=\"font-weight: 400;\">\u00abEs algo que me gusta y comenc\u00e9 este a\u00f1o a dedicarme 100%, <\/span><b>siento que no es un trabajo, sino que un disfrute diariamente.\u00bb<\/b><\/p>\n<p><b>\u00bfQu\u00e9 es la sostenibilidad para ti?<\/b><\/p>\n<p><span style=\"font-weight: 400;\">\u00abLa sostentabilidad para mi son las caracter\u00edsticas del desarrollo que asegura las necesidades del presente sin comprometer las necesidades de futuras generaciones.\u00bb<\/span><\/p>\n<p><b>\u00bfCu\u00e1l es tu habito sostenible clave?<\/b><\/p>\n<p><span style=\"font-weight: 400;\">\u00ab<\/span><b>Conectarme con la naturaleza diariamente<\/b><span style=\"font-weight: 400;\">, me encanta salir a caminar y disfrutar de la naturaleza, estar al aire libre ya sea disfrutando los espacios verdes, como al aire libre cuando camino por la ciudad.\u00bb<\/span><\/p>\n<p><b>\u00bfC\u00f3mo contagias el esp\u00edritu de sostenibilidad?<\/b><\/p>\n<p><span style=\"font-weight: 400;\">\u00abLo hago mucho a trav\u00e9s de mis redes sociales, trato siempre de colocar <\/span><b>algo que genere consciencia a las personas<\/b><span style=\"font-weight: 400;\">.\u00bb<\/span><\/p>\n<p><b>\u00bfUn sue\u00f1o?<\/b><\/p>\n<p><span style=\"font-weight: 400;\">\u00abEn lo personal formar mi familia y en lo profesional desarrollarme como Asesora de Imagen\u00bb<\/span><\/p>\n<p><b>\u00bfQu\u00e9 te gustar\u00eda cambiar en el mundo?<\/b><\/p>\n<p><span style=\"font-weight: 400;\">\u00abLa falta de Amor de las personas, la violencia que existe en el mundo.\u00bb<\/span><\/p>\n<p><b>Conversemos sobre MOLA y tu relaci\u00f3n con el movimiento.<\/b><\/p>\n<p><span style=\"font-weight: 400;\">\u00abMOLA para mi es una <\/span><b>red de conexi\u00f3n<\/b><span style=\"font-weight: 400;\"> donde se unen personas de diversos pa\u00edses con un mismo prop\u00f3sito que procura generar consciencia respecto a la sustentabilidad, ya sea dise\u00f1adores y emprendedores de la industria textil y de moda latinoamericana.\u00bb<\/span><\/p>\n<p><b>\u00bfC\u00f3mo crees que tu trabajo aporta a la industria textil y moda sostenible?<\/b><\/p>\n<p><b>\u00ab<\/b><span style=\"font-weight: 400;\">Creo que directamente afecta a la moda textil, desde el momento que asesoramos a las personas de que indumentaria utilizar, evitando usar ropa de piel animal, <\/span><b>generando consciencia de la procedencia de la ropa<\/b><span style=\"font-weight: 400;\"> y tambi\u00e9n <\/span><b>aconsejando al reuso de la ropa<\/b><span style=\"font-weight: 400;\"> de generaciones anteriores.\u00bb<\/span><\/p>\n<p><b>\u00bfAlgo m\u00e1s que quieras agregar?<\/b><\/p>\n<p><span style=\"font-weight: 400;\">\u00abPor supuesto, <\/span><b>recomiendo que formen parte del Universo MOLA ya que es un espacio para intercambiar ideas<\/b><span style=\"font-weight: 400;\">, creo que es algo muy positivo para la sociedad en todos los sentidos, generando un empoderamiento principalmente de la juventud en todo latinoam\u00e9rica. <\/span><b>\u00ab<\/b><\/p>\n<p><img decoding=\"async\" class=\"alignnone size-full wp-image-5348 lazyload\" data-src=\"http:\/\/desarrollosdeprueba.xyz\/universo_mola\/wp-content\/uploads\/2021\/08\/Captura153.png\" alt=\"\" width=\"624\" height=\"416\" data-srcset=\"https:\/\/universomola.com\/wp-content\/uploads\/2021\/08\/Captura153.png 624w, https:\/\/universomola.com\/wp-content\/uploads\/2021\/08\/Captura153-300x200.png 300w, https:\/\/universomola.com\/wp-content\/uploads\/2021\/08\/Captura153-200x133.png 200w, https:\/\/universomola.com\/wp-content\/uploads\/2021\/08\/Captura153-400x267.png 400w, https:\/\/universomola.com\/wp-content\/uploads\/2021\/08\/Captura153-600x400.png 600w, https:\/\/universomola.com\/wp-content\/uploads\/2021\/08\/Captura153-500x333.png 500w\" data-sizes=\"(max-width: 624px) 100vw, 624px\" src=\"data:image\/svg+xml;base64,PHN2ZyB3aWR0aD0iMSIgaGVpZ2h0PSIxIiB4bWxucz0iaHR0cDovL3d3dy53My5vcmcvMjAwMC9zdmciPjwvc3ZnPg==\" style=\"--smush-placeholder-width: 624px; --smush-placeholder-aspect-ratio: 624\/416;\" \/><\/p>\n<p><i><span style=\"font-weight: 400;\">Fotograf\u00eda por <\/span><\/i><span style=\"color: #33cccc;\"><i><span style=\"font-weight: 400;\">Maria Sof\u00eda Stella<\/span><\/i><\/span><i><span style=\"font-weight: 400;\"> para MOLA<\/span><\/i><\/p>\n[\/fusion_text][\/fusion_builder_column][\/fusion_builder_row][\/fusion_builder_container]\n","protected":false},"excerpt":{"rendered":"<p>Lorem ipsum dolor sit amet, consectetur adipiscing elit. Nam pharetra dictum eleifend. Sed posuere magna at luctus pretium. Aliquam ligula sem, aliquet sit amet nisi ac, dignissim porta ipsum.<\/p>","protected":false},"author":9,"featured_media":5347,"comment_status":"open","ping_status":"open","sticky":false,"template":"","format":"standard","meta":{"footnotes":""},"categories":[40],"tags":[93,89,48,92,47,96,88],"class_list":["post-5345","post","type-post","status-publish","format-standard","has-post-thumbnail","category-blog","tag-disenadores-sostenibles","tag-moda-etica","tag-moda-latina","tag-moda-latinoamericana","tag-moda-sostenible","tag-moda-sustentable","tag-universo-mola"],"_links":{"self":[{"href":"https:\/\/universomola.com\/en\/wp-json\/wp\/v2\/posts\/5345","targetHints":{"allow":["GET"]}}],"collection":[{"href":"https:\/\/universomola.com\/en\/wp-json\/wp\/v2\/posts"}],"about":[{"href":"https:\/\/universomola.com\/en\/wp-json\/wp\/v2\/types\/post"}],"author":[{"embeddable":true,"href":"https:\/\/universomola.com\/en\/wp-json\/wp\/v2\/users\/9"}],"replies":[{"embeddable":true,"href":"https:\/\/universomola.com\/en\/wp-json\/wp\/v2\/comments?post=5345"}],"version-history":[{"count":2,"href":"https:\/\/universomola.com\/en\/wp-json\/wp\/v2\/posts\/5345\/revisions"}],"predecessor-version":[{"id":5350,"href":"https:\/\/universomola.com\/en\/wp-json\/wp\/v2\/posts\/5345\/revisions\/5350"}],"wp:featuredmedia":[{"embeddable":true,"href":"https:\/\/universomola.com\/en\/wp-json\/wp\/v2\/media\/5347"}],"wp:attachment":[{"href":"https:\/\/universomola.com\/en\/wp-json\/wp\/v2\/media?parent=5345"}],"wp:term":[{"taxonomy":"category","embeddable":true,"href":"https:\/\/universomola.com\/en\/wp-json\/wp\/v2\/categories?post=5345"},{"taxonomy":"post_tag","embeddable":true,"href":"https:\/\/universomola.com\/en\/wp-json\/wp\/v2\/tags?post=5345"}],"curies":[{"name":"wp","href":"https:\/\/api.w.org\/{rel}","templated":true}]}}