{"id":5355,"date":"2019-05-25T15:14:57","date_gmt":"2019-05-25T18:14:57","guid":{"rendered":"http:\/\/desarrollosdeprueba.xyz\/universo_mola\/?p=5355"},"modified":"2021-08-08T15:19:59","modified_gmt":"2021-08-08T18:19:59","slug":"vilma-tocados-que-reutilizan","status":"publish","type":"post","link":"https:\/\/universomola.com\/en\/vilma-tocados-que-reutilizan\/","title":{"rendered":"VILMA, TOCADOS QUE REUTILIZAN."},"content":{"rendered":"<div class=\"fusion-fullwidth fullwidth-box fusion-builder-row-1 fusion-flex-container nonhundred-percent-fullwidth non-hundred-percent-height-scrolling\" style=\"--awb-border-radius-top-left:0px;--awb-border-radius-top-right:0px;--awb-border-radius-bottom-right:0px;--awb-border-radius-bottom-left:0px;--awb-flex-wrap:wrap;\" ><div class=\"fusion-builder-row fusion-row fusion-flex-align-items-flex-start fusion-flex-content-wrap\" style=\"max-width:1248px;margin-left: calc(-4% \/ 2 );margin-right: calc(-4% \/ 2 );\"><div class=\"fusion-layout-column fusion_builder_column fusion-builder-column-0 fusion_builder_column_1_1 1_1 fusion-flex-column\" style=\"--awb-bg-size:cover;--awb-width-large:100%;--awb-margin-top-large:0px;--awb-spacing-right-large:1.92%;--awb-margin-bottom-large:0px;--awb-spacing-left-large:1.92%;--awb-width-medium:100%;--awb-spacing-right-medium:1.92%;--awb-spacing-left-medium:1.92%;--awb-width-small:100%;--awb-spacing-right-small:1.92%;--awb-spacing-left-small:1.92%;\"><div class=\"fusion-column-wrapper fusion-flex-justify-content-flex-start fusion-content-layout-column\"><div class=\"fusion-text fusion-text-1\"><p><em><span style=\"color: #33cccc;\">Escrito por: Entrevistas de Universo MOLA<\/span><\/em><\/p>\n<p><span style=\"color: #c20a0a;\"><b>Vilma, <\/b><i><span style=\"font-weight: 400;\">Ge\u00f3grafa y Dise\u00f1adora de Tocados<\/span><\/i><\/span><\/p>\n<p><span style=\"color: #c20a0a;\"><i><span style=\"font-weight: 400;\">Conecta con ella<\/span><\/i> <span style=\"color: #33cccc;\"><b><i>here.<\/i><\/b><\/span><\/span><\/p>\n<p><img decoding=\"async\" class=\"alignnone size-full wp-image-5358 lazyload\" data-src=\"http:\/\/desarrollosdeprueba.xyz\/universo_mola\/wp-content\/uploads\/2021\/08\/Captura160.png\" alt=\"\" width=\"176\" height=\"228\" src=\"data:image\/svg+xml;base64,PHN2ZyB3aWR0aD0iMSIgaGVpZ2h0PSIxIiB4bWxucz0iaHR0cDovL3d3dy53My5vcmcvMjAwMC9zdmciPjwvc3ZnPg==\" style=\"--smush-placeholder-width: 176px; --smush-placeholder-aspect-ratio: 176\/228;\" \/><\/p>\n<p><b>\u00bfPor qu\u00e9 haces lo que haces?<\/b><\/p>\n<p><span style=\"font-weight: 400;\">\u00abPara expresarme y relacionarme por medio de la creatividad.\u00bb<\/span><\/p>\n<p><b>\u00bfQu\u00e9 es la sostenibilidad para ti?<\/b><\/p>\n<p><span style=\"font-weight: 400;\">\u00abUn principio que nos llevar\u00e1 a un mundo m\u00e1s equilibrado.\u00bb<\/span><\/p>\n<p><b>\u00bfCu\u00e1l es tu habito sostenible clave?<\/b><\/p>\n<p><span style=\"font-weight: 400;\">\u00abReutilizar.\u00bb<\/span><\/p>\n<p><b>\u00bfC\u00f3mo contagias el esp\u00edritu de sostenibilidad?<\/b><\/p>\n<p><img decoding=\"async\" class=\"alignnone size-full wp-image-5357 lazyload\" data-src=\"http:\/\/desarrollosdeprueba.xyz\/universo_mola\/wp-content\/uploads\/2021\/08\/Captura159.png\" alt=\"\" width=\"259\" height=\"392\" data-srcset=\"https:\/\/universomola.com\/wp-content\/uploads\/2021\/08\/Captura159-198x300.png 198w, https:\/\/universomola.com\/wp-content\/uploads\/2021\/08\/Captura159-200x303.png 200w, https:\/\/universomola.com\/wp-content\/uploads\/2021\/08\/Captura159.png 259w\" data-sizes=\"(max-width: 259px) 100vw, 259px\" src=\"data:image\/svg+xml;base64,PHN2ZyB3aWR0aD0iMSIgaGVpZ2h0PSIxIiB4bWxucz0iaHR0cDovL3d3dy53My5vcmcvMjAwMC9zdmciPjwvc3ZnPg==\" style=\"--smush-placeholder-width: 259px; --smush-placeholder-aspect-ratio: 259\/392;\" \/><\/p>\n<p><b>\u00bfUn sue\u00f1o?<\/b><\/p>\n<p><span style=\"font-weight: 400;\">\u00abAvanzar, siempre avanzar. \u00ab<\/span><\/p>\n<p><b>\u00bfQu\u00e9 te gustar\u00eda cambiar en el mundo?<\/b><\/p>\n<p><span style=\"font-weight: 400;\">\u00abLa indiferencia.\u00bb<\/span><\/p>\n<p><b>Conversemos sobre MOLA y tu relaci\u00f3n con el movimiento.<\/b><\/p>\n<p><span style=\"font-weight: 400;\">\u00abMOLA para mi es una plataforma desde donde proyectarse con el ejemplo. Es un punto de partida y un apoyo para quienes venimos desarrollando actividades que tienen repercusiones sociales, econ\u00f3micas y ambientales. Tambi\u00e9n es un punto de encuentro para saber que ocurre m\u00e1s all\u00e1 de nuestro \u00e1mbito de trabajo cotidiano, permiti\u00e9ndonos visualizar emprendimientos que de otra manera ser\u00eda muy dif\u00edcil de conocer.\u00bb<\/span><\/p>\n<p><b>\u00bfDestacas algo espec\u00edfico?<\/b><\/p>\n<p><span style=\"font-weight: 400;\">\u00abDesde mi profesi\u00f3n como ge\u00f3grafa y por mi especializaci\u00f3n en evaluaci\u00f3n y conservaci\u00f3n de recursos naturales, he trabajado en el \u00e1mbito gubernamental durante m\u00e1s de 20 a\u00f1os en temas estrechamente vinculados a la implementaci\u00f3n de principios de Naciones Unidas sobre desarrollo sustentable.\u00a0 Recuerdo cuando nos prepar\u00e1bamos para que Uruguay participara en la conferencia cumbre de Rio+20, integrando un grupo interdisciplinario donde por muchas horas discut\u00edamos y plasm\u00e1bamos en el papel nuestros aportes. Por ese mismo motivo conozco muy de cerca las dificultades que se tienen en el proceso de educaci\u00f3n de la gente y en la toma de conciencia individual y colectiva. Creo que <\/span><b>MOLA ha tomado ese rol educador aplic\u00e1ndolo m\u00e1s directamente en el campo de la industria de la moda<\/b><span style=\"font-weight: 400;\">, la vestimenta, el dise\u00f1o; incluyendo en este concepto una ampl\u00edsima gama de actividades directas e indirectas. No es una tarea f\u00e1cil pero cuando comienzan a verse los resultados la satisfacci\u00f3n es enorme.\u00a0 <\/span><b>El impacto del movimiento es crucial para cambiar, mejorar e incrementar conductas que conduzcan a una producci\u00f3n m\u00e1s limpia, amigable y respetuosa de la dignidad humana.<\/b><span style=\"font-weight: 400;\">\"<\/span><\/p>\n<p><b>\u00bfAlgo m\u00e1s que quieras agregar?<\/b><\/p>\n<p><span style=\"font-weight: 400;\">\"<\/span><b>Desde que me he integrado a #UniversoMOLA han ocurrido muchas cosas positivas<\/b><span style=\"font-weight: 400;\">, como lo ha sido el hecho de compartir con dise\u00f1adores de Uruguay, Argentina y Chile momentos muy agradables y beneficiosos para mi desarrollo como dise\u00f1adora de tocados. Saliendo del cl\u00e1sico accesorio para novias, invitadas o quincea\u00f1eras,\u00a0 desarroll\u00e9 nuevos modelos visualizando otro tipo de tocados que van de la mano con un look urbano, juvenil y descontracturado. <\/span><b>Muchos de estos modelos fueron hechos a partir de materiales, telas y bordados que iba recuperando, as\u00ed como joyer\u00eda y bisuter\u00eda en desuso.<\/b><span style=\"font-weight: 400;\">\u00a0 Asimismo incorpor\u00e9 la opci\u00f3n de que mis clientes pudieran optar por la utilizaci\u00f3n de empaques nuevos o reutilizados, lo que fue visto con inter\u00e9s y muy bien aceptado.<\/span><\/p>\n<p><span style=\"font-weight: 400;\">Volviendo al principio, los foros para visionarios y las actividades de intercambio, conferencias y debates promovidos desde MOLA resultan siempre en un aprendizaje constante.\u00a0 Todo ello nos hace\u00a0 sentir que tambi\u00e9n hay una \u201csostenibilidad\u201d en el tiempo, con apoyo para crecer y avanzar en lo que amamos hacer d\u00eda a d\u00eda. Si, por supuesto que recomendar\u00eda ser parte del #UniversoMOLA y les <\/span><b>\u00a1invito a integrarse!<\/b><span style=\"font-weight: 400;\"> \"<\/span><\/p>\n<p><span style=\"font-weight: 400;\">\u00abDictando conferencias en centros de educaci\u00f3n t\u00e9cnica profesional o intercambiando ideas con amigos frente a una taza de t\u00e9.\u00bb<\/span><\/p>\n<p><img decoding=\"async\" class=\"alignnone size-full wp-image-5356 lazyload\" data-src=\"http:\/\/desarrollosdeprueba.xyz\/universo_mola\/wp-content\/uploads\/2021\/08\/Captura158.png\" alt=\"\" width=\"445\" height=\"450\" data-srcset=\"https:\/\/universomola.com\/wp-content\/uploads\/2021\/08\/Captura158-66x66.png 66w, https:\/\/universomola.com\/wp-content\/uploads\/2021\/08\/Captura158-100x100.png 100w, https:\/\/universomola.com\/wp-content\/uploads\/2021\/08\/Captura158-200x202.png 200w, https:\/\/universomola.com\/wp-content\/uploads\/2021\/08\/Captura158-297x300.png 297w, https:\/\/universomola.com\/wp-content\/uploads\/2021\/08\/Captura158-400x404.png 400w, https:\/\/universomola.com\/wp-content\/uploads\/2021\/08\/Captura158.png 445w\" data-sizes=\"(max-width: 445px) 100vw, 445px\" src=\"data:image\/svg+xml;base64,PHN2ZyB3aWR0aD0iMSIgaGVpZ2h0PSIxIiB4bWxucz0iaHR0cDovL3d3dy53My5vcmcvMjAwMC9zdmciPjwvc3ZnPg==\" style=\"--smush-placeholder-width: 445px; --smush-placeholder-aspect-ratio: 445\/450;\" \/><\/p>\n<p><i><span style=\"font-weight: 400;\">Fotograf\u00eda por <\/span><\/i><i><span style=\"font-weight: 400;\"><span style=\"color: #33cccc;\">Be Fotografia<\/span><\/span><\/i><i><span style=\"font-weight: 400;\"> para MOLA<\/span><\/i><\/p>\n<\/div><\/div><\/div><\/div><\/div>","protected":false},"excerpt":{"rendered":"<p>Lorem ipsum dolor sit amet, consectetur adipiscing elit. Nam pharetra dictum eleifend. Sed posuere magna at luctus pretium. Aliquam ligula sem, aliquet sit amet nisi ac, dignissim porta ipsum.<\/p>","protected":false},"author":9,"featured_media":5356,"comment_status":"open","ping_status":"open","sticky":false,"template":"","format":"standard","meta":{"_monsterinsights_skip_tracking":false,"_monsterinsights_sitenote_active":false,"_monsterinsights_sitenote_note":"","_monsterinsights_sitenote_category":0,"footnotes":""},"categories":[40],"tags":[93,89,48,92,47,96,88],"class_list":["post-5355","post","type-post","status-publish","format-standard","has-post-thumbnail","hentry","category-blog","tag-disenadores-sostenibles","tag-moda-etica","tag-moda-latina","tag-moda-latinoamericana","tag-moda-sostenible","tag-moda-sustentable","tag-universo-mola"],"_links":{"self":[{"href":"https:\/\/universomola.com\/en\/wp-json\/wp\/v2\/posts\/5355","targetHints":{"allow":["GET"]}}],"collection":[{"href":"https:\/\/universomola.com\/en\/wp-json\/wp\/v2\/posts"}],"about":[{"href":"https:\/\/universomola.com\/en\/wp-json\/wp\/v2\/types\/post"}],"author":[{"embeddable":true,"href":"https:\/\/universomola.com\/en\/wp-json\/wp\/v2\/users\/9"}],"replies":[{"embeddable":true,"href":"https:\/\/universomola.com\/en\/wp-json\/wp\/v2\/comments?post=5355"}],"version-history":[{"count":1,"href":"https:\/\/universomola.com\/en\/wp-json\/wp\/v2\/posts\/5355\/revisions"}],"predecessor-version":[{"id":5359,"href":"https:\/\/universomola.com\/en\/wp-json\/wp\/v2\/posts\/5355\/revisions\/5359"}],"wp:featuredmedia":[{"embeddable":true,"href":"https:\/\/universomola.com\/en\/wp-json\/wp\/v2\/media\/5356"}],"wp:attachment":[{"href":"https:\/\/universomola.com\/en\/wp-json\/wp\/v2\/media?parent=5355"}],"wp:term":[{"taxonomy":"category","embeddable":true,"href":"https:\/\/universomola.com\/en\/wp-json\/wp\/v2\/categories?post=5355"},{"taxonomy":"post_tag","embeddable":true,"href":"https:\/\/universomola.com\/en\/wp-json\/wp\/v2\/tags?post=5355"}],"curies":[{"name":"wp","href":"https:\/\/api.w.org\/{rel}","templated":true}]}}