{"id":5360,"date":"2019-06-03T15:24:37","date_gmt":"2019-06-03T18:24:37","guid":{"rendered":"http:\/\/desarrollosdeprueba.xyz\/universo_mola\/?p=5360"},"modified":"2021-08-08T15:27:29","modified_gmt":"2021-08-08T18:27:29","slug":"noelia-disenadora-busca-la-justicia","status":"publish","type":"post","link":"https:\/\/universomola.com\/en\/noelia-disenadora-busca-la-justicia\/","title":{"rendered":"NOELIA, DISE\u00d1ADORA: BUSCA LA JUSTICIA."},"content":{"rendered":"<div class=\"fusion-fullwidth fullwidth-box fusion-builder-row-1 fusion-flex-container nonhundred-percent-fullwidth non-hundred-percent-height-scrolling\" style=\"--awb-border-radius-top-left:0px;--awb-border-radius-top-right:0px;--awb-border-radius-bottom-right:0px;--awb-border-radius-bottom-left:0px;--awb-flex-wrap:wrap;\" ><div class=\"fusion-builder-row fusion-row fusion-flex-align-items-flex-start fusion-flex-content-wrap\" style=\"max-width:1248px;margin-left: calc(-4% \/ 2 );margin-right: calc(-4% \/ 2 );\"><div class=\"fusion-layout-column fusion_builder_column fusion-builder-column-0 fusion_builder_column_1_1 1_1 fusion-flex-column\" style=\"--awb-bg-size:cover;--awb-width-large:100%;--awb-margin-top-large:0px;--awb-spacing-right-large:1.92%;--awb-margin-bottom-large:0px;--awb-spacing-left-large:1.92%;--awb-width-medium:100%;--awb-spacing-right-medium:1.92%;--awb-spacing-left-medium:1.92%;--awb-width-small:100%;--awb-spacing-right-small:1.92%;--awb-spacing-left-small:1.92%;\"><div class=\"fusion-column-wrapper fusion-flex-justify-content-flex-start fusion-content-layout-column\"><div class=\"fusion-text fusion-text-1\"><p><em><span style=\"color: #33cccc;\">Escrito por: Entrevistas de Universo MOLA<\/span><\/em><\/p>\n<p><span style=\"color: #de2c2c;\"><b>Noelia, <\/b><i><span style=\"font-weight: 400;\">Dise\u00f1adora<\/span><\/i><\/span><\/p>\n<p><span style=\"color: #de2c2c;\"><i><span style=\"font-weight: 400;\">Voz del #UniversoMOLA en C\u00f3rdoba, Argentina<\/span><\/i><\/span><\/p>\n<p><span style=\"color: #de2c2c;\"><i><span style=\"font-weight: 400;\">Conecta con ella<\/span><\/i> <span style=\"color: #33cccc;\"><b><i>here.<\/i><\/b><\/span><\/span><\/p>\n<p><img decoding=\"async\" class=\"alignnone size-full wp-image-5362 lazyload\" data-src=\"http:\/\/desarrollosdeprueba.xyz\/universo_mola\/wp-content\/uploads\/2021\/08\/Captura163.png\" alt=\"\" width=\"227\" height=\"344\" data-srcset=\"https:\/\/universomola.com\/wp-content\/uploads\/2021\/08\/Captura163-198x300.png 198w, https:\/\/universomola.com\/wp-content\/uploads\/2021\/08\/Captura163-200x303.png 200w, https:\/\/universomola.com\/wp-content\/uploads\/2021\/08\/Captura163.png 227w\" data-sizes=\"(max-width: 227px) 100vw, 227px\" src=\"data:image\/svg+xml;base64,PHN2ZyB3aWR0aD0iMSIgaGVpZ2h0PSIxIiB4bWxucz0iaHR0cDovL3d3dy53My5vcmcvMjAwMC9zdmciPjwvc3ZnPg==\" style=\"--smush-placeholder-width: 227px; --smush-placeholder-aspect-ratio: 227\/344;\" \/><\/p>\n<p><b>\u00bfPor qu\u00e9 haces lo que haces?<\/b><\/p>\n<p><span style=\"font-weight: 400;\">\u00abPorque es el modo en el que disfruto plenamente de mi trabajo\u00bb<\/span><\/p>\n<p><b>\u00bfQu\u00e9 es la sostenibilidad para ti?<\/b><\/p>\n<p><span style=\"font-weight: 400;\">\u00abEl unico camino posible\u00bb<\/span><\/p>\n<p><b>\u00bfCu\u00e1l es tu habito sostenible clave?<\/b><\/p>\n<p><span style=\"font-weight: 400;\">\u00abIndagar por el origen y composici\u00f3n de cada cosa que consumo.\u00bb<\/span><\/p>\n<p><b>\u00bfC\u00f3mo contagias el esp\u00edritu de sostenibilidad?<\/b><\/p>\n<p><span style=\"font-weight: 400;\">\u00abpor medio de mis proyectos, e intentando contagiar la motivaci\u00f3n con la que hago mi trabajo en cada oportunidad que tengo para vincularme con otros (charlas, talleres, clases, etc).\u00bb<\/span><\/p>\n<p><img decoding=\"async\" class=\"alignnone size-full wp-image-5361 lazyload\" data-src=\"http:\/\/desarrollosdeprueba.xyz\/universo_mola\/wp-content\/uploads\/2021\/08\/Captura162.png\" alt=\"\" width=\"305\" height=\"431\" data-srcset=\"https:\/\/universomola.com\/wp-content\/uploads\/2021\/08\/Captura162-200x283.png 200w, https:\/\/universomola.com\/wp-content\/uploads\/2021\/08\/Captura162-212x300.png 212w, https:\/\/universomola.com\/wp-content\/uploads\/2021\/08\/Captura162.png 305w\" data-sizes=\"(max-width: 305px) 100vw, 305px\" src=\"data:image\/svg+xml;base64,PHN2ZyB3aWR0aD0iMSIgaGVpZ2h0PSIxIiB4bWxucz0iaHR0cDovL3d3dy53My5vcmcvMjAwMC9zdmciPjwvc3ZnPg==\" style=\"--smush-placeholder-width: 305px; --smush-placeholder-aspect-ratio: 305\/431;\" \/><\/p>\n<p><b>\u00bfUn sue\u00f1o?<\/b><\/p>\n<p><span style=\"font-weight: 400;\">\u00abCompartir mi trabajo en muchos lugares. \u00ab<\/span><\/p>\n<p><b>\u00bfQu\u00e9 te gustar\u00eda cambiar en el mundo?<\/b><\/p>\n<p><span style=\"font-weight: 400;\">\u00abLa inequidad.\u00bb<\/span><\/p>\n<p><b>Conversemos sobre MOLA y tu relaci\u00f3n con el movimiento.<\/b><\/p>\n<p><span style=\"font-weight: 400;\">\u00abMOLA para mi es una oportunidad de empoderarnos como latinoamericanos, de mostrar todos nuestros proyectos al mundo y de revalorizar a nuestros territorios como un mercado y una plataforma posible donde poder desarrollar nuestras propuestas como dise\u00f1adores.\u00bb<\/span><\/p>\n<p><b>\u00bfDestacas algo espec\u00edfico?<\/b><\/p>\n<p><span style=\"font-weight: 400;\">\u00abDestaco su mirada puesta de este lado del mundo, no nos invitan a visibilizar nuestros proyectos para llevarlos a Europa, <\/span><b>nos invitan a ser comunidad para recorrer latinoam\u00e9rica<\/b><span style=\"font-weight: 400;\"> con otros que transitan el mismo desaf\u00edo diario de construir una industria mejor.\u00bb<\/span><\/p>\n<p><b>\u00bfAlgo m\u00e1s que quieras agregar?<\/b><\/p>\n<p><span style=\"font-weight: 400;\">\u00abCada vez que recomiendo a MOLA, lo hago por <\/span><b>la riqueza del intercambio con colegas y profesionales<\/b><span style=\"font-weight: 400;\"> de otros \u00e1mbitos que est\u00e1n ligados a la sustentabilidad y que est\u00e1n abiertos a esta interacci\u00f3n que mola genera.\u00bb<\/span><\/p>\n<p><img decoding=\"async\" class=\"alignnone size-full wp-image-5364 lazyload\" data-src=\"http:\/\/desarrollosdeprueba.xyz\/universo_mola\/wp-content\/uploads\/2021\/08\/Captura161.png\" alt=\"\" width=\"563\" height=\"371\" data-srcset=\"https:\/\/universomola.com\/wp-content\/uploads\/2021\/08\/Captura161-200x132.png 200w, https:\/\/universomola.com\/wp-content\/uploads\/2021\/08\/Captura161-300x198.png 300w, https:\/\/universomola.com\/wp-content\/uploads\/2021\/08\/Captura161-400x264.png 400w, https:\/\/universomola.com\/wp-content\/uploads\/2021\/08\/Captura161-500x329.png 500w, https:\/\/universomola.com\/wp-content\/uploads\/2021\/08\/Captura161.png 563w\" data-sizes=\"(max-width: 563px) 100vw, 563px\" src=\"data:image\/svg+xml;base64,PHN2ZyB3aWR0aD0iMSIgaGVpZ2h0PSIxIiB4bWxucz0iaHR0cDovL3d3dy53My5vcmcvMjAwMC9zdmciPjwvc3ZnPg==\" style=\"--smush-placeholder-width: 563px; --smush-placeholder-aspect-ratio: 563\/371;\" \/><\/p>\n<p><i><span style=\"font-weight: 400;\">Fotograf\u00eda por <\/span><\/i><span style=\"color: #33cccc;\"><i><span style=\"font-weight: 400;\">Be Fotografia<\/span><\/i><\/span><i><span style=\"font-weight: 400;\"> para MOLA<\/span><\/i><\/p>\n<\/div><\/div><\/div><\/div><\/div>","protected":false},"excerpt":{"rendered":"<p>Lorem ipsum dolor sit amet, consectetur adipiscing elit. Nam pharetra dictum eleifend. Sed posuere magna at luctus pretium. Aliquam ligula sem, aliquet sit amet nisi ac, dignissim porta ipsum.<\/p>","protected":false},"author":9,"featured_media":5363,"comment_status":"open","ping_status":"open","sticky":false,"template":"","format":"standard","meta":{"_monsterinsights_skip_tracking":false,"_monsterinsights_sitenote_active":false,"_monsterinsights_sitenote_note":"","_monsterinsights_sitenote_category":0,"footnotes":""},"categories":[40],"tags":[93,89,48,92,47,96,88],"class_list":["post-5360","post","type-post","status-publish","format-standard","has-post-thumbnail","hentry","category-blog","tag-disenadores-sostenibles","tag-moda-etica","tag-moda-latina","tag-moda-latinoamericana","tag-moda-sostenible","tag-moda-sustentable","tag-universo-mola"],"_links":{"self":[{"href":"https:\/\/universomola.com\/en\/wp-json\/wp\/v2\/posts\/5360","targetHints":{"allow":["GET"]}}],"collection":[{"href":"https:\/\/universomola.com\/en\/wp-json\/wp\/v2\/posts"}],"about":[{"href":"https:\/\/universomola.com\/en\/wp-json\/wp\/v2\/types\/post"}],"author":[{"embeddable":true,"href":"https:\/\/universomola.com\/en\/wp-json\/wp\/v2\/users\/9"}],"replies":[{"embeddable":true,"href":"https:\/\/universomola.com\/en\/wp-json\/wp\/v2\/comments?post=5360"}],"version-history":[{"count":1,"href":"https:\/\/universomola.com\/en\/wp-json\/wp\/v2\/posts\/5360\/revisions"}],"predecessor-version":[{"id":5365,"href":"https:\/\/universomola.com\/en\/wp-json\/wp\/v2\/posts\/5360\/revisions\/5365"}],"wp:featuredmedia":[{"embeddable":true,"href":"https:\/\/universomola.com\/en\/wp-json\/wp\/v2\/media\/5363"}],"wp:attachment":[{"href":"https:\/\/universomola.com\/en\/wp-json\/wp\/v2\/media?parent=5360"}],"wp:term":[{"taxonomy":"category","embeddable":true,"href":"https:\/\/universomola.com\/en\/wp-json\/wp\/v2\/categories?post=5360"},{"taxonomy":"post_tag","embeddable":true,"href":"https:\/\/universomola.com\/en\/wp-json\/wp\/v2\/tags?post=5360"}],"curies":[{"name":"wp","href":"https:\/\/api.w.org\/{rel}","templated":true}]}}