{"id":5366,"date":"2019-06-10T15:29:12","date_gmt":"2019-06-10T18:29:12","guid":{"rendered":"http:\/\/desarrollosdeprueba.xyz\/universo_mola\/?p=5366"},"modified":"2021-08-08T15:32:27","modified_gmt":"2021-08-08T18:32:27","slug":"s-o-s-un-armario-de-no-tengo-que-ponerme","status":"publish","type":"post","link":"https:\/\/universomola.com\/en\/s-o-s-un-armario-de-no-tengo-que-ponerme\/","title":{"rendered":"S.O.S. UN ARMARIO DE: \u00ab\u00a1NO TENGO QU\u00c9 PONERME!\u00bb"},"content":{"rendered":"<div class=\"fusion-fullwidth fullwidth-box fusion-builder-row-1 fusion-flex-container nonhundred-percent-fullwidth non-hundred-percent-height-scrolling\" style=\"--awb-border-radius-top-left:0px;--awb-border-radius-top-right:0px;--awb-border-radius-bottom-right:0px;--awb-border-radius-bottom-left:0px;--awb-flex-wrap:wrap;\" ><div class=\"fusion-builder-row fusion-row fusion-flex-align-items-flex-start fusion-flex-content-wrap\" style=\"max-width:1248px;margin-left: calc(-4% \/ 2 );margin-right: calc(-4% \/ 2 );\"><div class=\"fusion-layout-column fusion_builder_column fusion-builder-column-0 fusion_builder_column_1_1 1_1 fusion-flex-column\" style=\"--awb-bg-size:cover;--awb-width-large:100%;--awb-margin-top-large:0px;--awb-spacing-right-large:1.92%;--awb-margin-bottom-large:0px;--awb-spacing-left-large:1.92%;--awb-width-medium:100%;--awb-spacing-right-medium:1.92%;--awb-spacing-left-medium:1.92%;--awb-width-small:100%;--awb-spacing-right-small:1.92%;--awb-spacing-left-small:1.92%;\"><div class=\"fusion-column-wrapper fusion-flex-justify-content-flex-start fusion-content-layout-column\"><div class=\"fusion-text fusion-text-1\"><p><em><span style=\"color: #33cccc;\">Escrito por: Noticias <\/span><\/em><em><span style=\"color: #33cccc;\">de Universo MOLA<\/span><\/em><\/p>\n<p><span style=\"font-weight: 400; color: #999999;\">Por Fedra Mauri Voz del #UniversoMOLA Argentina<\/span><\/p>\n<p><span style=\"font-weight: 400;\">Comienza una nueva temporada y empezamos que esa idea de qu\u00e9 no tenemos que ponernos, como si el invierno pasado hubi\u00e9ramos hibernando los tres meses.<\/span><\/p>\n<p><span style=\"font-weight: 400;\">Sin duda lo primero que debemos hacer es <\/span><b>conectar con esa necesidad y una de las formas m\u00e1s efectivas es el orden<\/b><span style=\"font-weight: 400;\">. Si no estamos acostumbradxs al orden a veces suele incomodarnos,\u00a0 es tedioso y el \u00abno tengo tiempo\u00bb nos domina y corremos tras una compra compulsiva, con una sensaci\u00f3n de gratificaci\u00f3n inmediata; pero debo decirles que es tan inmediata como poco duradera.<\/span><\/p>\n<p><span style=\"font-weight: 400;\">Por lo que te <\/span><b>propongo que tomes coraje y te adentres en ese ropero<\/b><span style=\"font-weight: 400;\">, pero ya que decidiste hacerlo te propongo que lo hagas al estilo Sex and The City: pon la m\u00fasica en alto, y porqu\u00e9 no, con una copa de vino y te lo tomes como <\/span><b>la experiencia de ir de compras a t\u00fa propio armario<\/b><span style=\"font-weight: 400;\">.\u00a0\u00a0<\/span><\/p>\n<p><span style=\"font-weight: 400;\">Por lo que mi <\/span><b>PRIMER PASO<\/b><span style=\"font-weight: 400;\"> al estilo <\/span><i><span style=\"font-weight: 400;\">Marie Kondo<\/span><\/i><span style=\"font-weight: 400;\">, es <\/span><b>respirar y agradecer<\/b><span style=\"font-weight: 400;\"> por ese armario con prendas (realmente somos muy afortunadxs de contar con \u00e9l). Y ya con la m\u00fasica en alto sacamos todas las prendas y las colocamos sobre la cama. Una vez con todas las prendas ah\u00ed, la sensaci\u00f3n que viene es, \u201c\u00bfen qu\u00e9 momento se me ocurri\u00f3 hacer esto?, \u00a1podr\u00eda estar viendo una serie o haber ido por esa camisa y ya!\u201d; pero prometo que el resultado es bueno.<\/span><\/p>\n<p><b>SEGUNDO PASO<\/b><span style=\"font-weight: 400;\"> que a mi me sirve mucho es <\/span><b>hacer pilas por FUNCIONALIDAD<\/b><span style=\"font-weight: 400;\">, preguntar <\/span><i><span style=\"font-weight: 400;\">para qu\u00e9 uso dicha prenda<\/span><\/i><span style=\"font-weight: 400;\">: hacer deporte &#8211; ir a trabajar &#8211; tiempo de esparcimiento (ac\u00e1 recomendamos una pila por actividad: salidas diurnas\/nocturnas &#8211; deporte) &#8211; dormir. <\/span><span style=\"font-weight: 400;\">Esto nos permite no s\u00f3lo ordenar, sino tomar consciencia con ese uso que le damos a la prenda. Seguro les ha pasado ir caminando, ver la remera b\u00e1sica negra de esta temporada (que al ser b\u00e1sica es id\u00e9ntica a la del a\u00f1o pasado) pero como lo usamos mucho se conectan con esa necesidad que creemos tener y la compran; luego tienen 5 remeras b\u00e1sicas divinas negras y les sigue faltando la remera para salir a tomar algo. Esto les pas\u00f3 por no haber conectado con su armario y no saber la necesidad real que tenemos.<\/span><\/p>\n<p><b>TERCER PASO<\/b><span style=\"font-weight: 400;\"> &#8211; y este a mi parecer es el m\u00e1s dificil -: <\/span><b>el s\u00ed o no<\/b><span style=\"font-weight: 400;\">. Agarramos una de las pilas (es decir una funcionalidad, ej la ropa que uso para trabajar) y ac\u00e1 nos preguntamos: 1) \u00bfla us\u00e9 el \u00faltimo a\u00f1o? estas prendas deber\u00edan tener una amplia rotaci\u00f3n, suponemos que es la que m\u00e1s usamos, por lo que si ya no la usamos en el \u00faltimo a\u00f1o, la pregunta que sigue es 2) \u00bfpor qu\u00e9? Y ac\u00e1 yo s\u00ed subo la m\u00fasica, porque a veces los porqu\u00e9 no nos gustan, pueden ir desde: \u00abno me entran m\u00e1s\u00bb, \u00abme lo regalo tal y me traer tal recuerdo\u00bb o simplemente \u00abporque de blanca est\u00e1 amarilla\u00bb. As\u00ed que ah\u00ed, decidimos si la vamos a volver a usar o la <\/span><b>#soltamos<\/b><span style=\"font-weight: 400;\">.<\/span><\/p>\n<p><span style=\"font-weight: 400;\">Una vez que chequeamos esa pila, entra al armario y ordena de la forma que te sea c\u00f3modo su b\u00fasqueda. Si en este caso la pila es aquella a la que m\u00e1s vamos a recurrir, recomendamos ponerla adelante de todo. Esto depender\u00e1 del espacio que tengas y de las preferencias, hay quienes les guste tener todo colgado o quienes tienen para guardar todo en cajones.<\/span><\/p>\n<p><span style=\"font-weight: 400;\">\u00a0Y as\u00ed con cada una de las <\/span><i><span style=\"font-weight: 400;\">pilas de funcionalidad<\/span><\/i><span style=\"font-weight: 400;\">. <\/span><b>Si vemos que nos falta algo, podemos hacer una listita con ello, para la pr\u00f3xima vez que salgamos compremos realmente lo que necesitemos<\/b><span style=\"font-weight: 400;\">. <\/span><i><span style=\"font-weight: 400;\">M\u00e1s adelante vuelvo a este punto de compra.<\/span><\/i><\/p>\n<p><b>CUARTO PASO<\/b><span style=\"font-weight: 400;\">, ya con lo que usamos adentro del armario viene la segunda gran parte, como otro cap\u00edtulo, qu\u00e9 hacemos con todo lo que quedo afuera y qu\u00e9 fin vamos a darle a ello. <\/span><b>No es cuesti\u00f3n de meter todo adentro de una bolsa y ya.<\/b><\/p>\n<p><span style=\"color: #d92121;\"><b>Hay prendas que nos encantan que no la usamos porque tiene alguna parte da\u00f1ada<\/b><\/span><span style=\"font-weight: 400;\">, o se desti\u00f1\u00f3 en alg\u00fan lugar, o la tela nos encanta pero el modelo \u00abpas\u00f3 de moda\u00bb, o porque dej\u00f3 de entrarnos, o no nos calza bien\u2026 es decir son prendas que nos encantar\u00eda seguir usando pero por x raz\u00f3n as\u00ed como est\u00e1n no podemos usarlas. S\u00ed nos damos un poco de ma\u00f1a podemos buscar alg\u00fan video en youtube y <\/span><b>modificarla nosotros mismos,<\/b><span style=\"font-weight: 400;\"> y si no, podemos buscar la idea y llevarlo a algunx modistx que lo realice. En <\/span><b>Buenos Aires<\/b><span style=\"font-weight: 400;\"> contamos con la <\/span><b>Dise\u00f1adora Lucila Dellacasa<\/b><span style=\"font-weight: 400;\"> from <\/span><b>Reinventando<\/b><span style=\"font-weight: 400;\"> prendas que adem\u00e1s de tomar dichos trabajos, puede darte mil ideas, en su sector <\/span><b>\u201cReinventando t\u00fa Ropero\u201d.<\/b><\/p>\n<p><span style=\"color: #d92121;\"><b>Hay otras prendas, que est\u00e1n impecables pero no nos gustan<\/b><\/span><span style=\"font-weight: 400;\">, o nos recuerda a algui\u00e9n y por alguna raz\u00f3n tampoco queremos volver a usar:\u00a0 ejemplo tiene flores y no nos gustan vestir flores; es decir m\u00e1s all\u00e1 del resto no las vamos a usar. <\/span><b>Ac\u00e1 hoy tenemos miles de formas: venderla, donarla y hasta realizar una fiesta.<\/b><span style=\"font-weight: 400;\"> Exacto, podemos convencer a nuestro grupo de amigas de hacer semana de #orden y luego el s\u00e1bado organizamos una fiesta, llamadas <\/span><b>\u00abSwap Parties\u00bb.<\/b><span style=\"font-weight: 400;\"> Tambi\u00e9n en internet hay mil ideas para que sea un \u00e9xito\u2026<\/span><b> \u00bfQui\u00e9n dijo que soltar debe ser triste o aburrido?<\/b><\/p>\n<p><span style=\"font-weight: 400;\">Y <\/span><span style=\"color: #d92121;\"><b>cuando la prenda est\u00e1 en malas condiciones<\/b><\/span><span style=\"font-weight: 400;\"> en general, a\u00fan tenemos opciones: <\/span><b>antes que tirar, debemos ser conscientes de ellos<\/b><span style=\"font-weight: 400;\">. Hay quienes tambi\u00e9n realizan <\/span><b>nuevas telas con los tejidos<\/b><span style=\"font-weight: 400;\">, mediante t\u00e9cnicas de tejido por ejemplo <\/span><b>Telare<\/b><span style=\"font-weight: 400;\"> medante la t\u00e9cnica del telar realiza nuevos lienzos, otros algunos la famosa totora y por ejemplo realizan alfombras.<\/span><\/p>\n<p><span style=\"font-weight: 400;\">Te recuerdo algunos datos que le\u00edmos en nuestro art\u00edculo\u00a0 \u201cEL NEGOCIO A TRAV\u00c9S DE LOS RESIDUOS Y DE LOS RESIDUOS TEXTILES\u201d por la Voz MOLA por <\/span><b>Cintia Figueredo<\/b><span style=\"font-weight: 400;\">: <\/span><i><span style=\"font-weight: 400;\">\u201cEn un relleno sanitario, un trozo de tela de algod\u00f3n puede tardar entre 6 meses a 5 a\u00f1os en descomponerse y <\/span><\/i><b><i>si la prenda es de poli\u00e9ster m\u00e1s de 200 a\u00f1os<\/i><\/b><i><span style=\"font-weight: 400;\">. Cuando este material empieza a descomponerse, algo similar sucede con sus pol\u00edmeros y tintes, que contaminan el suelo y las fuentes h\u00eddricas. La indumentaria que se entierra en un dep\u00f3sito abarca un gran volumen del mismo.\u201d<\/span><\/i><\/p>\n<p><b>Como vemos toda acci\u00f3n que tomemos tiene un impacto y lo interesante es conocer para hacerlo de una forma consciente.<\/b><\/p>\n<p><span style=\"font-weight: 400;\">En una pr\u00f3xima nota abordaremos c\u00f3mo comprar en forma consciente.<\/span><\/p>\n<\/div><\/div><\/div><\/div><\/div>","protected":false},"excerpt":{"rendered":"<p>Lorem ipsum dolor sit amet, consectetur adipiscing elit. Nam pharetra dictum eleifend. Sed posuere magna at luctus pretium. Aliquam ligula sem, aliquet sit amet nisi ac, dignissim porta ipsum.<\/p>","protected":false},"author":9,"featured_media":5367,"comment_status":"open","ping_status":"open","sticky":false,"template":"","format":"standard","meta":{"_monsterinsights_skip_tracking":false,"_monsterinsights_sitenote_active":false,"_monsterinsights_sitenote_note":"","_monsterinsights_sitenote_category":0,"footnotes":""},"categories":[40],"tags":[93,89,48,92,47,96,88],"class_list":["post-5366","post","type-post","status-publish","format-standard","has-post-thumbnail","hentry","category-blog","tag-disenadores-sostenibles","tag-moda-etica","tag-moda-latina","tag-moda-latinoamericana","tag-moda-sostenible","tag-moda-sustentable","tag-universo-mola"],"_links":{"self":[{"href":"https:\/\/universomola.com\/en\/wp-json\/wp\/v2\/posts\/5366","targetHints":{"allow":["GET"]}}],"collection":[{"href":"https:\/\/universomola.com\/en\/wp-json\/wp\/v2\/posts"}],"about":[{"href":"https:\/\/universomola.com\/en\/wp-json\/wp\/v2\/types\/post"}],"author":[{"embeddable":true,"href":"https:\/\/universomola.com\/en\/wp-json\/wp\/v2\/users\/9"}],"replies":[{"embeddable":true,"href":"https:\/\/universomola.com\/en\/wp-json\/wp\/v2\/comments?post=5366"}],"version-history":[{"count":1,"href":"https:\/\/universomola.com\/en\/wp-json\/wp\/v2\/posts\/5366\/revisions"}],"predecessor-version":[{"id":5368,"href":"https:\/\/universomola.com\/en\/wp-json\/wp\/v2\/posts\/5366\/revisions\/5368"}],"wp:featuredmedia":[{"embeddable":true,"href":"https:\/\/universomola.com\/en\/wp-json\/wp\/v2\/media\/5367"}],"wp:attachment":[{"href":"https:\/\/universomola.com\/en\/wp-json\/wp\/v2\/media?parent=5366"}],"wp:term":[{"taxonomy":"category","embeddable":true,"href":"https:\/\/universomola.com\/en\/wp-json\/wp\/v2\/categories?post=5366"},{"taxonomy":"post_tag","embeddable":true,"href":"https:\/\/universomola.com\/en\/wp-json\/wp\/v2\/tags?post=5366"}],"curies":[{"name":"wp","href":"https:\/\/api.w.org\/{rel}","templated":true}]}}