{"id":5369,"date":"2019-06-12T15:35:03","date_gmt":"2019-06-12T18:35:03","guid":{"rendered":"http:\/\/desarrollosdeprueba.xyz\/universo_mola\/?p=5369"},"modified":"2021-08-08T15:39:16","modified_gmt":"2021-08-08T18:39:16","slug":"eloisa-ambientalista-y-justa","status":"publish","type":"post","link":"https:\/\/universomola.com\/en\/eloisa-ambientalista-y-justa\/","title":{"rendered":"ELOISA, AMBIENTALISTA Y JUSTA"},"content":{"rendered":"<div class=\"fusion-fullwidth fullwidth-box fusion-builder-row-1 fusion-flex-container nonhundred-percent-fullwidth non-hundred-percent-height-scrolling\" style=\"--awb-border-radius-top-left:0px;--awb-border-radius-top-right:0px;--awb-border-radius-bottom-right:0px;--awb-border-radius-bottom-left:0px;--awb-flex-wrap:wrap;\" ><div class=\"fusion-builder-row fusion-row fusion-flex-align-items-flex-start fusion-flex-content-wrap\" style=\"max-width:1248px;margin-left: calc(-4% \/ 2 );margin-right: calc(-4% \/ 2 );\"><div class=\"fusion-layout-column fusion_builder_column fusion-builder-column-0 fusion_builder_column_1_1 1_1 fusion-flex-column\" style=\"--awb-bg-size:cover;--awb-width-large:100%;--awb-margin-top-large:0px;--awb-spacing-right-large:1.92%;--awb-margin-bottom-large:0px;--awb-spacing-left-large:1.92%;--awb-width-medium:100%;--awb-spacing-right-medium:1.92%;--awb-spacing-left-medium:1.92%;--awb-width-small:100%;--awb-spacing-right-small:1.92%;--awb-spacing-left-small:1.92%;\"><div class=\"fusion-column-wrapper fusion-flex-justify-content-flex-start fusion-content-layout-column\"><div class=\"fusion-text fusion-text-1\"><p><em><span style=\"color: #33cccc;\">Escrito por: Entrevistas <\/span><\/em><em><span style=\"color: #33cccc;\">de Universo MOLA<\/span><\/em><\/p>\n<p><span style=\"color: #b82121;\"><b>Eloisa, <\/b><i><span style=\"font-weight: 400;\">Abogada<\/span><\/i><\/span><\/p>\n<p><span style=\"color: #b82121;\"><i><span style=\"font-weight: 400;\">Conecta con ella<\/span><\/i> <span style=\"color: #33cccc;\"><b><i>here.<\/i><\/b><\/span><\/span><\/p>\n<p><img decoding=\"async\" class=\"alignnone size-full wp-image-5370 lazyload\" data-src=\"http:\/\/desarrollosdeprueba.xyz\/universo_mola\/wp-content\/uploads\/2021\/08\/Captura166.png\" alt=\"\" width=\"194\" height=\"231\" src=\"data:image\/svg+xml;base64,PHN2ZyB3aWR0aD0iMSIgaGVpZ2h0PSIxIiB4bWxucz0iaHR0cDovL3d3dy53My5vcmcvMjAwMC9zdmciPjwvc3ZnPg==\" style=\"--smush-placeholder-width: 194px; --smush-placeholder-aspect-ratio: 194\/231;\" \/><\/p>\n<p><b>\u00bfPor qu\u00e9 haces lo que haces?<\/b><\/p>\n<p><span style=\"font-weight: 400;\">Porque creo en la justicia, la resoluci\u00f3n de conflictos, la igualdad y la <\/span><span style=\"color: #b82121;\"><span style=\"font-weight: 400;\">protecci\u00f3n de los Derechos Humanos<\/span><span style=\"font-weight: 400;\">.\u00a0<\/span><\/span><\/p>\n<p><b>\u00bfQu\u00e9 es la sostenibilidad para ti?<\/b><\/p>\n<p><i><span style=\"font-weight: 400;\">Un modo de vida, la construcci\u00f3n diaria de un camino y la mejor forma de habitar este planeta.\u00a0<\/span><\/i><\/p>\n<p><b>\u00bfCu\u00e1l es tu habito sostenible clave?<\/b><\/p>\n<p><span style=\"font-weight: 400;\">Soy vegetariana hace siete a\u00f1os, no uso pieles ni plumas y estoy incorporando productos de cosm\u00e9tica libres de crueldad o testeo animal.\u00a0<\/span><\/p>\n<p><b>\u00bfC\u00f3mo contagias el esp\u00edritu de sostenibilidad?<\/b><\/p>\n<p><span style=\"color: #b82121;\"><b>Comunicando el mensaje de la sustentabilidad<\/b><\/span><span style=\"font-weight: 400;\"> (en lo cotidiano y en mi blog) de la forma m\u00e1s natural posible, sin forzar a nadie, buscando el cambio profundo, real y duradero. Pero la forma m\u00e1s efectiva es dando el ejemplo, viviendo como pienso.<\/span><\/p>\n<p><b>\u00bfUn sue\u00f1o?<\/b><\/p>\n<p><span style=\"font-weight: 400;\">Ser agente de cambio en la sociedad, realizar un aporte de calidad en la vida de las personas.<\/span><\/p>\n<p><b>\u00bfQu\u00e9 te gustar\u00eda cambiar en el mundo?<\/b><\/p>\n<p><span style=\"color: #b82121;\"><b>La forma en que nos relacionamos con el planeta, con otras especies y entre nosotros como humanos.<\/b><span style=\"font-weight: 400;\">\u00a0<\/span><\/span><\/p>\n<p><b>\u00bfQu\u00e9 es para ti MOLA?\u00a0<\/b><\/p>\n<p><i><span style=\"font-weight: 400;\">Una gran comunidad donde siento que el cambio es posible, porque somos muchos trabajando por el cambio de paradigma en la moda y el mundo en general. Es motivador encontrar personas de otros pa\u00edses que est\u00e1n recorriendo el mismo camino y que tienen mucho para decir. Aprendo todos los d\u00edas un poco m\u00e1s de cada uno de ellos, porque tienen ideas nuevas, diferentes a las mias y me acercan a otras personas, creando una red cada vez m\u00e1s potente.\u00a0<\/span><\/i><\/p>\n<p><b>\u00bfQu\u00e9 destacas del trabajo de MOLA? \u00bfCu\u00e1l crees que es el impacto del movimiento?<\/b><\/p>\n<p><span style=\"color: #b82121;\"><b>Lo que destacaba en la pregunta anterior: la uni\u00f3n de voluntades; acercar personas de todos lados, con una misma visi\u00f3n y misi\u00f3n.<\/b><\/span><span style=\"font-weight: 400;\"> El trabajo en conjunto de personas muy distintas, en pa\u00edses con realidades diferentes, pero con las mismas ganas y convicci\u00f3n de que el cambio es posible y ante todo necesario. Crear alianzas, pensar juntos y la sinergia de grupos heterog\u00e9neos, hacen que sea mucho m\u00e1s fuerte el mensaje que transmitimos.\u00a0<\/span><\/p>\n<p><b>\u00bfAlgo m\u00e1s que quieras agregar?<\/b><\/p>\n<p><span style=\"font-weight: 400;\">Ser parte de Universo Mola te permite aprender y conocer mucho m\u00e1s sobre el mundo de la moda \u00e9tica y sustentable. A trav\u00e9s de dise\u00f1adores o profesionales de todo tipo que eligen comprometerse por un mundo m\u00e1s justo y en equilibro. Porque lo importante es el mensaje, la causa en si misma. <\/span><b>Queremos un cambio de paradigma, que nos haga crecer a todos, potenciando nuestras individualidades, pero m\u00e1s importante, como especie.\u00a0<\/b><\/p>\n<p><span style=\"color: #b82121;\"><b>Ser parte implica abrirse a nuevas experiencias e interpelarnos individualmente y como sociedad.\u00a0<\/b><\/span><\/p>\n<\/div><\/div><\/div><\/div><\/div>","protected":false},"excerpt":{"rendered":"<p>Lorem ipsum dolor sit amet, consectetur adipiscing elit. Nam pharetra dictum eleifend. Sed posuere magna at luctus pretium. Aliquam ligula sem, aliquet sit amet nisi ac, dignissim porta ipsum.<\/p>","protected":false},"author":9,"featured_media":5371,"comment_status":"open","ping_status":"open","sticky":false,"template":"","format":"standard","meta":{"_monsterinsights_skip_tracking":false,"_monsterinsights_sitenote_active":false,"_monsterinsights_sitenote_note":"","_monsterinsights_sitenote_category":0,"footnotes":""},"categories":[40],"tags":[93,89,48,92,47,96,88],"class_list":["post-5369","post","type-post","status-publish","format-standard","has-post-thumbnail","hentry","category-blog","tag-disenadores-sostenibles","tag-moda-etica","tag-moda-latina","tag-moda-latinoamericana","tag-moda-sostenible","tag-moda-sustentable","tag-universo-mola"],"_links":{"self":[{"href":"https:\/\/universomola.com\/en\/wp-json\/wp\/v2\/posts\/5369","targetHints":{"allow":["GET"]}}],"collection":[{"href":"https:\/\/universomola.com\/en\/wp-json\/wp\/v2\/posts"}],"about":[{"href":"https:\/\/universomola.com\/en\/wp-json\/wp\/v2\/types\/post"}],"author":[{"embeddable":true,"href":"https:\/\/universomola.com\/en\/wp-json\/wp\/v2\/users\/9"}],"replies":[{"embeddable":true,"href":"https:\/\/universomola.com\/en\/wp-json\/wp\/v2\/comments?post=5369"}],"version-history":[{"count":1,"href":"https:\/\/universomola.com\/en\/wp-json\/wp\/v2\/posts\/5369\/revisions"}],"predecessor-version":[{"id":5372,"href":"https:\/\/universomola.com\/en\/wp-json\/wp\/v2\/posts\/5369\/revisions\/5372"}],"wp:featuredmedia":[{"embeddable":true,"href":"https:\/\/universomola.com\/en\/wp-json\/wp\/v2\/media\/5371"}],"wp:attachment":[{"href":"https:\/\/universomola.com\/en\/wp-json\/wp\/v2\/media?parent=5369"}],"wp:term":[{"taxonomy":"category","embeddable":true,"href":"https:\/\/universomola.com\/en\/wp-json\/wp\/v2\/categories?post=5369"},{"taxonomy":"post_tag","embeddable":true,"href":"https:\/\/universomola.com\/en\/wp-json\/wp\/v2\/tags?post=5369"}],"curies":[{"name":"wp","href":"https:\/\/api.w.org\/{rel}","templated":true}]}}