{"id":5373,"date":"2019-06-12T15:40:17","date_gmt":"2019-06-12T18:40:17","guid":{"rendered":"http:\/\/desarrollosdeprueba.xyz\/universo_mola\/?p=5373"},"modified":"2021-08-08T15:43:58","modified_gmt":"2021-08-08T18:43:58","slug":"rescate-de-los-saberes-ancestrales-y-valorizacion-del-hecho-a-la-mano","status":"publish","type":"post","link":"https:\/\/universomola.com\/en\/rescate-de-los-saberes-ancestrales-y-valorizacion-del-hecho-a-la-mano\/","title":{"rendered":"RESCATE DE LOS SABERES ANCESTRALES Y VALORIZACI\u00d3N DEL HECHO A LA MANO"},"content":{"rendered":"<div class=\"fusion-fullwidth fullwidth-box fusion-builder-row-1 fusion-flex-container nonhundred-percent-fullwidth non-hundred-percent-height-scrolling\" style=\"--awb-border-radius-top-left:0px;--awb-border-radius-top-right:0px;--awb-border-radius-bottom-right:0px;--awb-border-radius-bottom-left:0px;--awb-flex-wrap:wrap;\" ><div class=\"fusion-builder-row fusion-row fusion-flex-align-items-flex-start fusion-flex-content-wrap\" style=\"max-width:1248px;margin-left: calc(-4% \/ 2 );margin-right: calc(-4% \/ 2 );\"><div class=\"fusion-layout-column fusion_builder_column fusion-builder-column-0 fusion_builder_column_1_1 1_1 fusion-flex-column\" style=\"--awb-bg-size:cover;--awb-width-large:100%;--awb-margin-top-large:0px;--awb-spacing-right-large:1.92%;--awb-margin-bottom-large:0px;--awb-spacing-left-large:1.92%;--awb-width-medium:100%;--awb-spacing-right-medium:1.92%;--awb-spacing-left-medium:1.92%;--awb-width-small:100%;--awb-spacing-right-small:1.92%;--awb-spacing-left-small:1.92%;\"><div class=\"fusion-column-wrapper fusion-flex-justify-content-flex-start fusion-content-layout-column\"><div class=\"fusion-text fusion-text-1\"><p><em><span style=\"color: #33cccc;\">Escrito por: Noticias <\/span><\/em><em><span style=\"color: #33cccc;\">de Universo MOLA<\/span><\/em><\/p>\n<p><span style=\"font-weight: 400; color: #999999;\">Por Gabriela de Laurentis Voz del #UniversoMOLA Brasil<\/span><\/p>\n<p><b>Vivimos nuevos tiempos con el surgimiento de una nueva econom\u00eda &#8211; circular, colaborativa y compartida.<\/b><span style=\"font-weight: 400;\"> De esta manera, las opciones y el comportamiento de las personas est\u00e1n cambiando. Hay una b\u00fasqueda por una vida m\u00e1s natural y justa, apoyada en <\/span><b>valores m\u00e1s humanos, conscientes, sostenibles y una b\u00fasqueda por una vida m\u00e1s ligera y plena<\/b><span style=\"font-weight: 400;\">. Lidiamos con un consumidor m\u00e1s conectado, tecnol\u00f3gico, consciente, responsable con la sociedad y medio ambiente, activo y participativo, curioso, en busca de m\u00e1s informaci\u00f3n y autenticidad, y m\u00e1s adaptable a la inestabilidad de los tiempos actuales pensando globalmente y actuando localmente. Los tiempos de consumo son otros, teniendo una elecci\u00f3n m\u00e1s consciente y preocupada sobre lo que comemos, lo que usamos y lo que vestimos. <\/span><b>Queremos saber qu\u00e9, y qui\u00e9n est\u00e1 detr\u00e1s de los productos.<\/b><span style=\"font-weight: 400;\"> Lo mismo se aplica a la informaci\u00f3n y cultura que consumimos.<\/span><\/p>\n<p><i><span style=\"font-weight: 400;\">Vivemos novos tempos com o surgimento de uma nova economia \u2013 circular, colaborativa e compartilhada. Dessa maneira, as escolhas e comportamento das pessoas est\u00e3o mudando. H\u00e1 uma procura por uma vida mais natural e justa, apoiada em valores mais humanos, conscientes, sustent\u00e1veis e uma busca por uma vida mais leve e plena<\/span><\/i><i><span style=\"font-weight: 400;\">1<\/span><\/i><i><span style=\"font-weight: 400;\">. Lidamos com um consumidor mais conectado, tecnol\u00f3gico, consciente, respons\u00e1vel com a sociedade e meio ambiente, ativo e participativo, curioso, em busca de mais informa\u00e7\u00e3o e autenticidade, e mais adapt\u00e1vel \u00e0 instabilidade dos tempos atuais pensando globalmente e atuando localmente<\/span><\/i><i><span style=\"font-weight: 400;\">2<\/span><\/i><i><span style=\"font-weight: 400;\">. Os tempos de consumo s\u00e3o outros, visando uma escolha mais consciente e preocupada sobre o que comemos, o que usamos e o que vestimos. Queremos saber o que, e quem est\u00e1 por tr\u00e1s dos produtos. O mesmo se aplica \u00e0 informa\u00e7\u00e3o e cultura que consumimos.\u00a0<\/span><\/i><\/p>\n<p><b>Con una mirada en la cultura e identidad, podemos destacar el movimiento de volver al natural ya la propia cultura.<\/b> <span style=\"font-weight: 400;\">Buscando trabajar en red a trav\u00e9s del fortalecimiento de redes, integrado con personas que tienen valores y sinton\u00edas similares, priorizando por relaciones m\u00e1s justas y armoniosas.<\/span><span style=\"font-weight: 400;\"> Despu\u00e9s de una industrializaci\u00f3n exacerbada, la respuesta actual es una b\u00fasqueda por una vida m\u00e1s natural y sostenible, de mano en la masa y conciencia del colectivo. Menos industrializaci\u00f3n y m\u00e1s hecho a mano.<\/span><b> A esto destacamos: Revalorizaci\u00f3n del conocimiento tradicional; Valorizaci\u00f3n de la cultura e identidad local; y valorizaci\u00f3n del hecho a mano y del universo de los oficios manuales.<\/b><\/p>\n<p><span style=\"color: #999999;\"><i><span style=\"font-weight: 400;\">Com um olhar na cultura e identidade, podemos destacar o movimento de se voltar ao natural e \u00e0 pr\u00f3pria cultura. Buscando trabalhar em rede atrav\u00e9s do fortalecimento de redes, integrado com pessoas que t\u00eam valores e sintonias semelhantes, prezando por rela\u00e7\u00f5es mais justas e harmoniosas. Ap\u00f3s uma industrializa\u00e7\u00e3o exacerbada, a resposta atual \u00e9 uma busca por uma vida mais natural e sustent\u00e1vel, de m\u00e3o na massa e consci\u00eancia do coletivo. Menos industrializa\u00e7\u00e3o e mais feito \u00e0 m\u00e3o.<\/span><\/i> <i><span style=\"font-weight: 400;\">A isso destacamos: Revaloriza\u00e7\u00e3o do conhecimento tradicional; Valoriza\u00e7\u00e3o da cultura e identidade local; e Valoriza\u00e7\u00e3o do feito \u00e0 m\u00e3o e do universo dos of\u00edcios manuais.<\/span><\/i><\/span><\/p>\n<p><span style=\"font-weight: 400;\">Es pensando en eso, que volvemos a nuestros saberes ancestrales preindustrializaci\u00f3n, en que lo hecho a mano era algo natural y \u00fanico, era como produc\u00edamos. Con el advenimiento de la industrializaci\u00f3n, las herramientas se modernizaron, as\u00ed como los medios y procesos de producci\u00f3n. Pero tambi\u00e9n, el saber manual fue perdiendo espacio para las m\u00e1quinas, y para la producci\u00f3n a gran escala. <\/span><b>En muchos pa\u00edses, como Brasil, el hecho a mano era a menudo visto como algo menor, o de menor calidad. A diferencia de otros pa\u00edses como Alemania, que a pesar de la industrializaci\u00f3n, todav\u00eda valoraba el producto y el saber manual, as\u00ed como la peque\u00f1a escala y, la producci\u00f3n \u00fanica, exclusiva y especializada.<\/b><\/p>\n<p><span style=\"color: #999999;\"><i><span style=\"font-weight: 400;\">\u00c9 pensando nisso, que voltamos aos nossos saberes ancestrais pr\u00e9-industrializa\u00e7\u00e3o, em que o feito \u00e0 m\u00e3o era algo natural e \u00fanico, era como produz\u00edamos. Com o advento da industrializa\u00e7\u00e3o, as ferramentas foram modernizadas, assim como os meios e processos de produ\u00e7\u00e3o. Por\u00e9m tamb\u00e9m, o saber manual foi perdendo espa\u00e7o para as m\u00e1quinas, e para a produ\u00e7\u00e3o em larga escala. Em muitos pa\u00edses, como o Brasil, o feito \u00e0 m\u00e3o era muitas vezes visto como algo menor, ou de menor qualidade. Ao contr\u00e1rio de outros pa\u00edses como a Alemanha, que apesar da industrializa\u00e7\u00e3o, ainda valorizava o produto e saber manual, assim como a pequena escala e, a produ\u00e7\u00e3o \u00fanica, exclusiva e especializada.<\/span><\/i><\/span><\/p>\n<p><span style=\"font-weight: 400;\">El universo de los oficios, el aprendizaje manual y el paso del conocimiento a trav\u00e9s de generaciones, han ganado gran demanda y espacio en los \u00faltimos a\u00f1os, debido a ese cambio de pensamiento y comportamiento.<\/span><b> La b\u00fasqueda ha sido a trav\u00e9s de investigaciones, o de profesionales y personas por hobby queriendo capacitarse o aprender algunos o algunos oficios: carpinter\u00eda, joya autoral, cocina, pintura, bordado, costura, cer\u00e1mica, jardiner\u00eda, te\u00f1ido natural, impresi\u00f3n bot\u00e1nica, estampaci\u00f3n, de encuadernaci\u00f3n, entre otros.<\/b><\/p>\n<p><span style=\"color: #999999;\"><i><span style=\"font-weight: 400;\">O universo dos of\u00edcios, o aprendizado manual e o passar do conhecimento atrav\u00e9s de gera\u00e7\u00f5es, ganharam grande procura e espa\u00e7o nos \u00faltimos anos, devido a essa mudan\u00e7a de pensamento e comportamento.\u00a0 A busca tem sido atrav\u00e9s de pesquisas, ou de profissionais e pessoas por hobby querendo se capacitar ou aprender algum ou alguns of\u00edcios: marcenaria, joia autoral, cozinha, pintura, bordado, costura, cer\u00e2mica, jardinagem, tingimento natural, impress\u00e3o bot\u00e2nica, estamparia, encaderna\u00e7\u00e3o, entre outros.\u00a0<\/span><\/i><\/span><\/p>\n<p><span style=\"font-weight: 400;\">Antes nuestros abuelos aprend\u00edan a coser o hacer alg\u00fan oficio en la escuela o con los padres, lo que se perdi\u00f3 en la educaci\u00f3n tradicional actual. Sin embargo, con esa vuelta de la demanda de los oficios, muchos lugares comenzaron a abrir o ofrecer cursos manuales. El hacer a la mano se ha vuelto algo m\u00e1s com\u00fan y valorado, haciendo que las personas se sienten estimuladas a ingresar y saber m\u00e1s sobre ese universo tan \u00fanico y especial.<\/span><\/p>\n<p><span style=\"color: #999999;\"><i><span style=\"font-weight: 400;\">Antes nossos av\u00f3s aprendiam a costurar ou a fazer algum of\u00edcio na escola ou com os pais, o que se perdeu na educa\u00e7\u00e3o tradicional atual. No entanto, com essa volta da procura dos of\u00edcios, muitos lugares come\u00e7aram a abrir ou oferecer cursos manuais. O fazer \u00e0 m\u00e3o se tornou algo mais comum e valorizado, fazendo com que as pessoas se sintam estimuladas a ingressar e saber mais sobre esse universo t\u00e3o \u00fanico e especial.\u00a0<\/span><\/i><\/span><\/p>\n<p><b>El hacer a mano es una forma de contacto con la materia, con la t\u00e9cnica, y una forma de terapia. De conocernos mejor, y sumergirse en un vasto mundo de saberes y aprendizajes, apreciando la pr\u00e1ctica, principalmente el proceso, y el resultado, incluso.<\/b><span style=\"font-weight: 400;\"> Como movimiento local en Brasil, se destacan <\/span><span style=\"font-weight: 400;\">eevistas<\/span><span style=\"font-weight: 400;\"> especializadas en slow living y saberes textiles y manuales, como la <\/span><span style=\"color: #c91e1e;\"><b>Review Slow Living<\/b><span style=\"font-weight: 400;\"> and the <\/span><b>Revista Urdume<\/b><\/span><span style=\"font-weight: 400;\"><span style=\"color: #c91e1e;\">,<\/span> y ferias volcadas al universo manual, como el <\/span><span style=\"color: #c91e1e;\"><b>Jard\u00edn Secreto, la Red Manual y el Festival Manual en S\u00e3o Paulo<\/b><span style=\"font-weight: 400;\">.<\/span><\/span><\/p>\n<p><span style=\"color: #999999;\"><i><span style=\"font-weight: 400;\">O fazer \u00e0 m\u00e3o \u00e9 uma forma de contato com a mat\u00e9ria, com a t\u00e9cnica, e uma forma de terapia. De nos conhecermos melhor, e mergulharmos num vasto mundo de saberes e aprendizados, apreciando a pr\u00e1tica, principalmente o processo, e o resultado, inclusive. Como movimento local no Brasil, se destacam Revistas especializadas em slow living e saberes t\u00eaxteis e manuais, como a Review Slow living e a Revista Urdume, e feiras voltados ao universo manual, como a Jardim Secreto, a Rede Manual e o Festival Manual em S\u00e3o Paulo.<\/span><\/i><\/span><\/p>\n<p><span style=\"font-weight: 400;\">Referencias:<\/span><\/p>\n<p><span style=\"font-weight: 400;\">1 <\/span><span style=\"font-weight: 400;\">Guia: <\/span><i><span style=\"font-weight: 400;\">Slow Living,<\/span><\/i><span style=\"font-weight: 400;\"> de Bruna Miranda (Brasil)<\/span><\/p>\n<p><span style=\"font-weight: 400;\">2 <\/span><span style=\"font-weight: 400;\">Pesquisa: 10 Tend\u00eancias de Consumos Globais para 2018, de Euromonitor (Reino Unido)<\/span><\/p>\n<\/div><\/div><\/div><\/div><\/div>","protected":false},"excerpt":{"rendered":"<p>Lorem ipsum dolor sit amet, consectetur adipiscing elit. Nam pharetra dictum eleifend. Sed posuere magna at luctus pretium. Aliquam ligula sem, aliquet sit amet nisi ac, dignissim porta ipsum.<\/p>","protected":false},"author":9,"featured_media":5374,"comment_status":"open","ping_status":"open","sticky":false,"template":"","format":"standard","meta":{"_monsterinsights_skip_tracking":false,"_monsterinsights_sitenote_active":false,"_monsterinsights_sitenote_note":"","_monsterinsights_sitenote_category":0,"footnotes":""},"categories":[40],"tags":[93,89,48,92,47,96,88],"class_list":["post-5373","post","type-post","status-publish","format-standard","has-post-thumbnail","hentry","category-blog","tag-disenadores-sostenibles","tag-moda-etica","tag-moda-latina","tag-moda-latinoamericana","tag-moda-sostenible","tag-moda-sustentable","tag-universo-mola"],"_links":{"self":[{"href":"https:\/\/universomola.com\/en\/wp-json\/wp\/v2\/posts\/5373","targetHints":{"allow":["GET"]}}],"collection":[{"href":"https:\/\/universomola.com\/en\/wp-json\/wp\/v2\/posts"}],"about":[{"href":"https:\/\/universomola.com\/en\/wp-json\/wp\/v2\/types\/post"}],"author":[{"embeddable":true,"href":"https:\/\/universomola.com\/en\/wp-json\/wp\/v2\/users\/9"}],"replies":[{"embeddable":true,"href":"https:\/\/universomola.com\/en\/wp-json\/wp\/v2\/comments?post=5373"}],"version-history":[{"count":1,"href":"https:\/\/universomola.com\/en\/wp-json\/wp\/v2\/posts\/5373\/revisions"}],"predecessor-version":[{"id":5375,"href":"https:\/\/universomola.com\/en\/wp-json\/wp\/v2\/posts\/5373\/revisions\/5375"}],"wp:featuredmedia":[{"embeddable":true,"href":"https:\/\/universomola.com\/en\/wp-json\/wp\/v2\/media\/5374"}],"wp:attachment":[{"href":"https:\/\/universomola.com\/en\/wp-json\/wp\/v2\/media?parent=5373"}],"wp:term":[{"taxonomy":"category","embeddable":true,"href":"https:\/\/universomola.com\/en\/wp-json\/wp\/v2\/categories?post=5373"},{"taxonomy":"post_tag","embeddable":true,"href":"https:\/\/universomola.com\/en\/wp-json\/wp\/v2\/tags?post=5373"}],"curies":[{"name":"wp","href":"https:\/\/api.w.org\/{rel}","templated":true}]}}