{"id":5381,"date":"2019-06-12T16:03:57","date_gmt":"2019-06-12T19:03:57","guid":{"rendered":"http:\/\/desarrollosdeprueba.xyz\/universo_mola\/?p=5381"},"modified":"2021-08-08T16:12:59","modified_gmt":"2021-08-08T19:12:59","slug":"upcy-el-primer-encuentro-pop-up-de-upcyclers-en-chile","status":"publish","type":"post","link":"https:\/\/universomola.com\/en\/upcy-el-primer-encuentro-pop-up-de-upcyclers-en-chile\/","title":{"rendered":"UPCY, EL PRIMER ENCUENTRO POP-UP DE UPCYCLERS EN CHILE"},"content":{"rendered":"<div class=\"fusion-fullwidth fullwidth-box fusion-builder-row-1 fusion-flex-container nonhundred-percent-fullwidth non-hundred-percent-height-scrolling\" style=\"--awb-border-radius-top-left:0px;--awb-border-radius-top-right:0px;--awb-border-radius-bottom-right:0px;--awb-border-radius-bottom-left:0px;--awb-flex-wrap:wrap;\" ><div class=\"fusion-builder-row fusion-row fusion-flex-align-items-flex-start fusion-flex-content-wrap\" style=\"max-width:1248px;margin-left: calc(-4% \/ 2 );margin-right: calc(-4% \/ 2 );\"><div class=\"fusion-layout-column fusion_builder_column fusion-builder-column-0 fusion_builder_column_1_1 1_1 fusion-flex-column\" style=\"--awb-bg-size:cover;--awb-width-large:100%;--awb-margin-top-large:0px;--awb-spacing-right-large:1.92%;--awb-margin-bottom-large:0px;--awb-spacing-left-large:1.92%;--awb-width-medium:100%;--awb-spacing-right-medium:1.92%;--awb-spacing-left-medium:1.92%;--awb-width-small:100%;--awb-spacing-right-small:1.92%;--awb-spacing-left-small:1.92%;\"><div class=\"fusion-column-wrapper fusion-flex-justify-content-flex-start fusion-content-layout-column\"><div class=\"fusion-text fusion-text-1\"><p><em><span style=\"color: #33cccc;\">Escrito por: Noticias <\/span><\/em><em><span style=\"color: #33cccc;\">de Universo MOLA<\/span><\/em><\/p>\n<p><span style=\"font-weight: 400; color: #999999;\">Por Voces del #UniversoMOLA Chile<\/span><\/p>\n<p><span style=\"font-weight: 400;\">Como ya sabemos, la industria de la moda es una de las m\u00e1s contaminantes a nivel mundial, y por esto es que cada vez nacen m\u00e1s marcas y dise\u00f1adores que apuestan por el <\/span><b><i>upcycling<\/i><\/b> <b>como el futuro de la moda<\/b><span style=\"font-weight: 400;\">. Ocupando el dise\u00f1o como una herramienta a su favor y generando propuestas de vestuario que transforman los c\u00e1nones impuestos en la indumentaria. Todo con el fin de crear un concepto nuevo entorno a la moda consciente. Y a prop\u00f3sito de esta realidad y de la falta de vitrinas que hay en Chile para exponer a nuevos referentes, es que <\/span><b>12Na<\/b><span style=\"font-weight: 400;\"> (DOCENA) <\/span><b>en compa\u00f1\u00eda de otras firmas y talentos nacionales fueron los protagonistas este 15 y 16 de junio del primer PopUpcyclers<\/b><span style=\"font-weight: 400;\">. As\u00ed el <\/span><b><i>Centro Cultural Los Pi\u00f1ones #019, Providencia, en Santiago de Chile,<\/i><\/b><span style=\"font-weight: 400;\"> se transform\u00f3 en una oportunidad para que los interesados puedan conocer\u00a0 frescas propuestas y que los nuevos representantes del slow fashion reflejen y contaran c\u00f3mo est\u00e1n cambiando el mundo de la moda.<\/span><\/p>\n<p><img decoding=\"async\" class=\"alignnone size-full wp-image-5382 lazyload\" data-src=\"http:\/\/desarrollosdeprueba.xyz\/universo_mola\/wp-content\/uploads\/2021\/08\/Captura172.png\" alt=\"\" width=\"560\" height=\"375\" data-srcset=\"https:\/\/universomola.com\/wp-content\/uploads\/2021\/08\/Captura172-200x134.png 200w, https:\/\/universomola.com\/wp-content\/uploads\/2021\/08\/Captura172-300x201.png 300w, https:\/\/universomola.com\/wp-content\/uploads\/2021\/08\/Captura172-400x268.png 400w, https:\/\/universomola.com\/wp-content\/uploads\/2021\/08\/Captura172-500x335.png 500w, https:\/\/universomola.com\/wp-content\/uploads\/2021\/08\/Captura172.png 560w\" data-sizes=\"(max-width: 560px) 100vw, 560px\" src=\"data:image\/svg+xml;base64,PHN2ZyB3aWR0aD0iMSIgaGVpZ2h0PSIxIiB4bWxucz0iaHR0cDovL3d3dy53My5vcmcvMjAwMC9zdmciPjwvc3ZnPg==\" style=\"--smush-placeholder-width: 560px; --smush-placeholder-aspect-ratio: 560\/375;\" \/><\/p>\n<p><span style=\"font-weight: 400;\">Durante este <\/span><b>eco fin de semana<\/b><span style=\"font-weight: 400;\"> se presentaron marcas ya posicionadas en la industria como <\/span><a href=\"https:\/\/docena.net\/agro-urbano\/\"><span style=\"font-weight: 400;\">Docena<\/span><\/a><span style=\"font-weight: 400;\">, quien dio a conocer su trabajo realizado en Linares #CO_SER_AQUI y que fue presentado durante este a\u00f1o en SUPER Mil\u00e1n y Vogue Talents. As\u00ed como tambi\u00e9n expusieron nuevos talentos de la escena del upcycling nacional:<\/span><\/p>\n<p><span style=\"color: #d42828;\"><b>Cuando yo la veo:<\/b><\/span><\/p>\n<p><span style=\"font-weight: 400;\">Una Instructora de Yoga y un Publicista, desconstruyen prendas de ropa en desuso para armar piezas nuevas, en pro de una manera de vestir sustentable. Una exploraci\u00f3n de lo que significa hacer las cosas conscientemente: <\/span><b>crear prendas de manera responsable, con pensamiento, alma y cuidado<\/b><span style=\"font-weight: 400;\">. Donde nada se pierde, todo se transforma.<\/span><\/p>\n<p><span style=\"color: #d42828;\"><b>We\u00f1i Tue:<\/b><\/span><\/p>\n<p><span style=\"font-weight: 400;\">Una firma que realiza vestuario y accesorios con <\/span><b>materias primas 100% reutilizadas generando residuo cero<\/b><span style=\"font-weight: 400;\">. Es puro dise\u00f1o de autor chileno inmerso en el <\/span><i><span style=\"font-weight: 400;\">slow fashion<\/span><\/i><span style=\"font-weight: 400;\">, una forma de producci\u00f3n textil ajena a la industrializaci\u00f3n, que desarrolla productos dedic\u00e1ndole gran cantidad de tiempo y atenci\u00f3n para una calidad superior.<\/span><\/p>\n<p><span style=\"color: #d42828;\"><b>Ama:<\/b><\/span><\/p>\n<p><span style=\"font-weight: 400;\">Trabaja mediante la b\u00fasqueda de procesos productivos sustentables, reutilizando ropa, redise\u00f1ando y reus\u00e1ndolas para extender su vida \u00fatil, todo esto <\/span><b>bajo el prisma de estimular e incentivar la belleza natural de cada cuerpo<\/b><span style=\"font-weight: 400;\">, bas\u00e1ndose en el dise\u00f1o de prendas de <\/span><b>ropa interior<\/b><span style=\"font-weight: 400;\">.<\/span><\/p>\n<p><span style=\"color: #d42828;\"><b>Costura local:<\/b><\/span><\/p>\n<p><span style=\"color: #000000;\"><span style=\"font-weight: 400;\">Es una marca de indumentaria que trabaja bajo la l\u00ednea del <\/span><b>supraciclaje<\/b><span style=\"font-weight: 400;\">, reutilizando prendas y textiles en desuso para crear piezas \u00fanicas de dise\u00f1o. Cada producto es un proceso productivo y creativo particular, en una l\u00ednea de dise\u00f1o urbana\/casual, se conjugan y re significan diversos elementos como materialidades, paletas de color, texturas y cortes; obteniendo como resultado productos con identidad, susceptibles de ser heredados y atemporales, siendo libres de volverse obsoletos conforme pasan las tendencias de la moda.<\/span><\/span><\/p>\n<p><span style=\"color: #d42828;\"><b>Andr\u00f3meda:<\/b><\/span><\/p>\n<p><span style=\"font-weight: 400;\">Una <\/span><b>propuesta est\u00e9tica disruptiva, sin g\u00e9nero, de la calle y lo cotidiano<\/b><span style=\"font-weight: 400;\">, que abarca variados c\u00f3digos visuales. Se inspira en la calle, la gente, lo criollo y la forma en que las personas combinan distintas personalidades y estilos de vida.<\/span><\/p>\n<p><span style=\"font-weight: 400;\">Todas estas marcas se presentaron bajo el concepto de <\/span><b>\u00a8Reciclar para acabar con la gran cantidad de contaminaci\u00f3n textil\u00a8<\/b><span style=\"font-weight: 400;\">. \u00bfY t\u00fa?, \u00bfte lo perdiste?<\/span><\/p>\n<p><img decoding=\"async\" class=\"alignnone size-full wp-image-5383 lazyload\" data-src=\"http:\/\/desarrollosdeprueba.xyz\/universo_mola\/wp-content\/uploads\/2021\/08\/Captura173.png\" alt=\"\" width=\"421\" height=\"422\" data-srcset=\"https:\/\/universomola.com\/wp-content\/uploads\/2021\/08\/Captura173-66x66.png 66w, https:\/\/universomola.com\/wp-content\/uploads\/2021\/08\/Captura173-100x100.png 100w, https:\/\/universomola.com\/wp-content\/uploads\/2021\/08\/Captura173-150x150.png 150w, https:\/\/universomola.com\/wp-content\/uploads\/2021\/08\/Captura173-200x200.png 200w, https:\/\/universomola.com\/wp-content\/uploads\/2021\/08\/Captura173-300x300.png 300w, https:\/\/universomola.com\/wp-content\/uploads\/2021\/08\/Captura173-400x401.png 400w, https:\/\/universomola.com\/wp-content\/uploads\/2021\/08\/Captura173.png 421w\" data-sizes=\"(max-width: 421px) 100vw, 421px\" src=\"data:image\/svg+xml;base64,PHN2ZyB3aWR0aD0iMSIgaGVpZ2h0PSIxIiB4bWxucz0iaHR0cDovL3d3dy53My5vcmcvMjAwMC9zdmciPjwvc3ZnPg==\" style=\"--smush-placeholder-width: 421px; --smush-placeholder-aspect-ratio: 421\/422;\" \/><\/p>\n<\/div><\/div><\/div><\/div><\/div>","protected":false},"excerpt":{"rendered":"<p>Lorem ipsum dolor sit amet, consectetur adipiscing elit. Nam pharetra dictum eleifend. Sed posuere magna at luctus pretium. Aliquam ligula sem, aliquet sit amet nisi ac, dignissim porta ipsum.<\/p>","protected":false},"author":9,"featured_media":5382,"comment_status":"open","ping_status":"open","sticky":false,"template":"","format":"standard","meta":{"_monsterinsights_skip_tracking":false,"_monsterinsights_sitenote_active":false,"_monsterinsights_sitenote_note":"","_monsterinsights_sitenote_category":0,"footnotes":""},"categories":[40],"tags":[93,89,48,92,47,96,88],"class_list":["post-5381","post","type-post","status-publish","format-standard","has-post-thumbnail","hentry","category-blog","tag-disenadores-sostenibles","tag-moda-etica","tag-moda-latina","tag-moda-latinoamericana","tag-moda-sostenible","tag-moda-sustentable","tag-universo-mola"],"_links":{"self":[{"href":"https:\/\/universomola.com\/en\/wp-json\/wp\/v2\/posts\/5381","targetHints":{"allow":["GET"]}}],"collection":[{"href":"https:\/\/universomola.com\/en\/wp-json\/wp\/v2\/posts"}],"about":[{"href":"https:\/\/universomola.com\/en\/wp-json\/wp\/v2\/types\/post"}],"author":[{"embeddable":true,"href":"https:\/\/universomola.com\/en\/wp-json\/wp\/v2\/users\/9"}],"replies":[{"embeddable":true,"href":"https:\/\/universomola.com\/en\/wp-json\/wp\/v2\/comments?post=5381"}],"version-history":[{"count":1,"href":"https:\/\/universomola.com\/en\/wp-json\/wp\/v2\/posts\/5381\/revisions"}],"predecessor-version":[{"id":5384,"href":"https:\/\/universomola.com\/en\/wp-json\/wp\/v2\/posts\/5381\/revisions\/5384"}],"wp:featuredmedia":[{"embeddable":true,"href":"https:\/\/universomola.com\/en\/wp-json\/wp\/v2\/media\/5382"}],"wp:attachment":[{"href":"https:\/\/universomola.com\/en\/wp-json\/wp\/v2\/media?parent=5381"}],"wp:term":[{"taxonomy":"category","embeddable":true,"href":"https:\/\/universomola.com\/en\/wp-json\/wp\/v2\/categories?post=5381"},{"taxonomy":"post_tag","embeddable":true,"href":"https:\/\/universomola.com\/en\/wp-json\/wp\/v2\/tags?post=5381"}],"curies":[{"name":"wp","href":"https:\/\/api.w.org\/{rel}","templated":true}]}}