{"id":5385,"date":"2019-06-12T16:15:26","date_gmt":"2019-06-12T19:15:26","guid":{"rendered":"http:\/\/desarrollosdeprueba.xyz\/universo_mola\/?p=5385"},"modified":"2021-08-08T16:19:29","modified_gmt":"2021-08-08T19:19:29","slug":"camilo-consciente-apasionado","status":"publish","type":"post","link":"https:\/\/universomola.com\/en\/camilo-consciente-apasionado\/","title":{"rendered":"CAMILO, CONSCIENTE APASIONADO"},"content":{"rendered":"<div class=\"fusion-fullwidth fullwidth-box fusion-builder-row-1 fusion-flex-container nonhundred-percent-fullwidth non-hundred-percent-height-scrolling\" style=\"--awb-border-radius-top-left:0px;--awb-border-radius-top-right:0px;--awb-border-radius-bottom-right:0px;--awb-border-radius-bottom-left:0px;--awb-flex-wrap:wrap;\" ><div class=\"fusion-builder-row fusion-row fusion-flex-align-items-flex-start fusion-flex-content-wrap\" style=\"max-width:1248px;margin-left: calc(-4% \/ 2 );margin-right: calc(-4% \/ 2 );\"><div class=\"fusion-layout-column fusion_builder_column fusion-builder-column-0 fusion_builder_column_1_1 1_1 fusion-flex-column\" style=\"--awb-bg-size:cover;--awb-width-large:100%;--awb-margin-top-large:0px;--awb-spacing-right-large:1.92%;--awb-margin-bottom-large:0px;--awb-spacing-left-large:1.92%;--awb-width-medium:100%;--awb-spacing-right-medium:1.92%;--awb-spacing-left-medium:1.92%;--awb-width-small:100%;--awb-spacing-right-small:1.92%;--awb-spacing-left-small:1.92%;\"><div class=\"fusion-column-wrapper fusion-flex-justify-content-flex-start fusion-content-layout-column\"><div class=\"fusion-text fusion-text-1\"><p><em><span style=\"color: #33cccc;\">Escrito por: Entrevistas\u00a0<\/span><\/em><em><span style=\"color: #33cccc;\">de Universo MOLA<\/span><\/em><\/p>\n<p><span style=\"color: #d12626;\"><b>Camilo, <\/b><i><span style=\"font-weight: 400;\">dise\u00f1ador gr\u00e1fico y productor de moda<\/span><\/i><\/span><\/p>\n<p><span style=\"color: #d12626;\"><i><span style=\"font-weight: 400;\">Conecta con \u00e9l<\/span><\/i> <span style=\"color: #33cccc;\"><b><i>here.<\/i><\/b><\/span><\/span><\/p>\n<p><img decoding=\"async\" class=\"alignnone size-full wp-image-5387 lazyload\" data-src=\"http:\/\/desarrollosdeprueba.xyz\/universo_mola\/wp-content\/uploads\/2021\/08\/Captura175.png\" alt=\"\" width=\"202\" height=\"272\" data-srcset=\"https:\/\/universomola.com\/wp-content\/uploads\/2021\/08\/Captura175-200x269.png 200w, https:\/\/universomola.com\/wp-content\/uploads\/2021\/08\/Captura175.png 202w\" data-sizes=\"(max-width: 202px) 100vw, 202px\" src=\"data:image\/svg+xml;base64,PHN2ZyB3aWR0aD0iMSIgaGVpZ2h0PSIxIiB4bWxucz0iaHR0cDovL3d3dy53My5vcmcvMjAwMC9zdmciPjwvc3ZnPg==\" style=\"--smush-placeholder-width: 202px; --smush-placeholder-aspect-ratio: 202\/272;\" \/><\/p>\n<p><b>\u00bfPor qu\u00e9 haces lo que haces?<\/b><\/p>\n<p><span style=\"font-weight: 400;\">Porque me <\/span><b>apasiona<\/b><span style=\"font-weight: 400;\">, porque amo lo que hago, y porque quiero dejar una huella importante, comunicar, ense\u00f1ar, causar impresi\u00f3n.\u00a0<\/span><\/p>\n<p><b>\u00bfQu\u00e9 es la sostenibilidad para ti?<\/b><\/p>\n<p><span style=\"font-weight: 400;\">Para m\u00ed la sostenibilidad abarca muchos \u00e1mbitos, desde c\u00f3mo te alimentas, hasta c\u00f3mo te vistes. <\/span><b>Tiene que ver con el consumo \u00e9tico, responsable, consciente.\u00a0<\/b><\/p>\n<p><b>\u00bfCu\u00e1l es tu habito sostenible clave?<\/b><\/p>\n<p><span style=\"color: #d12626;\"><span style=\"font-weight: 400;\">Desde cosas tan b\u00e1sicas como separar mi basura, hasta consumir ropa de segunda mano.<\/span><span style=\"font-weight: 400;\">\u00a0<\/span><\/span><\/p>\n<p><b>\u00bfC\u00f3mo contagias el esp\u00edritu de sostenibilidad?<\/b><\/p>\n<p><span style=\"color: #d12626;\"><b>Educando a mis cercanos<\/b><\/span><span style=\"font-weight: 400;\">, usando las redes sociales (instagram) como una plataforma comunicativa\u00a0<\/span><\/p>\n<p><b>\u00bfUn sue\u00f1o?<\/b><\/p>\n<p><span style=\"font-weight: 400;\">En lo personal, ser reconocido mundialmente por mi trabajo, <\/span><b>como un agente de cambio.<\/b><\/p>\n<p><img decoding=\"async\" class=\"alignnone size-full wp-image-5386 lazyload\" data-src=\"http:\/\/desarrollosdeprueba.xyz\/universo_mola\/wp-content\/uploads\/2021\/08\/Captura174.png\" alt=\"\" width=\"561\" height=\"374\" data-srcset=\"https:\/\/universomola.com\/wp-content\/uploads\/2021\/08\/Captura174-200x133.png 200w, https:\/\/universomola.com\/wp-content\/uploads\/2021\/08\/Captura174-300x200.png 300w, https:\/\/universomola.com\/wp-content\/uploads\/2021\/08\/Captura174-400x267.png 400w, https:\/\/universomola.com\/wp-content\/uploads\/2021\/08\/Captura174-500x333.png 500w, https:\/\/universomola.com\/wp-content\/uploads\/2021\/08\/Captura174.png 561w\" data-sizes=\"(max-width: 561px) 100vw, 561px\" src=\"data:image\/svg+xml;base64,PHN2ZyB3aWR0aD0iMSIgaGVpZ2h0PSIxIiB4bWxucz0iaHR0cDovL3d3dy53My5vcmcvMjAwMC9zdmciPjwvc3ZnPg==\" style=\"--smush-placeholder-width: 561px; --smush-placeholder-aspect-ratio: 561\/374;\" \/><\/p>\n<p><b>\u00bfQu\u00e9 te gustar\u00eda cambiar en el mundo?<\/b><\/p>\n<p><span style=\"color: #d12626;\"><b>Que la gente sea consciente, que la gente entienda el planeta Tierra es solo uno, y que de nosotros depende cuidarlo.<\/b><\/span><\/p>\n<p><b>\u00bfQu\u00e9 es para ti MOLA?\u00a0<\/b><\/p>\n<p><span style=\"font-weight: 400;\">MOLA es una gran plataforma, importantisima que realiza un trabajo indispensable a nivel mundial y regional, una oportunidad, un movimiento,<\/span><b> MOLA es el futuro.<\/b><\/p>\n<p><b>\u00bfQu\u00e9 destacas del trabajo de MOLA? \u00bfCu\u00e1l crees que es el impacto del movimiento?<\/b><\/p>\n<p><i><span style=\"font-weight: 400;\">Lo que destaco de MOLA es que ha sido un movimiento constante que ha llegado a gran parte del mundo. Creo que el impacto que MOLA est\u00e1 generando es algo que de a poco est\u00e1 tomando cada vez m\u00e1s fuerza, es muy importante como la plataforma crece, educa, ense\u00f1a potencia y difunde una serie de marcas, dise\u00f1adores, pero lo m\u00e1s importante es que da a conocer un estilo de vida, una experiencia.\u00a0<\/span><\/i><\/p>\n<p><b>\u00bfAlgo m\u00e1s que quieras agregar?<\/b><\/p>\n<p><span style=\"color: #d12626;\"><b>Recomiendo al 100% ser parte de #UniversoMOLA, porque es una plataforma consciente que quiere lo mejor para el planeta y cada uno de nosotros. <\/b><\/span><span style=\"font-weight: 400;\">Los invito a ser parte del movimiento de sumarse a este estilo de vida, los invito a que se empapen del consumo \u00e9tico, los invito a que vivan la experiencia MOLA y que se llenen de buenas energ\u00edas, de acciones que estan realizando un peque\u00f1o gran cambio.\u00a0<\/span><\/p>\n<\/div><\/div><\/div><\/div><\/div>","protected":false},"excerpt":{"rendered":"<p>Lorem ipsum dolor sit amet, consectetur adipiscing elit. Nam pharetra dictum eleifend. Sed posuere magna at luctus pretium. Aliquam ligula sem, aliquet sit amet nisi ac, dignissim porta ipsum.<\/p>","protected":false},"author":9,"featured_media":5388,"comment_status":"open","ping_status":"open","sticky":false,"template":"","format":"standard","meta":{"_monsterinsights_skip_tracking":false,"_monsterinsights_sitenote_active":false,"_monsterinsights_sitenote_note":"","_monsterinsights_sitenote_category":0,"footnotes":""},"categories":[40],"tags":[93,89,48,92,47,96,88],"class_list":["post-5385","post","type-post","status-publish","format-standard","has-post-thumbnail","hentry","category-blog","tag-disenadores-sostenibles","tag-moda-etica","tag-moda-latina","tag-moda-latinoamericana","tag-moda-sostenible","tag-moda-sustentable","tag-universo-mola"],"_links":{"self":[{"href":"https:\/\/universomola.com\/en\/wp-json\/wp\/v2\/posts\/5385","targetHints":{"allow":["GET"]}}],"collection":[{"href":"https:\/\/universomola.com\/en\/wp-json\/wp\/v2\/posts"}],"about":[{"href":"https:\/\/universomola.com\/en\/wp-json\/wp\/v2\/types\/post"}],"author":[{"embeddable":true,"href":"https:\/\/universomola.com\/en\/wp-json\/wp\/v2\/users\/9"}],"replies":[{"embeddable":true,"href":"https:\/\/universomola.com\/en\/wp-json\/wp\/v2\/comments?post=5385"}],"version-history":[{"count":1,"href":"https:\/\/universomola.com\/en\/wp-json\/wp\/v2\/posts\/5385\/revisions"}],"predecessor-version":[{"id":5389,"href":"https:\/\/universomola.com\/en\/wp-json\/wp\/v2\/posts\/5385\/revisions\/5389"}],"wp:featuredmedia":[{"embeddable":true,"href":"https:\/\/universomola.com\/en\/wp-json\/wp\/v2\/media\/5388"}],"wp:attachment":[{"href":"https:\/\/universomola.com\/en\/wp-json\/wp\/v2\/media?parent=5385"}],"wp:term":[{"taxonomy":"category","embeddable":true,"href":"https:\/\/universomola.com\/en\/wp-json\/wp\/v2\/categories?post=5385"},{"taxonomy":"post_tag","embeddable":true,"href":"https:\/\/universomola.com\/en\/wp-json\/wp\/v2\/tags?post=5385"}],"curies":[{"name":"wp","href":"https:\/\/api.w.org\/{rel}","templated":true}]}}