{"id":5398,"date":"2020-06-23T16:57:13","date_gmt":"2020-06-23T19:57:13","guid":{"rendered":"http:\/\/desarrollosdeprueba.xyz\/universo_mola\/?p=5398"},"modified":"2021-08-08T17:15:00","modified_gmt":"2021-08-08T20:15:00","slug":"semana-de-la-biodiversidad","status":"publish","type":"post","link":"https:\/\/universomola.com\/en\/semana-de-la-biodiversidad\/","title":{"rendered":"SEMANA DE LA BIODIVERSIDAD"},"content":{"rendered":"<div class=\"fusion-fullwidth fullwidth-box fusion-builder-row-1 fusion-flex-container nonhundred-percent-fullwidth non-hundred-percent-height-scrolling\" style=\"--awb-border-radius-top-left:0px;--awb-border-radius-top-right:0px;--awb-border-radius-bottom-right:0px;--awb-border-radius-bottom-left:0px;--awb-flex-wrap:wrap;\" ><div class=\"fusion-builder-row fusion-row fusion-flex-align-items-flex-start fusion-flex-content-wrap\" style=\"max-width:1248px;margin-left: calc(-4% \/ 2 );margin-right: calc(-4% \/ 2 );\"><div class=\"fusion-layout-column fusion_builder_column fusion-builder-column-0 fusion_builder_column_1_1 1_1 fusion-flex-column\" style=\"--awb-bg-size:cover;--awb-width-large:100%;--awb-margin-top-large:0px;--awb-spacing-right-large:1.92%;--awb-margin-bottom-large:0px;--awb-spacing-left-large:1.92%;--awb-width-medium:100%;--awb-spacing-right-medium:1.92%;--awb-spacing-left-medium:1.92%;--awb-width-small:100%;--awb-spacing-right-small:1.92%;--awb-spacing-left-small:1.92%;\"><div class=\"fusion-column-wrapper fusion-flex-justify-content-flex-start fusion-content-layout-column\"><div class=\"fusion-text fusion-text-1\"><\/div><div class=\"fusion-text fusion-text-2\"><p><span style=\"font-weight: 400;\">The <\/span><a href=\"https:\/\/www.instagram.com\/_entresolesylunas\/\"><span style=\"font-weight: 400;\">Entre Soles y Lunas Foundation<\/span><\/a><span style=\"font-weight: 400;\"> celebr\u00f3 el D\u00eda del Medio Ambiente a trav\u00e9s de la generaci\u00f3n de iniciativas durante, la que denomin\u00f3, Semana de la Biodiversidad, debido a que la ONU propuso esta tem\u00e1tica como eje central para el 2020.<\/span><\/p>\n<p><span style=\"font-weight: 400;\">Universo MOLA, un programa principal de la Fundaci\u00f3n, no se qued\u00f3 atr\u00e1s, y acompa\u00f1\u00f3 con actividades que visibilizaron la uni\u00f3n entre el hombre y la naturaleza. Celebramos del 5 al 12 de Junio diferentes acciones en las redes sociales, para el 19 de Junio cerrar con un webinar interdisciplinario que cuestion\u00f3 esta relaci\u00f3n. Finalmente, encontrar\u00e1n todo lo que sucedi\u00f3 en el fanzine que creamos para llevar el mensaje m\u00e1s lejos.<\/span><\/p>\n<p style=\"text-align: center;\"><b><i>EL SER HUMANO ES PARTE DE LA BIODIVERSIDAD. CUIDEMONOS. CUIDEMOSLA.<\/i><\/b><\/p>\n<p><i><span style=\"font-weight: 400;\"> <img decoding=\"async\" class=\"size-full wp-image-5399 aligncenter lazyload\" data-src=\"http:\/\/desarrollosdeprueba.xyz\/universo_mola\/wp-content\/uploads\/2021\/08\/21.png\" alt=\"\" width=\"612\" height=\"612\" data-srcset=\"https:\/\/universomola.com\/wp-content\/uploads\/2021\/08\/21-66x66.png 66w, https:\/\/universomola.com\/wp-content\/uploads\/2021\/08\/21-100x100.png 100w, https:\/\/universomola.com\/wp-content\/uploads\/2021\/08\/21-150x150.png 150w, https:\/\/universomola.com\/wp-content\/uploads\/2021\/08\/21-200x200.png 200w, https:\/\/universomola.com\/wp-content\/uploads\/2021\/08\/21-300x300.png 300w, https:\/\/universomola.com\/wp-content\/uploads\/2021\/08\/21-400x400.png 400w, https:\/\/universomola.com\/wp-content\/uploads\/2021\/08\/21-500x500.png 500w, https:\/\/universomola.com\/wp-content\/uploads\/2021\/08\/21-600x600.png 600w, https:\/\/universomola.com\/wp-content\/uploads\/2021\/08\/21.png 612w\" data-sizes=\"(max-width: 612px) 100vw, 612px\" src=\"data:image\/svg+xml;base64,PHN2ZyB3aWR0aD0iMSIgaGVpZ2h0PSIxIiB4bWxucz0iaHR0cDovL3d3dy53My5vcmcvMjAwMC9zdmciPjwvc3ZnPg==\" style=\"--smush-placeholder-width: 612px; --smush-placeholder-aspect-ratio: 612\/612;\" \/><\/span><\/i><\/p>\n<div class=\"video-shortcode\"><iframe title=\"Dise\u00f1o &amp; Moda por la Biodiversidad\" width=\"1200\" height=\"675\" data-src=\"https:\/\/www.youtube.com\/embed\/qk-UH3p5O74?feature=oembed\" frameborder=\"0\" allow=\"accelerometer; autoplay; clipboard-write; encrypted-media; gyroscope; picture-in-picture\" allowfullscreen src=\"data:image\/svg+xml;base64,PHN2ZyB3aWR0aD0iMSIgaGVpZ2h0PSIxIiB4bWxucz0iaHR0cDovL3d3dy53My5vcmcvMjAwMC9zdmciPjwvc3ZnPg==\" class=\"lazyload\" data-load-mode=\"1\"><\/iframe><\/div>\n<hr \/>\n<p><span style=\"font-weight: 400;\">El siguiente fanzine recoge todo el contenido realizado durante la Semana de la Biodiversidad 2020 celebrada por la Fundaci\u00f3n Entre Soles y Lunas y su programa Universo MOLA, con motivo del d\u00eda del medio ambiente de dicho a\u00f1o. Agradecemos fraternalmente a todos los fot\u00f3grafos, dise\u00f1adores, Voces del Universo MOLA y ciudadanos de toda Am\u00e9rica Latina que participaron de las iniciativas que buscaron fortalecer nuestro vinculo con la naturaleza.<\/span><\/p>\n<\/div><div style=\"text-align:center;\"><a class=\"fusion-button button-flat fusion-button-default-size button-default fusion-button-default button-1 fusion-button-default-span fusion-button-default-type\" target=\"_blank\" rel=\"noopener noreferrer\" href=\"https:\/\/issuu.com\/molaevento\/docs\/fanzine\"><span class=\"fusion-button-text\">Ver fanzine mola evento<\/span><\/a><\/div><\/div><\/div><\/div><\/div>","protected":false},"excerpt":{"rendered":"<p>Lorem ipsum dolor sit amet, consectetur adipiscing elit. Nam pharetra dictum eleifend. Sed posuere magna at luctus pretium. Aliquam ligula sem, aliquet sit amet nisi ac, dignissim porta ipsum.<\/p>","protected":false},"author":9,"featured_media":5400,"comment_status":"open","ping_status":"open","sticky":false,"template":"","format":"standard","meta":{"_monsterinsights_skip_tracking":false,"_monsterinsights_sitenote_active":false,"_monsterinsights_sitenote_note":"","_monsterinsights_sitenote_category":0,"footnotes":""},"categories":[40],"tags":[93,91,95,89,48,92,47,96,90,88],"class_list":["post-5398","post","type-post","status-publish","format-standard","has-post-thumbnail","hentry","category-blog","tag-disenadores-sostenibles","tag-ethical-fashion","tag-innovacion","tag-moda-etica","tag-moda-latina","tag-moda-latinoamericana","tag-moda-sostenible","tag-moda-sustentable","tag-sustainable","tag-universo-mola"],"_links":{"self":[{"href":"https:\/\/universomola.com\/en\/wp-json\/wp\/v2\/posts\/5398","targetHints":{"allow":["GET"]}}],"collection":[{"href":"https:\/\/universomola.com\/en\/wp-json\/wp\/v2\/posts"}],"about":[{"href":"https:\/\/universomola.com\/en\/wp-json\/wp\/v2\/types\/post"}],"author":[{"embeddable":true,"href":"https:\/\/universomola.com\/en\/wp-json\/wp\/v2\/users\/9"}],"replies":[{"embeddable":true,"href":"https:\/\/universomola.com\/en\/wp-json\/wp\/v2\/comments?post=5398"}],"version-history":[{"count":2,"href":"https:\/\/universomola.com\/en\/wp-json\/wp\/v2\/posts\/5398\/revisions"}],"predecessor-version":[{"id":5411,"href":"https:\/\/universomola.com\/en\/wp-json\/wp\/v2\/posts\/5398\/revisions\/5411"}],"wp:featuredmedia":[{"embeddable":true,"href":"https:\/\/universomola.com\/en\/wp-json\/wp\/v2\/media\/5400"}],"wp:attachment":[{"href":"https:\/\/universomola.com\/en\/wp-json\/wp\/v2\/media?parent=5398"}],"wp:term":[{"taxonomy":"category","embeddable":true,"href":"https:\/\/universomola.com\/en\/wp-json\/wp\/v2\/categories?post=5398"},{"taxonomy":"post_tag","embeddable":true,"href":"https:\/\/universomola.com\/en\/wp-json\/wp\/v2\/tags?post=5398"}],"curies":[{"name":"wp","href":"https:\/\/api.w.org\/{rel}","templated":true}]}}