{"id":5402,"date":"2020-06-27T17:08:35","date_gmt":"2020-06-27T20:08:35","guid":{"rendered":"http:\/\/desarrollosdeprueba.xyz\/universo_mola\/?p=5402"},"modified":"2021-08-08T17:48:41","modified_gmt":"2021-08-08T20:48:41","slug":"es-posible-hacer-cuero-sostenible","status":"publish","type":"post","link":"https:\/\/universomola.com\/en\/es-posible-hacer-cuero-sostenible\/","title":{"rendered":"\u00bfES POSIBLE HACER CUERO SOSTENIBLE?"},"content":{"rendered":"<div class=\"fusion-fullwidth fullwidth-box fusion-builder-row-1 fusion-flex-container nonhundred-percent-fullwidth non-hundred-percent-height-scrolling\" style=\"--awb-border-radius-top-left:0px;--awb-border-radius-top-right:0px;--awb-border-radius-bottom-right:0px;--awb-border-radius-bottom-left:0px;--awb-flex-wrap:wrap;\" ><div class=\"fusion-builder-row fusion-row fusion-flex-align-items-flex-start fusion-flex-content-wrap\" style=\"max-width:1248px;margin-left: calc(-4% \/ 2 );margin-right: calc(-4% \/ 2 );\"><div class=\"fusion-layout-column fusion_builder_column fusion-builder-column-0 fusion_builder_column_1_1 1_1 fusion-flex-column\" style=\"--awb-bg-size:cover;--awb-width-large:100%;--awb-margin-top-large:0px;--awb-spacing-right-large:1.92%;--awb-margin-bottom-large:0px;--awb-spacing-left-large:1.92%;--awb-width-medium:100%;--awb-spacing-right-medium:1.92%;--awb-spacing-left-medium:1.92%;--awb-width-small:100%;--awb-spacing-right-small:1.92%;--awb-spacing-left-small:1.92%;\"><div class=\"fusion-column-wrapper fusion-flex-justify-content-flex-start fusion-content-layout-column\"><div class=\"fusion-text fusion-text-1\"><\/div><div class=\"fusion-text fusion-text-2\"><p><span style=\"color: #33cccc;\"><em>Por Luisa Bedoya, Universo MOLA. foto de pi\u00f1atex<\/em><\/span><\/p>\n<p><span style=\"font-weight: 400;\">Los consumidores de moda cada vez se suman a tener un consumo m\u00e1s consciente, que trasciende a diferentes \u00e1reas de la vida. Esto tambi\u00e9n ha sido motivaci\u00f3n para que muchas marcas busquen innovar en nuevos materiales, procesos y productos que sean m\u00e1s amigables con el medio ambiente, la naturaleza y los animales.\u00a0<\/span><\/p>\n<p><span style=\"font-weight: 400;\">Un ejemplo de ello es el <\/span><b>cuero vegano, hecho con corchos, corteza de \u00e1rboles, hojas de pi\u00f1a,\u00a0 c\u00e1scaras de manzana y Mylo para fabricar zapatos, billeteras, bolsos, chaquetas y tapicer\u00eda.\u00a0<\/b><\/p>\n<p><span style=\"font-weight: 400;\">El proceso de fabricaci\u00f3n del <\/span><b>cuero vegano Mylo<\/b><span style=\"font-weight: 400;\"> comienza con la selecci\u00f3n de c\u00e9lulas de micelio, los cuales se sit\u00faan sobre lechos de tallos de ma\u00edz y se incorporan nutrientes adicionales. Posteriormente millones de c\u00e9lulas nuevas crecen formando una malla tridimensional la cual es comprimida hasta ser reducida a un tejido plano.<\/span><\/p>\n<p><span style=\"font-weight: 400;\">Por otra parte, <\/span><b>Pi\u00f1atex<\/b><span style=\"font-weight: 400;\"> es un cuero vegetal elaborado a base de hojas de pi\u00f1a creado por la espa\u00f1ola Carmen Hijosa. Este es un proceso que consiste en tomar las fibras de los residuos de la pi\u00f1a y cortarlas en capas y procesarlas como un textil. En total se necesitan de aproximadamente 16 hojas pi\u00f1as para producir un metro cuadrado de tela.<\/span><\/p>\n<p><span style=\"font-weight: 400;\">Tambi\u00e9n existe cuero vegano hecho con <\/span><b>cactus originarios de M\u00e9xico<\/b><span style=\"font-weight: 400;\"> (Nopales). Este tipo de cactus, adem\u00e1s de ser resistente y grueso,\u00a0 dura m\u00ednimo 10 a\u00f1os. A su vez, el Cactus crece r\u00e1pidamente y no requiere de tanta agua.\u00a0<\/span><\/p>\n<p><span style=\"font-weight: 400;\">Cabe resaltar que producir <\/span><b>cuero vegano no requiere el sacrificio de animales<\/b><span style=\"font-weight: 400;\">, as\u00ed como tambi\u00e9n reduce la emisi\u00f3n de gases de efecto invernadero. A su vez la cr\u00eda de ganado ocupa un 30% de la superficie cultivable y consume una gran cantidad de agua lo que al producir cuero vegano, todo esto reducir\u00eda de manera proporcional.<\/span><\/p>\n<p><span style=\"font-weight: 400;\">En este orden de ideas, cada vez somos m\u00e1s las personas que creemos que s\u00ed es posible una moda m\u00e1s sostenible y consciente. Nos enorgullece saber que poco a poco esta industria busca ser parte de este movimiento que se interesa por darle m\u00e1s a la naturaleza y quitarle menos.\u00a0<\/span><\/p>\n<p><span style=\"font-weight: 400;\">\u00a0<\/span><\/p>\n<p><span style=\"font-weight: 400;\">Sources:<\/span><\/p>\n<p><a href=\"https:\/\/revistadiners.com.co\/moda\/80280_vestir-vegano-si-es-posible-le-contamos-como-puede-hacerlo\/\"><span style=\"font-weight: 400;\">https:\/\/revistadiners.com.co\/moda\/80280_vestir-vegano-si-es-posible-le-contamos-como-puede-hacerlo\/<\/span><\/a><\/p>\n<p><a href=\"https:\/\/i-d.vice.com\/es\/article\/7x5q7y\/cuero-vegano-sostenible\"><span style=\"font-weight: 400;\">https:\/\/i-d.vice.com\/es\/article\/7x5q7y\/cuero-vegano-sostenible<\/span><\/a><\/p>\n<\/div><\/div><\/div><\/div><\/div>","protected":false},"excerpt":{"rendered":"<p>Lorem ipsum dolor sit amet, consectetur adipiscing elit. Nam pharetra dictum eleifend. Sed posuere magna at luctus pretium. Aliquam ligula sem, aliquet sit amet nisi ac, dignissim porta ipsum.<\/p>","protected":false},"author":9,"featured_media":5404,"comment_status":"open","ping_status":"open","sticky":false,"template":"","format":"standard","meta":{"_monsterinsights_skip_tracking":false,"_monsterinsights_sitenote_active":false,"_monsterinsights_sitenote_note":"","_monsterinsights_sitenote_category":0,"footnotes":""},"categories":[40],"tags":[100,93,91,95,89,48,92,47,96,99,90,88],"class_list":["post-5402","post","type-post","status-publish","format-standard","has-post-thumbnail","hentry","category-blog","tag-cuero-vegano","tag-disenadores-sostenibles","tag-ethical-fashion","tag-innovacion","tag-moda-etica","tag-moda-latina","tag-moda-latinoamericana","tag-moda-sostenible","tag-moda-sustentable","tag-pinatex","tag-sustainable","tag-universo-mola"],"_links":{"self":[{"href":"https:\/\/universomola.com\/en\/wp-json\/wp\/v2\/posts\/5402","targetHints":{"allow":["GET"]}}],"collection":[{"href":"https:\/\/universomola.com\/en\/wp-json\/wp\/v2\/posts"}],"about":[{"href":"https:\/\/universomola.com\/en\/wp-json\/wp\/v2\/types\/post"}],"author":[{"embeddable":true,"href":"https:\/\/universomola.com\/en\/wp-json\/wp\/v2\/users\/9"}],"replies":[{"embeddable":true,"href":"https:\/\/universomola.com\/en\/wp-json\/wp\/v2\/comments?post=5402"}],"version-history":[{"count":2,"href":"https:\/\/universomola.com\/en\/wp-json\/wp\/v2\/posts\/5402\/revisions"}],"predecessor-version":[{"id":5449,"href":"https:\/\/universomola.com\/en\/wp-json\/wp\/v2\/posts\/5402\/revisions\/5449"}],"wp:featuredmedia":[{"embeddable":true,"href":"https:\/\/universomola.com\/en\/wp-json\/wp\/v2\/media\/5404"}],"wp:attachment":[{"href":"https:\/\/universomola.com\/en\/wp-json\/wp\/v2\/media?parent=5402"}],"wp:term":[{"taxonomy":"category","embeddable":true,"href":"https:\/\/universomola.com\/en\/wp-json\/wp\/v2\/categories?post=5402"},{"taxonomy":"post_tag","embeddable":true,"href":"https:\/\/universomola.com\/en\/wp-json\/wp\/v2\/tags?post=5402"}],"curies":[{"name":"wp","href":"https:\/\/api.w.org\/{rel}","templated":true}]}}