{"id":5403,"date":"2019-06-18T17:12:10","date_gmt":"2019-06-18T20:12:10","guid":{"rendered":"http:\/\/desarrollosdeprueba.xyz\/universo_mola\/?p=5403"},"modified":"2021-08-08T17:14:53","modified_gmt":"2021-08-08T20:14:53","slug":"maricet-enamorada-del-diseno","status":"publish","type":"post","link":"https:\/\/universomola.com\/en\/maricet-enamorada-del-diseno\/","title":{"rendered":"MARICET, ENAMORADA DEL DISE\u00d1O"},"content":{"rendered":"<div class=\"fusion-fullwidth fullwidth-box fusion-builder-row-1 fusion-flex-container nonhundred-percent-fullwidth non-hundred-percent-height-scrolling\" style=\"--awb-border-radius-top-left:0px;--awb-border-radius-top-right:0px;--awb-border-radius-bottom-right:0px;--awb-border-radius-bottom-left:0px;--awb-flex-wrap:wrap;\" ><div class=\"fusion-builder-row fusion-row fusion-flex-align-items-flex-start fusion-flex-content-wrap\" style=\"max-width:1248px;margin-left: calc(-4% \/ 2 );margin-right: calc(-4% \/ 2 );\"><div class=\"fusion-layout-column fusion_builder_column fusion-builder-column-0 fusion_builder_column_1_1 1_1 fusion-flex-column\" style=\"--awb-bg-size:cover;--awb-width-large:100%;--awb-margin-top-large:0px;--awb-spacing-right-large:1.92%;--awb-margin-bottom-large:0px;--awb-spacing-left-large:1.92%;--awb-width-medium:100%;--awb-spacing-right-medium:1.92%;--awb-spacing-left-medium:1.92%;--awb-width-small:100%;--awb-spacing-right-small:1.92%;--awb-spacing-left-small:1.92%;\"><div class=\"fusion-column-wrapper fusion-flex-justify-content-flex-start fusion-content-layout-column\"><div class=\"fusion-text fusion-text-1\"><p><em><span style=\"color: #33cccc;\">Escrito por: Entrevista <\/span><\/em><em><span style=\"color: #33cccc;\">de Universo MOLA<\/span><\/em><\/p>\n<p><span style=\"color: #ba1e1e;\"><b>Maricet, <\/b><i><span style=\"font-weight: 400;\">dise\u00f1adora industrial \/ indumentaria<\/span><\/i><\/span><\/p>\n<p><span style=\"color: #ba1e1e;\"><b><i>Cubana viviendo en Chile.<\/i><\/b><\/span><\/p>\n<p><span style=\"color: #ba1e1e;\"><i><span style=\"font-weight: 400;\">Conecta con ella<\/span><\/i><\/span> <span style=\"color: #33cccc;\"><b><i>here.<\/i><\/b><\/span><b><i><\/i><\/b><\/p>\n<p><img decoding=\"async\" class=\"alignnone size-full wp-image-5408 lazyload\" data-src=\"http:\/\/desarrollosdeprueba.xyz\/universo_mola\/wp-content\/uploads\/2019\/06\/Captura180.png\" alt=\"\" width=\"270\" height=\"400\" data-srcset=\"https:\/\/universomola.com\/wp-content\/uploads\/2019\/06\/Captura180-200x296.png 200w, https:\/\/universomola.com\/wp-content\/uploads\/2019\/06\/Captura180-203x300.png 203w, https:\/\/universomola.com\/wp-content\/uploads\/2019\/06\/Captura180.png 270w\" data-sizes=\"(max-width: 270px) 100vw, 270px\" src=\"data:image\/svg+xml;base64,PHN2ZyB3aWR0aD0iMSIgaGVpZ2h0PSIxIiB4bWxucz0iaHR0cDovL3d3dy53My5vcmcvMjAwMC9zdmciPjwvc3ZnPg==\" style=\"--smush-placeholder-width: 270px; --smush-placeholder-aspect-ratio: 270\/400;\" \/><\/p>\n<p><b>\u00bfPor qu\u00e9 haces lo que haces?:<\/b><\/p>\n<p><span style=\"font-weight: 400;\">Amo dise\u00f1ar, porque me gusta reflejar mis ideas, mis inspiraciones a traves del vestir. A la par, me encanta la comunicaci\u00f3n dentro de la moda y transmitir mis conocimientos a partir de talleres educativos y de desarrollo.<\/span><\/p>\n<p><b>\u00bfQu\u00e9 es la sostenibilidad para ti?:<\/b><\/p>\n<p><span style=\"font-weight: 400;\">La sostenibilidad para mi es una urgencia, es un modo de vida que debemos asumir todos los habitantes de este planeta si queremos verlo fuerte por muchos a\u00f1os m\u00e1s.<\/span><\/p>\n<p><b>\u00bfCu\u00e1l es tu habito sostenible clave?:<\/b><\/p>\n<p><span style=\"font-weight: 400;\">\u00a0Tengo varios. En la cotidianidad el h\u00e1bito m\u00e1s marcado es apagar las luces y todo equipo que no est\u00e9 usando, desde peque\u00f1a mis padres me lo inculcaron. Dentro de mi profesi\u00f3n desarrollo una marca de moda \u00e9tica y sostenible, cumpliendo varios principios como: empleo de materiales naturales y biodegradables, sistema de cortes de cero desperdicio y producci\u00f3n laboralmente justa.<\/span><\/p>\n<p><b>\u00bfC\u00f3mo contagias el esp\u00edritu de sostenibilidad?:<\/b><\/p>\n<p><span style=\"color: #ba1e1e;\"><b>Creo que en cada actitud de vida.<\/b><\/span><span style=\"font-weight: 400;\"> Dictando talleres de Upcycling dentro de los objetivos de la marca. En el d\u00eda a d\u00eda lo hago tambi\u00e9n comunicando a mis cercanos las noticias y participando activamente en proyectos de sostenibilidad, especialmente en el mundo del vestuario.<\/span><\/p>\n<p><b>\u00bfUn sue\u00f1o?:<\/b><\/p>\n<p><span style=\"font-weight: 400;\">Uy! Tengo muchos! Pero uno muy cercano es que la moda sostenible sea m\u00e1s que una tendencia, sea <\/span><b>Moda<\/b><span style=\"font-weight: 400;\">.<\/span><\/p>\n<p><b>\u00bfQu\u00e9 te gustar\u00eda cambiar en el mundo?:<\/b><\/p>\n<p><span style=\"font-weight: 400;\">El poco o inexistente acceso a la informaci\u00f3n de muchos.<\/span><\/p>\n<p><b>\u00a0\u00bfQu\u00e9 es para ti MOLA?\u00a0<\/b><\/p>\n<p><b>Mola es uni\u00f3n, es empat\u00eda y solidaridad.<\/b><span style=\"font-weight: 400;\"> Mola es el lugar donde aprendo cada d\u00eda, donde conozco a personas que hacen trabajos incre\u00edbes, y me siento con mucha motivaci\u00f3n para seguir compartiendo principios e iniciativas sostenibles.<\/span><\/p>\n<p><b>\u00bfQu\u00e9 destacas del trabajo de MOLA? \u00bfCu\u00e1l crees que es el impacto del movimiento?<\/b><\/p>\n<p><span style=\"font-weight: 400;\">Destaca mucho su presencia y facilidad de acercarse a las personas, su comunicaci\u00f3n.<\/span><\/p>\n<p><b>\u00bfAlgo m\u00e1s que quieras aportar?<\/b><\/p>\n<p><b>\u00a1Por supuesto que si! Recomiendo a MOLA, porque es un universo donde nacen proyectos hermosos, donde he aprendido a partir de las experiencias de otros creadores, y donde se demuestra una vez m\u00e1s que juntos somos m\u00e1s fuertes!<\/b><\/p>\n<p><img decoding=\"async\" class=\"alignnone size-full wp-image-5407 lazyload\" data-src=\"http:\/\/desarrollosdeprueba.xyz\/universo_mola\/wp-content\/uploads\/2019\/06\/Captura179.png\" alt=\"\" width=\"565\" height=\"389\" data-srcset=\"https:\/\/universomola.com\/wp-content\/uploads\/2019\/06\/Captura179-200x138.png 200w, https:\/\/universomola.com\/wp-content\/uploads\/2019\/06\/Captura179-300x207.png 300w, https:\/\/universomola.com\/wp-content\/uploads\/2019\/06\/Captura179-400x275.png 400w, https:\/\/universomola.com\/wp-content\/uploads\/2019\/06\/Captura179-500x344.png 500w, https:\/\/universomola.com\/wp-content\/uploads\/2019\/06\/Captura179.png 565w\" data-sizes=\"(max-width: 565px) 100vw, 565px\" src=\"data:image\/svg+xml;base64,PHN2ZyB3aWR0aD0iMSIgaGVpZ2h0PSIxIiB4bWxucz0iaHR0cDovL3d3dy53My5vcmcvMjAwMC9zdmciPjwvc3ZnPg==\" style=\"--smush-placeholder-width: 565px; --smush-placeholder-aspect-ratio: 565\/389;\" \/><\/p>\n<\/div><\/div><\/div><\/div><\/div>","protected":false},"excerpt":{"rendered":"<p>Lorem ipsum dolor sit amet, consectetur adipiscing elit. Nam pharetra dictum eleifend. Sed posuere magna at luctus pretium. Aliquam ligula sem, aliquet sit amet nisi ac, dignissim porta ipsum.<\/p>","protected":false},"author":9,"featured_media":5409,"comment_status":"open","ping_status":"open","sticky":false,"template":"","format":"standard","meta":{"_monsterinsights_skip_tracking":false,"_monsterinsights_sitenote_active":false,"_monsterinsights_sitenote_note":"","_monsterinsights_sitenote_category":0,"footnotes":""},"categories":[40],"tags":[93,89,48,92,47,96,88],"class_list":["post-5403","post","type-post","status-publish","format-standard","has-post-thumbnail","hentry","category-blog","tag-disenadores-sostenibles","tag-moda-etica","tag-moda-latina","tag-moda-latinoamericana","tag-moda-sostenible","tag-moda-sustentable","tag-universo-mola"],"_links":{"self":[{"href":"https:\/\/universomola.com\/en\/wp-json\/wp\/v2\/posts\/5403","targetHints":{"allow":["GET"]}}],"collection":[{"href":"https:\/\/universomola.com\/en\/wp-json\/wp\/v2\/posts"}],"about":[{"href":"https:\/\/universomola.com\/en\/wp-json\/wp\/v2\/types\/post"}],"author":[{"embeddable":true,"href":"https:\/\/universomola.com\/en\/wp-json\/wp\/v2\/users\/9"}],"replies":[{"embeddable":true,"href":"https:\/\/universomola.com\/en\/wp-json\/wp\/v2\/comments?post=5403"}],"version-history":[{"count":2,"href":"https:\/\/universomola.com\/en\/wp-json\/wp\/v2\/posts\/5403\/revisions"}],"predecessor-version":[{"id":5410,"href":"https:\/\/universomola.com\/en\/wp-json\/wp\/v2\/posts\/5403\/revisions\/5410"}],"wp:featuredmedia":[{"embeddable":true,"href":"https:\/\/universomola.com\/en\/wp-json\/wp\/v2\/media\/5409"}],"wp:attachment":[{"href":"https:\/\/universomola.com\/en\/wp-json\/wp\/v2\/media?parent=5403"}],"wp:term":[{"taxonomy":"category","embeddable":true,"href":"https:\/\/universomola.com\/en\/wp-json\/wp\/v2\/categories?post=5403"},{"taxonomy":"post_tag","embeddable":true,"href":"https:\/\/universomola.com\/en\/wp-json\/wp\/v2\/tags?post=5403"}],"curies":[{"name":"wp","href":"https:\/\/api.w.org\/{rel}","templated":true}]}}