{"id":5412,"date":"2019-07-01T17:15:31","date_gmt":"2019-07-01T20:15:31","guid":{"rendered":"http:\/\/desarrollosdeprueba.xyz\/universo_mola\/?p=5412"},"modified":"2021-08-08T17:20:59","modified_gmt":"2021-08-08T20:20:59","slug":"miriam-valiente-mexicana","status":"publish","type":"post","link":"https:\/\/universomola.com\/en\/miriam-valiente-mexicana\/","title":{"rendered":"MIRIAM, VALIENTE MEXICANA"},"content":{"rendered":"<div class=\"fusion-fullwidth fullwidth-box fusion-builder-row-1 fusion-flex-container nonhundred-percent-fullwidth non-hundred-percent-height-scrolling\" style=\"--awb-border-radius-top-left:0px;--awb-border-radius-top-right:0px;--awb-border-radius-bottom-right:0px;--awb-border-radius-bottom-left:0px;--awb-flex-wrap:wrap;\" ><div class=\"fusion-builder-row fusion-row fusion-flex-align-items-flex-start fusion-flex-content-wrap\" style=\"max-width:1248px;margin-left: calc(-4% \/ 2 );margin-right: calc(-4% \/ 2 );\"><div class=\"fusion-layout-column fusion_builder_column fusion-builder-column-0 fusion_builder_column_1_1 1_1 fusion-flex-column\" style=\"--awb-bg-size:cover;--awb-width-large:100%;--awb-margin-top-large:0px;--awb-spacing-right-large:1.92%;--awb-margin-bottom-large:0px;--awb-spacing-left-large:1.92%;--awb-width-medium:100%;--awb-spacing-right-medium:1.92%;--awb-spacing-left-medium:1.92%;--awb-width-small:100%;--awb-spacing-right-small:1.92%;--awb-spacing-left-small:1.92%;\"><div class=\"fusion-column-wrapper fusion-flex-justify-content-flex-start fusion-content-layout-column\"><div class=\"fusion-text fusion-text-1\"><p><em><span style=\"color: #33cccc;\">Escrito por: Entrevista <\/span><\/em><em><span style=\"color: #33cccc;\">de Universo MOLA<\/span><\/em><\/p>\n<p><span style=\"color: #ba1e1e;\"><b>Miriam,<i><span style=\"font-weight: 400;\"> planning event \/ branding experiencer<\/span><\/i><i><span style=\"font-weight: 400;\"><br \/>\n<\/span><\/i><i><span style=\"font-weight: 400;\">Conecta con ella<\/span><\/i><span style=\"color: #33cccc;\"> <i>here.<\/i><\/span><\/b><\/span><\/p>\n<p><img decoding=\"async\" class=\"alignnone size-full wp-image-5415 lazyload\" data-src=\"http:\/\/desarrollosdeprueba.xyz\/universo_mola\/wp-content\/uploads\/2021\/08\/Captura183.png\" alt=\"\" width=\"183\" height=\"270\" src=\"data:image\/svg+xml;base64,PHN2ZyB3aWR0aD0iMSIgaGVpZ2h0PSIxIiB4bWxucz0iaHR0cDovL3d3dy53My5vcmcvMjAwMC9zdmciPjwvc3ZnPg==\" style=\"--smush-placeholder-width: 183px; --smush-placeholder-aspect-ratio: 183\/270;\" \/><\/p>\n<p><b>\u00bfPor qu\u00e9 haces lo que haces?:<\/b><\/p>\n<p><span style=\"font-weight: 400;\">Porque a pesar de que a\u00fan me cuesta trabajo lidiar con algunas cosas dentro del contexto de mi pa\u00eds, armar eventos y conocer nuevas personas con diferentes perspectivas, es algo que me apasiona mucho. No lo cambiar\u00eda, definitivamente ha sido para mi una traves\u00eda por fin haber encontrado esta aventura \u00fanica.<\/span><\/p>\n<p><b>\u00bfQu\u00e9 es la sostenibilidad para ti?:<\/b><\/p>\n<p><span style=\"font-weight: 400;\">Es una forma de vivir m\u00e1s simple, sin apegos, sin ego. Es ser sencillo y agradecido con lo que se tiene, a pesar que tengas la posibilidad de derrochar&#8230; decides no hacerlo. Es mantenerte.\u00a0<\/span><\/p>\n<p><b>\u00bfCu\u00e1l es tu habito sostenible clave?:<\/b><\/p>\n<p><span style=\"font-weight: 400;\">Consciencia.<\/span><\/p>\n<p><b>\u00bfC\u00f3mo contagias el esp\u00edritu de sostenibilidad?:<\/b><\/p>\n<p><span style=\"font-weight: 400;\">A mis amigos con m\u00fasica, conocimiento, pl\u00e1ticas con una buena cerveza, riendo, siendo m\u00e1s agradecida con los dem\u00e1s, llevando una vida m\u00e1s humana con equipaje ligero.<\/span><\/p>\n<p><b>\u00bfUn sue\u00f1o?:<\/b><\/p>\n<p><span style=\"font-weight: 400;\">Tengo muchos. Pero que me encantar\u00eda viajar por el mundo compartiendo este mensaje: <\/span><b>consciencia, buen humor y paz \ud83d\ude42<\/b><\/p>\n<p><b>\u00bfQu\u00e9 te gustar\u00eda cambiar en el mundo?:<\/b><\/p>\n<p><span style=\"font-weight: 400;\">Que dej\u00e1ramos de tener miedos, que nos atrevi\u00e9ramos m\u00e1s, que fu\u00e9ramos m\u00e1s valientes. Eso.<\/span><\/p>\n<p><b>\u00a0\u00bfQu\u00e9 es para ti MOLA?\u00a0<\/b><\/p>\n<p><b>Una oportunidad para lograr cambiar mi contexto y el de los que me rodean, a trav\u00e9s de la consciencia colectiva, el esfuerzo y el apoyo mutuo.<\/b><span style=\"font-weight: 400;\">\u00a0<\/span><\/p>\n<p><b>\u00bfQu\u00e9 destacas del trabajo de MOLA? \u00bfCu\u00e1l crees que es el impacto del movimiento?<\/b><\/p>\n<p><span style=\"font-weight: 400;\">El poder crear un mundo m\u00e1s unido, alineado al respeto con nuestro medio ambiente, hacia como tratar las personas, a verlas con un enfoque m\u00e1s humanitario, dejando de lado el ego\u00edsmo y el bien personal. MOLA es lo que podemos lograr en Latinoam\u00e9rica si nos unimos en todas las \u00e1reas. <\/span><b>Todo es posible con MOLA.<\/b><span style=\"font-weight: 400;\">\u00a0<\/span><\/p>\n<p><b>\u00bfAlgo m\u00e1s que quieras aportar?<\/b><\/p>\n<p><b>Recomiendo MOLA a todos aquellos que se atreven a m\u00e1s, a todos los que dejan sus prejuicios de lado y se unen a nuevos retos. Definitivamente el brillo personal y la egolatr\u00eda no es la filosof\u00eda que MOLA representa, buscamos ser el brillo de nuestra humanidad: \u00fanica e irrepetible. <\/b><span style=\"font-weight: 400;\">\u00a0<\/span><\/p>\n<p><span style=\"font-weight: 400;\">\u00a0<\/span><img decoding=\"async\" class=\"alignnone size-full wp-image-5414 lazyload\" data-src=\"http:\/\/desarrollosdeprueba.xyz\/universo_mola\/wp-content\/uploads\/2021\/08\/Captura182.png\" alt=\"\" width=\"562\" height=\"315\" data-srcset=\"https:\/\/universomola.com\/wp-content\/uploads\/2021\/08\/Captura182-200x112.png 200w, https:\/\/universomola.com\/wp-content\/uploads\/2021\/08\/Captura182-300x168.png 300w, https:\/\/universomola.com\/wp-content\/uploads\/2021\/08\/Captura182-400x224.png 400w, https:\/\/universomola.com\/wp-content\/uploads\/2021\/08\/Captura182-500x280.png 500w, https:\/\/universomola.com\/wp-content\/uploads\/2021\/08\/Captura182.png 562w\" data-sizes=\"(max-width: 562px) 100vw, 562px\" src=\"data:image\/svg+xml;base64,PHN2ZyB3aWR0aD0iMSIgaGVpZ2h0PSIxIiB4bWxucz0iaHR0cDovL3d3dy53My5vcmcvMjAwMC9zdmciPjwvc3ZnPg==\" style=\"--smush-placeholder-width: 562px; --smush-placeholder-aspect-ratio: 562\/315;\" \/><\/p>\n<\/div><\/div><\/div><\/div><\/div>","protected":false},"excerpt":{"rendered":"<p>Lorem ipsum dolor sit amet, consectetur adipiscing elit. Nam pharetra dictum eleifend. Sed posuere magna at luctus pretium. Aliquam ligula sem, aliquet sit amet nisi ac, dignissim porta ipsum.<\/p>","protected":false},"author":9,"featured_media":5414,"comment_status":"open","ping_status":"open","sticky":false,"template":"","format":"standard","meta":{"_monsterinsights_skip_tracking":false,"_monsterinsights_sitenote_active":false,"_monsterinsights_sitenote_note":"","_monsterinsights_sitenote_category":0,"footnotes":""},"categories":[40],"tags":[93,89,48,92,47,96,88],"class_list":["post-5412","post","type-post","status-publish","format-standard","has-post-thumbnail","hentry","category-blog","tag-disenadores-sostenibles","tag-moda-etica","tag-moda-latina","tag-moda-latinoamericana","tag-moda-sostenible","tag-moda-sustentable","tag-universo-mola"],"_links":{"self":[{"href":"https:\/\/universomola.com\/en\/wp-json\/wp\/v2\/posts\/5412","targetHints":{"allow":["GET"]}}],"collection":[{"href":"https:\/\/universomola.com\/en\/wp-json\/wp\/v2\/posts"}],"about":[{"href":"https:\/\/universomola.com\/en\/wp-json\/wp\/v2\/types\/post"}],"author":[{"embeddable":true,"href":"https:\/\/universomola.com\/en\/wp-json\/wp\/v2\/users\/9"}],"replies":[{"embeddable":true,"href":"https:\/\/universomola.com\/en\/wp-json\/wp\/v2\/comments?post=5412"}],"version-history":[{"count":1,"href":"https:\/\/universomola.com\/en\/wp-json\/wp\/v2\/posts\/5412\/revisions"}],"predecessor-version":[{"id":5419,"href":"https:\/\/universomola.com\/en\/wp-json\/wp\/v2\/posts\/5412\/revisions\/5419"}],"wp:featuredmedia":[{"embeddable":true,"href":"https:\/\/universomola.com\/en\/wp-json\/wp\/v2\/media\/5414"}],"wp:attachment":[{"href":"https:\/\/universomola.com\/en\/wp-json\/wp\/v2\/media?parent=5412"}],"wp:term":[{"taxonomy":"category","embeddable":true,"href":"https:\/\/universomola.com\/en\/wp-json\/wp\/v2\/categories?post=5412"},{"taxonomy":"post_tag","embeddable":true,"href":"https:\/\/universomola.com\/en\/wp-json\/wp\/v2\/tags?post=5412"}],"curies":[{"name":"wp","href":"https:\/\/api.w.org\/{rel}","templated":true}]}}