{"id":5413,"date":"2020-07-04T17:16:18","date_gmt":"2020-07-04T20:16:18","guid":{"rendered":"http:\/\/desarrollosdeprueba.xyz\/universo_mola\/?p=5413"},"modified":"2021-08-08T17:48:32","modified_gmt":"2021-08-08T20:48:32","slug":"es-hm-realmente-una-marca-consciente","status":"publish","type":"post","link":"https:\/\/universomola.com\/en\/es-hm-realmente-una-marca-consciente\/","title":{"rendered":"\u00bfES H&#038;M REALMENTE UNA MARCA CONSCIENTE?"},"content":{"rendered":"<div class=\"fusion-fullwidth fullwidth-box fusion-builder-row-1 fusion-flex-container nonhundred-percent-fullwidth non-hundred-percent-height-scrolling\" style=\"--awb-border-radius-top-left:0px;--awb-border-radius-top-right:0px;--awb-border-radius-bottom-right:0px;--awb-border-radius-bottom-left:0px;--awb-flex-wrap:wrap;\" ><div class=\"fusion-builder-row fusion-row fusion-flex-align-items-flex-start fusion-flex-content-wrap\" style=\"max-width:1248px;margin-left: calc(-4% \/ 2 );margin-right: calc(-4% \/ 2 );\"><div class=\"fusion-layout-column fusion_builder_column fusion-builder-column-0 fusion_builder_column_1_1 1_1 fusion-flex-column\" style=\"--awb-bg-size:cover;--awb-width-large:100%;--awb-margin-top-large:0px;--awb-spacing-right-large:1.92%;--awb-margin-bottom-large:0px;--awb-spacing-left-large:1.92%;--awb-width-medium:100%;--awb-spacing-right-medium:1.92%;--awb-spacing-left-medium:1.92%;--awb-width-small:100%;--awb-spacing-right-small:1.92%;--awb-spacing-left-small:1.92%;\"><div class=\"fusion-column-wrapper fusion-flex-justify-content-flex-start fusion-content-layout-column\"><div class=\"fusion-text fusion-text-1\"><\/div><div class=\"fusion-text fusion-text-2\"><p><em><span style=\"color: #33cccc;\">Por Luisa Bedoya, Universo MOLA. \/ Imagen portada: AFP.<\/span><\/em><\/p>\n<p><b>\u00bfC\u00f3mo es posible que H&amp;M tenga una \u201cl\u00ednea consciente\u201d pero no pueda hacer que toda su producci\u00f3n lo sea? \u00bfC\u00f3mo es posible que siga explotando gente en diferentes partes del mundo? \u00bfCu\u00e1les son realmente sus intereses?\u00a0<\/b><\/p>\n<p><span style=\"font-weight: 400;\">El inter\u00e9s de los consumidores por adentrarse en este nuevo modelo comercial, en donde garantizan la implantaci\u00f3n de una nueva moda plenamente circular y sostenible, mueve a la marca de moda H&amp;M, quien\u00a0 intenta avanzar en su inter\u00e9s por ser parte de una moda m\u00e1s consciente. Sin embargo esto no los lleva a ser a\u00fan una marca sostenible.\u00a0<\/span><\/p>\n<p><span style=\"font-weight: 400;\">Bajo la premisa de ser m\u00e1s comprometidos con el da\u00f1o ambiental. La marca Sueca H&amp;M lanza para Alemania la plataforma de segunda mano llamada <\/span><b>Sellpy<\/b><span style=\"font-weight: 400;\">, siendo propietaria de un 74%.<\/span><\/p>\n<p><b>Nanna Andersen<\/b><span style=\"font-weight: 400;\">, directora del departamento de desarrollo del grupo sueco\u00a0 H&amp;M, mediante un comunicado expres\u00f3: \u201cRealmente creemos en los empresarios y en el equipo que hay detr\u00e1s de Sellpy y en su <\/span><b>modelo de negocio basado en la circularidad<\/b><span style=\"font-weight: 400;\">, el cual se alinea a la perfecci\u00f3n con nuestra visi\u00f3n de <\/span><b>llegar a ser completamente circulares<\/b><span style=\"font-weight: 400;\">.\u201d<\/span><\/p>\n<p><span style=\"font-weight: 400;\">A su vez, la marca busca crear nuevas \u00e1reas dedicadas al<\/span><a href=\"https:\/\/fashionunited.es\/noticias\/retail\/h-m-pone-en-marcha-su-servicio-de-alquiler-de-ropa\/2019120231695\"> <b>alquiler de prendas<\/b><\/a><span style=\"font-weight: 400;\">, a servicios de reparaci\u00f3n y al desarrollo de nuevas tecnolog\u00edas y <\/span><b>materiales m\u00e1s sostenibles<\/b><span style=\"font-weight: 400;\"> y\/o de origen reciclado.<\/span><\/p>\n<p><span style=\"font-weight: 400;\">En el <\/span><span style=\"font-weight: 400;\">\u00a02011, la marca comenz\u00f3 su colecci\u00f3n <\/span><b>Conscious<\/b><span style=\"font-weight: 400;\">, elaborada exclusivamente con <\/span><b>materiales sostenibles<\/b><span style=\"font-weight: 400;\">, creadas con restos de algod\u00f3n, cobre reciclado, caf\u00e9 y vino.\u00a0 Hoy, despu\u00e9s de 9 a\u00f1os,\u00a0 la marca vuelve a mostrar su responsabilidad con el lanzamiento de la colecci\u00f3n sostenible <\/span><b>#ConsciousDresses<\/b><span style=\"font-weight: 400;\">, que presentar\u00e1n en el evento virtual <\/span><b>#HMLetsChange.\u00a0<\/b><\/p>\n<p><span style=\"font-weight: 400;\">Si bien, cada uno de los intentos de la marca por ser m\u00e1s sostenible y comprometida son v\u00e1lidos, y son pasos que los podr\u00edan llevar a ser una marca completamente sostenible esto <\/span><b>no los hace por el momento merecedores de este t\u00edtulo<\/b><span style=\"font-weight: 400;\">.\u00a0 Principalmente por su modalidad de negocio en donde la marca saca cat\u00e1logos por temporadas, nuevo stock semanal, crean necesidades de compra innecesarias en los clientes, venden la mayor cantidad de prendas a precios muy bajos y lo poco que les queda lo rematan a precios absurdos y vuelven a dise\u00f1ar m\u00e1s prendas, convirti\u00e9ndolo as\u00ed en un c\u00edrculo vicioso a favor de su virtud. Pese a esto, surge un grupo de personas m\u00e1s conscientes, que empiezan a exigirles determinadas pr\u00e1cticas que los llevan a ellos a pensar en una moda m\u00e1s consciente.\u00a0<\/span><\/p>\n<p><span style=\"font-weight: 400;\">En este orden de ideas, H&amp;M intenta sumarse a la moda sostenible pero solo lo hace porque as\u00ed gran parte de sus consumidores se lo exigen. Pero por otra parte no es capaz de dejar sus decenas de campa\u00f1as al a\u00f1o, sus ventas en precios desmedidos que son a su vez consecuencia de compra de manufactura en valores y condiciones\u00a0 inhumanos.\u00a0<\/span><\/p>\n<p><span style=\"font-weight: 400;\">Esto solo nos lleva a pensar en <\/span><span style=\"color: #993366;\"><b>la influencia tan grande que tenemos como consumidores<\/b><\/span><span style=\"font-weight: 400;\"><span style=\"color: #993366;\">,<\/span> pues dependiendo de qu\u00e9 exijamos eso mismo las empresas nos dar\u00e1n, si les exigimos a H&amp;M Fast Fashion ellos estar\u00e1n felices de hacerlo, pero si empezamos a ser m\u00e1s conscientes y racionales con el medio ambiente y exigimos una moda m\u00e1s justa, ellos buscar\u00e1n volcarse a hacer moda sostenible c\u00f3mo de verdad tiene que ser, sin vidrieras confusas ni greenwashing.<\/span><\/p>\n<\/div><\/div><\/div><\/div><\/div>","protected":false},"excerpt":{"rendered":"<p>Lorem ipsum dolor sit amet, consectetur adipiscing elit. Nam pharetra dictum eleifend. Sed posuere magna at luctus pretium. Aliquam ligula sem, aliquet sit amet nisi ac, dignissim porta ipsum.<\/p>","protected":false},"author":9,"featured_media":5416,"comment_status":"open","ping_status":"open","sticky":false,"template":"","format":"standard","meta":{"_monsterinsights_skip_tracking":false,"_monsterinsights_sitenote_active":false,"_monsterinsights_sitenote_note":"","_monsterinsights_sitenote_category":0,"footnotes":""},"categories":[40],"tags":[93,91,89,48,92,47,96,90,88],"class_list":["post-5413","post","type-post","status-publish","format-standard","has-post-thumbnail","hentry","category-blog","tag-disenadores-sostenibles","tag-ethical-fashion","tag-moda-etica","tag-moda-latina","tag-moda-latinoamericana","tag-moda-sostenible","tag-moda-sustentable","tag-sustainable","tag-universo-mola"],"_links":{"self":[{"href":"https:\/\/universomola.com\/en\/wp-json\/wp\/v2\/posts\/5413","targetHints":{"allow":["GET"]}}],"collection":[{"href":"https:\/\/universomola.com\/en\/wp-json\/wp\/v2\/posts"}],"about":[{"href":"https:\/\/universomola.com\/en\/wp-json\/wp\/v2\/types\/post"}],"author":[{"embeddable":true,"href":"https:\/\/universomola.com\/en\/wp-json\/wp\/v2\/users\/9"}],"replies":[{"embeddable":true,"href":"https:\/\/universomola.com\/en\/wp-json\/wp\/v2\/comments?post=5413"}],"version-history":[{"count":2,"href":"https:\/\/universomola.com\/en\/wp-json\/wp\/v2\/posts\/5413\/revisions"}],"predecessor-version":[{"id":5448,"href":"https:\/\/universomola.com\/en\/wp-json\/wp\/v2\/posts\/5413\/revisions\/5448"}],"wp:featuredmedia":[{"embeddable":true,"href":"https:\/\/universomola.com\/en\/wp-json\/wp\/v2\/media\/5416"}],"wp:attachment":[{"href":"https:\/\/universomola.com\/en\/wp-json\/wp\/v2\/media?parent=5413"}],"wp:term":[{"taxonomy":"category","embeddable":true,"href":"https:\/\/universomola.com\/en\/wp-json\/wp\/v2\/categories?post=5413"},{"taxonomy":"post_tag","embeddable":true,"href":"https:\/\/universomola.com\/en\/wp-json\/wp\/v2\/tags?post=5413"}],"curies":[{"name":"wp","href":"https:\/\/api.w.org\/{rel}","templated":true}]}}