{"id":5418,"date":"2020-07-08T17:20:34","date_gmt":"2020-07-08T20:20:34","guid":{"rendered":"http:\/\/desarrollosdeprueba.xyz\/universo_mola\/?p=5418"},"modified":"2021-08-08T17:47:52","modified_gmt":"2021-08-08T20:47:52","slug":"juntos-somos-mas-fuertes-universo-mola-en-tiempos-de-pandemia","status":"publish","type":"post","link":"https:\/\/universomola.com\/en\/juntos-somos-mas-fuertes-universo-mola-en-tiempos-de-pandemia\/","title":{"rendered":"JUNTOS SOMOS M\u00c1S FUERTES, UNIVERSO MOLA EN TIEMPOS DE PANDEMIA"},"content":{"rendered":"<div class=\"fusion-fullwidth fullwidth-box fusion-builder-row-1 fusion-flex-container nonhundred-percent-fullwidth non-hundred-percent-height-scrolling\" style=\"--awb-border-radius-top-left:0px;--awb-border-radius-top-right:0px;--awb-border-radius-bottom-right:0px;--awb-border-radius-bottom-left:0px;--awb-flex-wrap:wrap;\" ><div class=\"fusion-builder-row fusion-row fusion-flex-align-items-flex-start fusion-flex-content-wrap\" style=\"max-width:1248px;margin-left: calc(-4% \/ 2 );margin-right: calc(-4% \/ 2 );\"><div class=\"fusion-layout-column fusion_builder_column fusion-builder-column-0 fusion_builder_column_1_1 1_1 fusion-flex-column\" style=\"--awb-bg-size:cover;--awb-width-large:100%;--awb-margin-top-large:0px;--awb-spacing-right-large:1.92%;--awb-margin-bottom-large:0px;--awb-spacing-left-large:1.92%;--awb-width-medium:100%;--awb-spacing-right-medium:1.92%;--awb-spacing-left-medium:1.92%;--awb-width-small:100%;--awb-spacing-right-small:1.92%;--awb-spacing-left-small:1.92%;\"><div class=\"fusion-column-wrapper fusion-flex-justify-content-flex-start fusion-content-layout-column\"><div class=\"fusion-text fusion-text-1\"><\/div><div class=\"fusion-text fusion-text-2\"><p><b>Universo MOLA es consciente de la influencia que ha tenido el Covid-19 a nivel mundial. Problem\u00e1tica que no escatima persona y quien ha generado inconvenientes en todo el mundo, es hoy nuestra realidad.\u00a0<\/b><\/p>\n<p><span style=\"font-weight: 400;\">Sin embargo, <\/span><b>ante esta situaci\u00f3n estamos llamados a ser resilientes<\/b><span style=\"font-weight: 400;\">, a ver m\u00e1s all\u00e1 de nuestras narices y entender que \u00e9ste tambi\u00e9n ha sido un espacio donde hemos visto c\u00f3mo el planeta ha descansado ante un modelo de consumo que no paraba y como juntos podemos salir adelante, <\/span><b>porque juntos somos mas fuertes.\u00a0<\/b><\/p>\n<p><span style=\"font-weight: 400;\">Hoy te presentamos cada una de las iniciativas que los<\/span><i><span style=\"font-weight: 400;\"> miembros de MOLA HUB*<\/span><\/i><span style=\"font-weight: 400;\"> realizaron entorno a la campa\u00f1a del Covid-19, reinvent\u00e1ndose y aportando a la soluci\u00f3n.<\/span><\/p>\n<p><b>DONACIONES<\/b><\/p>\n<p><a href=\"https:\/\/www.instagram.com\/ancestralparaguay\/\"><b><span style=\"color: #33cccc;\">Ancestral Paraguay<\/span><\/b><\/a><b> &#8211; Paraguay<\/b><\/p>\n<p><span style=\"font-weight: 400;\">Ancestral Paraguay, en cabeza de Camila Oru\u00e9, trabaj\u00f3 con familias artesanas de comunidades ind\u00edgenas y del interior del Paraguay haciendo una <\/span><b>colecta con el fin de obtener alimentos y entregar a los artesanos<\/b><span style=\"font-weight: 400;\"> que viven al d\u00eda de sus artesan\u00edas.<\/span><\/p>\n<p><span style=\"font-weight: 400;\">Para esta actividad la marca junt\u00f3 fuerzas con Macan, una asociaci\u00f3n de j\u00f3venes de Ciudad del Este y lograron entregar 3 toneladas de alimentos a la comunidad ind\u00edgena Ava Guaran\u00ed de Acaraymi. Y con la ayuda del Ipa lograron colaborar un poco con los artesanos de Carapegua.\u00a0<\/span><\/p>\n<p><img decoding=\"async\" class=\"wp-image-4106 aligncenter lazyload\" data-src=\"http:\/\/desarrollosdeprueba.xyz\/universo_mola\/wp-content\/uploads\/2021\/07\/Ancestral-Paraguay.jpg\" alt=\"\" width=\"198\" height=\"328\" src=\"data:image\/svg+xml;base64,PHN2ZyB3aWR0aD0iMSIgaGVpZ2h0PSIxIiB4bWxucz0iaHR0cDovL3d3dy53My5vcmcvMjAwMC9zdmciPjwvc3ZnPg==\" style=\"--smush-placeholder-width: 198px; --smush-placeholder-aspect-ratio: 198\/328;\" \/><\/p>\n<p><a href=\"https:\/\/www.instagram.com\/awanataller\/\"><b><span style=\"color: #33cccc;\">Awana Taller<\/span><\/b><\/a><b> &#8211; Colombia<\/b><\/p>\n<p><span style=\"font-weight: 400;\">Mar\u00eda del Pilar Rodr\u00edguez, realiz\u00f3 una <\/span><b>campa\u00f1a en Vaki para recolectar ayuda para las comunidades ind\u00edgenas<\/b><span style=\"font-weight: 400;\">, esto con el fin de que estas comunidades puedan satisfacer sus necesidades b\u00e1sicas.<\/span><\/p>\n<p><img decoding=\"async\" class=\"wp-image-3850 aligncenter lazyload\" data-src=\"http:\/\/desarrollosdeprueba.xyz\/universo_mola\/wp-content\/uploads\/2021\/07\/Awana-Taller.png\" alt=\"\" width=\"185\" height=\"291\" data-srcset=\"https:\/\/universomola.com\/wp-content\/uploads\/2021\/07\/Awana-Taller-191x300.png 191w, https:\/\/universomola.com\/wp-content\/uploads\/2021\/07\/Awana-Taller-200x315.png 200w, https:\/\/universomola.com\/wp-content\/uploads\/2021\/07\/Awana-Taller-400x630.png 400w, https:\/\/universomola.com\/wp-content\/uploads\/2021\/07\/Awana-Taller.png 482w\" data-sizes=\"(max-width: 185px) 100vw, 185px\" src=\"data:image\/svg+xml;base64,PHN2ZyB3aWR0aD0iMSIgaGVpZ2h0PSIxIiB4bWxucz0iaHR0cDovL3d3dy53My5vcmcvMjAwMC9zdmciPjwvc3ZnPg==\" style=\"--smush-placeholder-width: 185px; --smush-placeholder-aspect-ratio: 185\/291;\" \/><\/p>\n<p><span style=\"color: #33cccc;\"><a style=\"color: #33cccc;\" href=\"https:\/\/www.instagram.com\/definemodacultural\/\"><b>Define Moda Cultural<\/b><\/a><\/span><b> &#8211; Argentina<\/b><\/p>\n<p><span style=\"font-weight: 400;\">Alejandra Ar\u00e9valo, estuvo donando tapabocas para la fundaci\u00f3n Temas.\u00a0<\/span><\/p>\n<p><img decoding=\"async\" class=\"wp-image-5429 aligncenter lazyload\" data-src=\"http:\/\/desarrollosdeprueba.xyz\/universo_mola\/wp-content\/uploads\/2021\/08\/24.png\" alt=\"\" width=\"394\" height=\"392\" data-srcset=\"https:\/\/universomola.com\/wp-content\/uploads\/2021\/08\/24-66x66.png 66w, https:\/\/universomola.com\/wp-content\/uploads\/2021\/08\/24-100x100.png 100w, https:\/\/universomola.com\/wp-content\/uploads\/2021\/08\/24-150x150.png 150w, https:\/\/universomola.com\/wp-content\/uploads\/2021\/08\/24-200x199.png 200w, https:\/\/universomola.com\/wp-content\/uploads\/2021\/08\/24-400x399.png 400w, https:\/\/universomola.com\/wp-content\/uploads\/2021\/08\/24-500x498.png 500w, https:\/\/universomola.com\/wp-content\/uploads\/2021\/08\/24.png 593w\" data-sizes=\"(max-width: 394px) 100vw, 394px\" src=\"data:image\/svg+xml;base64,PHN2ZyB3aWR0aD0iMSIgaGVpZ2h0PSIxIiB4bWxucz0iaHR0cDovL3d3dy53My5vcmcvMjAwMC9zdmciPjwvc3ZnPg==\" style=\"--smush-placeholder-width: 394px; --smush-placeholder-aspect-ratio: 394\/392;\" \/><\/p>\n<p><span style=\"font-weight: 400;\">\u00a0<\/span><\/p>\n<p><span style=\"color: #33cccc;\"><a style=\"color: #33cccc;\" href=\"https:\/\/www.instagram.com\/labeltranalife\/\"><b>La Beltrana<\/b><\/a><\/span> <b>&#8211; Colombia<\/b><\/p>\n<p><span style=\"font-weight: 400;\">Esta marca de moda sostenible, estuvo <\/span><b>dotando de tapabocas al centro de personas mayores el Recreo Club House<\/b><span style=\"font-weight: 400;\"> en cercan\u00edas de Bogot\u00e1. <\/span><span style=\"font-weight: 400;\">A su vez realizaron una campa\u00f1a de apoyo a comercio local en Chapinero, la cual ha tenido un impacto a m\u00e1s de 80 negocios, donde La Beltrana, en cabeza de Sandra Acosta, ha venido obsequiando tapabocas a los emprendimientos del barrio que ha mantenido a su personal. As\u00ed como tambi\u00e9n a un grupo de vecinos que han\u00a0 estado activos promoviendo acciones comunales en pro de sostenibilidad, seguridad y servicios comunitarios.<\/span><\/p>\n<p><img decoding=\"async\" class=\"wp-image-5433 aligncenter lazyload\" data-src=\"http:\/\/desarrollosdeprueba.xyz\/universo_mola\/wp-content\/uploads\/2021\/08\/25.png\" alt=\"\" width=\"363\" height=\"362\" data-srcset=\"https:\/\/universomola.com\/wp-content\/uploads\/2021\/08\/25-66x66.png 66w, https:\/\/universomola.com\/wp-content\/uploads\/2021\/08\/25-100x100.png 100w, https:\/\/universomola.com\/wp-content\/uploads\/2021\/08\/25-150x150.png 150w, https:\/\/universomola.com\/wp-content\/uploads\/2021\/08\/25-200x199.png 200w, https:\/\/universomola.com\/wp-content\/uploads\/2021\/08\/25-300x300.png 300w, https:\/\/universomola.com\/wp-content\/uploads\/2021\/08\/25-400x399.png 400w, https:\/\/universomola.com\/wp-content\/uploads\/2021\/08\/25-500x498.png 500w, https:\/\/universomola.com\/wp-content\/uploads\/2021\/08\/25.png 596w\" data-sizes=\"(max-width: 363px) 100vw, 363px\" src=\"data:image\/svg+xml;base64,PHN2ZyB3aWR0aD0iMSIgaGVpZ2h0PSIxIiB4bWxucz0iaHR0cDovL3d3dy53My5vcmcvMjAwMC9zdmciPjwvc3ZnPg==\" style=\"--smush-placeholder-width: 363px; --smush-placeholder-aspect-ratio: 363\/362;\" \/><\/p>\n<p><span style=\"color: #33cccc;\"><a style=\"color: #33cccc;\" href=\"https:\/\/www.instagram.com\/salda_co\/\"><b>SALDA<\/b><\/a><\/span><b> &#8211; Colombia<\/b><\/p>\n<p><span style=\"font-weight: 400;\">Con el lanzamiento de la nueva l\u00ednea deportiva estuvieron <\/span><b>donando un porcentaje de sus ventas a El Hospital General de Medell\u00edn<\/b><span style=\"font-weight: 400;\"> donde se encuentra la poblaci\u00f3n m\u00e1s vulnerable. Esta iniciativa de Daniella Saldarriaga, se realiz\u00f3 con el fin de apoyar a la comunidad y el pa\u00eds.<\/span><\/p>\n<p><img decoding=\"async\" class=\"wp-image-5438 aligncenter lazyload\" data-src=\"http:\/\/desarrollosdeprueba.xyz\/universo_mola\/wp-content\/uploads\/2021\/08\/26.png\" alt=\"\" width=\"393\" height=\"380\" data-srcset=\"https:\/\/universomola.com\/wp-content\/uploads\/2021\/08\/26-200x193.png 200w, https:\/\/universomola.com\/wp-content\/uploads\/2021\/08\/26-300x290.png 300w, https:\/\/universomola.com\/wp-content\/uploads\/2021\/08\/26-400x387.png 400w, https:\/\/universomola.com\/wp-content\/uploads\/2021\/08\/26-500x484.png 500w, https:\/\/universomola.com\/wp-content\/uploads\/2021\/08\/26-600x580.png 600w, https:\/\/universomola.com\/wp-content\/uploads\/2021\/08\/26-700x677.png 700w, https:\/\/universomola.com\/wp-content\/uploads\/2021\/08\/26-768x743.png 768w, https:\/\/universomola.com\/wp-content\/uploads\/2021\/08\/26-800x774.png 800w, https:\/\/universomola.com\/wp-content\/uploads\/2021\/08\/26.png 829w\" data-sizes=\"(max-width: 393px) 100vw, 393px\" src=\"data:image\/svg+xml;base64,PHN2ZyB3aWR0aD0iMSIgaGVpZ2h0PSIxIiB4bWxucz0iaHR0cDovL3d3dy53My5vcmcvMjAwMC9zdmciPjwvc3ZnPg==\" style=\"--smush-placeholder-width: 393px; --smush-placeholder-aspect-ratio: 393\/380;\" \/><\/p>\n<p><a href=\"https:\/\/www.instagram.com\/vana.official\/\"><b><span style=\"color: #33cccc;\">VANA<\/span><\/b><\/a><b> &#8211; Colombia<\/b><\/p>\n<p><span style=\"font-weight: 400;\">Realizaron donaciones de trajes al personal m\u00e9dico de Bogot\u00e1.<\/span><\/p>\n<p><span style=\"font-weight: 400;\"> <img decoding=\"async\" class=\"wp-image-3781 aligncenter lazyload\" data-src=\"http:\/\/desarrollosdeprueba.xyz\/universo_mola\/wp-content\/uploads\/2021\/07\/VANA.png\" alt=\"\" width=\"199\" height=\"330\" src=\"data:image\/svg+xml;base64,PHN2ZyB3aWR0aD0iMSIgaGVpZ2h0PSIxIiB4bWxucz0iaHR0cDovL3d3dy53My5vcmcvMjAwMC9zdmciPjwvc3ZnPg==\" style=\"--smush-placeholder-width: 199px; --smush-placeholder-aspect-ratio: 199\/330;\" \/><\/span><\/p>\n<p><b>TAPABOCAS<\/b><\/p>\n<p><span style=\"font-weight: 400;\">Los tapabocas se convirtieron en un elemento esencial e indispensable de uso diario, pues a menudo vemos c\u00f3mo incluso estos son en muchos paises de uso obligatorio. <\/span><span style=\"font-weight: 400;\">El siguiente grupo de <\/span><b>miembros de MOLA Hub realizaron tapabocas sostenibles y reutilizables.<\/b><span style=\"font-weight: 400;\"> Esto con el fin de reducir los cientos de residuos que generan los tapabocas desechables y as\u00ed combatir el impacto medioambiental que estos pueden generar.<\/span><\/p>\n<ul>\n<li><span style=\"color: #33cccc;\"><a style=\"color: #33cccc;\" href=\"https:\/\/www.instagram.com\/caro.ban\/\"><b>Caro Designer<\/b><\/a><\/span><\/li>\n<li><span style=\"color: #33cccc;\"><a style=\"color: #33cccc;\" href=\"https:\/\/www.instagram.com\/carolacornejosustentable\/\"><b>Carola Cornejo<\/b><\/a><\/span><\/li>\n<li><span style=\"color: #33cccc;\"><a style=\"color: #33cccc;\" href=\"https:\/\/www.instagram.com\/chiquitelas\/\"><b>Chiquitelas\u00a0<\/b><\/a><\/span><\/li>\n<li><span style=\"color: #33cccc;\"><a style=\"color: #33cccc;\" href=\"https:\/\/www.instagram.com\/monicafonnegramoda\/\"><b>Monica fonnegra<\/b><\/a><\/span><\/li>\n<\/ul>\n<p><b>CAMPA\u00d1AS DE EDUCACI\u00d3N<\/b><\/p>\n<p><span style=\"color: #33cccc;\"><a style=\"color: #33cccc;\" href=\"https:\/\/www.instagram.com\/vizozomx\/\"><b>VIZOZO<\/b><\/a><\/span> <b>&#8211; M\u00e9xico<\/b><\/p>\n<p><b>\u00abDise\u00f1o Textil &amp; Artesan\u00eda\u00bb <\/b><span style=\"font-weight: 400;\">Esta marca llev\u00f3 a cabo una campa\u00f1a en Instagram y Facebook para crear <\/span><b>conciencia y conocimiento sobre qu\u00e9 es la moda sostenible<\/b><span style=\"font-weight: 400;\"> y c\u00f3mo la marca la implementa en sus dise\u00f1os dando a conocer sus estrategias y en qu\u00e9 consisten.<\/span><\/p>\n<p><span style=\"color: #33cccc;\"><a style=\"color: #33cccc;\" href=\"https:\/\/www.instagram.com\/joyas_mjcordovez\/\"><b>Joyas MJCordovez<\/b><\/a><\/span><b> &#8211; Ecuador<\/b><\/p>\n<p><span style=\"font-weight: 400;\">Maria Jose Cordovez, due\u00f1a de la marca, estuvo realizando una campa\u00f1a para hacer conocer la<\/span><b> importancia de joyas sostenibles<\/b><span style=\"font-weight: 400;\"> mediante instagram.<\/span><\/p>\n<p><span style=\"color: #33cccc;\"><a style=\"color: #33cccc;\" href=\"https:\/\/www.instagram.com\/_delaurentis_\/\"><b>De Laurentis<\/b><\/a><\/span><b> &#8211; Brasil<\/b><\/p>\n<p><span style=\"font-weight: 400;\">La marca estuvo realizando una serie de talleres en Instagram sobre flowerpounding, con el fin de <\/span><b>estimular las pr\u00e1cticas manuales.<\/b><\/p>\n<p><span style=\"font-weight: 400;\">\u00a0<\/span><\/p>\n<p><b>CAMPA\u00d1AS<\/b><\/p>\n<p><span style=\"font-weight: 400;\">\u00a0<\/span><span style=\"color: #33cccc;\"><a style=\"color: #33cccc;\" href=\"https:\/\/www.instagram.com\/salazarjoyas\/\"><b>Andr\u00e9s Salazar<\/b><\/a><\/span><b> &#8211; Colombia<\/b><\/p>\n<p><span style=\"font-weight: 400;\">Realiz\u00f3 la campa\u00f1a<\/span><b> #ApoyaLoNuestro<\/b><span style=\"font-weight: 400;\"> para visibilizar emprendimientos de Colombia. Entendiendo la importancia de apoyarnos en todo momento.\u00a0<\/span><\/p>\n<p><span style=\"color: #33cccc;\"><a style=\"color: #33cccc;\" href=\"https:\/\/www.instagram.com\/wichilhenay\/\"><b>MAWO<\/b><\/a><\/span><b> &#8211; Argentina<\/b><\/p>\n<p><span style=\"font-weight: 400;\">Son un grupo de ind\u00edgenas que crearon esta marca de dise\u00f1o textil ind\u00edgena wichi sustentable; y que han sumado muchos artesanos de comunidades m\u00e1s vulnerables que el de ellos. <\/span><span style=\"font-weight: 400;\">Tras la situaci\u00f3n actual se han visto afectados pues sus principales ingresos eran mediante las ventas adquiridas en ferias. Es por ello que surge esta campa\u00f1a que pretende <\/span><b>promover la venta online de artesan\u00eda<\/b><span style=\"font-weight: 400;\"> y permitir que aquellos que deseen colaborar o donar alimentos puedan hacerlo.\u00a0<\/span><\/p>\n<p><span style=\"font-weight: 400;\">\u00a0<\/span><\/p>\n<p><b>Hoy aplaudimos su labor y agradecemos a todos los miembros de MOLA HUB que se sumaron a esta campa\u00f1a. Sabemos que cada uno de estos esfuerzos y actividades que realizaron son el resultado de entender que cuando nos unimos podemos llegar m\u00e1s lejos.\u00a0<\/b><\/p>\n<p style=\"text-align: center;\"><b>Conoce m\u00e1s en nuestras redes sociales:<\/b><a href=\"https:\/\/instagram.com\/universomola\/\"> <b>instagram<\/b><\/a><b> \/<\/b><a href=\"https:\/\/www.facebook.com\/universomola\/\"> <b>facebook<\/b><\/a><\/p>\n<p style=\"text-align: center;\"><span style=\"font-weight: 400;\">* MOLA HUB: red latinoamericana de actores de la industria de moda sostenible. \u00danete en<\/span><a href=\"http:\/\/www.universomola.com\/\"> <span style=\"font-weight: 400;\">www.universomola.com<\/span><\/a><span style=\"font-weight: 400;\">.\u00a0<\/span><\/p>\n<\/div><\/div><\/div><\/div><\/div>","protected":false},"excerpt":{"rendered":"<p>Lorem ipsum dolor sit amet, consectetur adipiscing elit. Nam pharetra dictum eleifend. Sed posuere magna at luctus pretium. Aliquam ligula sem, aliquet sit amet nisi ac, dignissim porta ipsum.<\/p>","protected":false},"author":9,"featured_media":5440,"comment_status":"open","ping_status":"open","sticky":false,"template":"","format":"standard","meta":{"_monsterinsights_skip_tracking":false,"_monsterinsights_sitenote_active":false,"_monsterinsights_sitenote_note":"","_monsterinsights_sitenote_category":0,"footnotes":""},"categories":[40],"tags":[93,91,89,48,92,47,96,90,88],"class_list":["post-5418","post","type-post","status-publish","format-standard","has-post-thumbnail","hentry","category-blog","tag-disenadores-sostenibles","tag-ethical-fashion","tag-moda-etica","tag-moda-latina","tag-moda-latinoamericana","tag-moda-sostenible","tag-moda-sustentable","tag-sustainable","tag-universo-mola"],"_links":{"self":[{"href":"https:\/\/universomola.com\/en\/wp-json\/wp\/v2\/posts\/5418","targetHints":{"allow":["GET"]}}],"collection":[{"href":"https:\/\/universomola.com\/en\/wp-json\/wp\/v2\/posts"}],"about":[{"href":"https:\/\/universomola.com\/en\/wp-json\/wp\/v2\/types\/post"}],"author":[{"embeddable":true,"href":"https:\/\/universomola.com\/en\/wp-json\/wp\/v2\/users\/9"}],"replies":[{"embeddable":true,"href":"https:\/\/universomola.com\/en\/wp-json\/wp\/v2\/comments?post=5418"}],"version-history":[{"count":2,"href":"https:\/\/universomola.com\/en\/wp-json\/wp\/v2\/posts\/5418\/revisions"}],"predecessor-version":[{"id":5446,"href":"https:\/\/universomola.com\/en\/wp-json\/wp\/v2\/posts\/5418\/revisions\/5446"}],"wp:featuredmedia":[{"embeddable":true,"href":"https:\/\/universomola.com\/en\/wp-json\/wp\/v2\/media\/5440"}],"wp:attachment":[{"href":"https:\/\/universomola.com\/en\/wp-json\/wp\/v2\/media?parent=5418"}],"wp:term":[{"taxonomy":"category","embeddable":true,"href":"https:\/\/universomola.com\/en\/wp-json\/wp\/v2\/categories?post=5418"},{"taxonomy":"post_tag","embeddable":true,"href":"https:\/\/universomola.com\/en\/wp-json\/wp\/v2\/tags?post=5418"}],"curies":[{"name":"wp","href":"https:\/\/api.w.org\/{rel}","templated":true}]}}