{"id":5428,"date":"2019-07-02T17:29:33","date_gmt":"2019-07-02T20:29:33","guid":{"rendered":"http:\/\/desarrollosdeprueba.xyz\/universo_mola\/?p=5428"},"modified":"2021-08-08T17:31:50","modified_gmt":"2021-08-08T20:31:50","slug":"carta-a-los-disenadores","status":"publish","type":"post","link":"https:\/\/universomola.com\/en\/carta-a-los-disenadores\/","title":{"rendered":"CARTA A LOS DISE\u00d1ADORES"},"content":{"rendered":"<div class=\"fusion-fullwidth fullwidth-box fusion-builder-row-1 fusion-flex-container nonhundred-percent-fullwidth non-hundred-percent-height-scrolling\" style=\"--awb-border-radius-top-left:0px;--awb-border-radius-top-right:0px;--awb-border-radius-bottom-right:0px;--awb-border-radius-bottom-left:0px;--awb-flex-wrap:wrap;\" ><div class=\"fusion-builder-row fusion-row fusion-flex-align-items-flex-start fusion-flex-content-wrap\" style=\"max-width:1248px;margin-left: calc(-4% \/ 2 );margin-right: calc(-4% \/ 2 );\"><div class=\"fusion-layout-column fusion_builder_column fusion-builder-column-0 fusion_builder_column_1_1 1_1 fusion-flex-column\" style=\"--awb-bg-size:cover;--awb-width-large:100%;--awb-margin-top-large:0px;--awb-spacing-right-large:1.92%;--awb-margin-bottom-large:0px;--awb-spacing-left-large:1.92%;--awb-width-medium:100%;--awb-spacing-right-medium:1.92%;--awb-spacing-left-medium:1.92%;--awb-width-small:100%;--awb-spacing-right-small:1.92%;--awb-spacing-left-small:1.92%;\"><div class=\"fusion-column-wrapper fusion-flex-justify-content-flex-start fusion-content-layout-column\"><div class=\"fusion-text fusion-text-1\"><p><em><span style=\"color: #33cccc;\">Escrito por: Noticias <\/span><\/em><em><span style=\"color: #33cccc;\">de Universo MOLA<\/span><\/em><\/p>\n<p><span style=\"font-weight: 400; color: #999999;\">Por Eloisa Ponce de Le\u00f3n, Voz del #UniversoMOLA Uruguay<\/span><\/p>\n<p><b>En marzo de este a\u00f1o, particip\u00e9 en el Regional Montevideo de Universo Mola, con una charla que titul\u00e9 \u201coutsider de la moda (\u2026)\u201d, as\u00ed decid\u00ed presentarme porque eso es lo que soy, una ajena a todo este mundo.<\/b><\/p>\n<p><span style=\"font-weight: 400;\">Soy Abogada, tengo un estilo cl\u00e1sico e informal, no sigo las red carpets ni me obsesionan las tendencias, no s\u00e9 diferenciar de qu\u00e9 dise\u00f1ador es un vestido solo por mirarlo y creo que el \u201cmust\u201d de cada temporada es seguir siendo yo misma, poni\u00e9ndome lo que me hace sentir c\u00f3moda, digan lo que digan los \u201cexpertos en moda\u201d. Definitivamente, no me arrim\u00e9 a este movimiento por las pasarelas, sino porque <\/span><b>despu\u00e9s de la palabra moda, agregaron dos m\u00e1s: \u00e9tica y sustentable<\/b><span style=\"font-weight: 400;\">.<\/span><\/p>\n<p><span style=\"font-weight: 400;\">Al igual que hice en su momento en mi charla, quiero hablarles a todos aquellos que si son parte de este mundo, m\u00e1s que nada a los dise\u00f1adores.\u00a0<\/span><\/p>\n<p><span style=\"font-weight: 400;\">Hace poco, compart\u00ed en mis redes una frase de una actriz brit\u00e1nica (hija de madre india y padre pakistan\u00ed) conocida por ser activista en la defensa de los derechos humanos. La actriz en cuesti\u00f3n es Jameela Jamil y lo que dijo fue: <\/span><b>\u201cCreo que si no puedes dise\u00f1ar cosas que luzcan bien en personas que son m\u00e1s grande que el talle cero o dos, no eres talentoso\u201d.<\/b><\/p>\n<p><span style=\"font-weight: 400;\">No solo adhiero al pensamiento de <\/span><b>Jameela<\/b><span style=\"font-weight: 400;\">, sino que lo tomo, lo hago propio y agrego que:<\/span><b> \u00absi no puedes dise\u00f1ar cosas que no tengan el color de la temporada, no eres talentoso. Y a\u00fan m\u00e1s, si no puedes dise\u00f1ar cosas que salgan desde tu creatividad y tu coraz\u00f3n, solo porque no van a ser populares, no eres talentoso.\u00bb<\/b><\/p>\n<p><span style=\"font-weight: 400;\">Estamos uniformados, vestimos lo que quieren los \u201ccreadores de tendencias\u201d; no quiero eso para m\u00ed. Y tal vez no funciona asi y sin toda esta estructura alrededor de la industria el mercado ser\u00eda un caos, pero d\u00e9jenme decirles que no quiero que \u201calguien\u201d llamado \u201cPantone\u201d me diga el color que ver\u00e9 en cada objeto de este mundo durante el pr\u00f3ximo a\u00f1o.\u00a0<\/span><\/p>\n<p><span style=\"font-weight: 400;\">No quiero ir por el mundo buscando mis colores favoritos entre millones de objetos con los colores que alguien eligi\u00f3; <\/span><b>quiero elegir yo<\/b><span style=\"font-weight: 400;\">. Quiero identificarme con ese dise\u00f1ador que crea lo que quiere, cuando quiere, porque no traiciona su inspiraci\u00f3n o sus deseos.\u00a0<\/span><\/p>\n<p><b>Los \u201ccreadores de tendencias\u201d han creado un monstruo: los cr\u00edticos de moda<\/b><span style=\"font-weight: 400;\">. \u00bfDe verdad a\u00fan siguen existiendo? Tomamos las calles para luchar por los derechos de las minor\u00edas relegadas, pero todav\u00eda hay personas que tienen minutos de c\u00e1mara para decir \u201cquerida, \u00bfqu\u00e9 pas\u00f3 con tu cabello?\u201d o \u201cest\u00e1s lastimando mis retinas\u201d.\u00a0 Si \u00e9l o ella se sienten fant\u00e1sticos en ese vestido o decidieron llevar un color que no \u201ccorresponde\u201d a su tono de piel, o un modelo que acorta sus piernas, cuando es de talla baja, no necesitan la opini\u00f3n de nadie. <\/span><b>Nadie merece las cr\u00edticas de otro<\/b><span style=\"font-weight: 400;\">, mucho menos alguien que tiene el valor de pararse frente al mundo, sabiendo que hay personas que ganan dinero burl\u00e1ndose de los dem\u00e1s.<\/span><\/p>\n<p><span style=\"font-weight: 400;\">Y ya que estamos en este tema, que alguien me explique esos absurdos del mundo de la moda, donde hay gente estudiando el tipo de cuerpo que tienes, para saber qu\u00e9 tipo de prendas deber\u00edas usar. No tenemos cuerpo de pera, ni de tri\u00e1ngulo, ni redondo; tenemos un cuerpo. Un cuerpo que acompa\u00f1a nuestra vida y nuestro crecimiento. Las mujeres cambiamos de talla en la adolescencia, en la maternidad, en la vejez y en muchos otros momentos. <\/span><b>No puedo esperar hasta tener el cuerpo correcto para usar la ropa que me gusta.\u00a0<\/b><\/p>\n<p><b>As\u00ed que dise\u00f1adores y dem\u00e1s actores de la moda, tengan en cuenta que la moda \u00e9tica y sustentable, no s\u00f3lo tiene que ver con el ambiente y el trabajo digno. Tiene que ver con ser fieles a ustedes mismos y no seguir colaborando con la discriminaci\u00f3n en la moda. Sean creativos y fieles a su propio estilo.\u00a0<\/b><\/p>\n<p><span style=\"font-weight: 400; color: #d61c1c;\">El feminismo, la diversidad sexual, las personas con capacidades diferentes, la infancia, los hombres y cada uno de nosotros, necesitamos que revolucionen la moda. Los necesitamos creando libremente, para todos y todas. \u00a1Confiamos en ustedes!<\/span><\/p>\n<p><img decoding=\"async\" class=\"alignnone size-full wp-image-5431 lazyload\" data-src=\"http:\/\/desarrollosdeprueba.xyz\/universo_mola\/wp-content\/uploads\/2021\/08\/Captura188.png\" alt=\"\" width=\"533\" height=\"355\" data-srcset=\"https:\/\/universomola.com\/wp-content\/uploads\/2021\/08\/Captura188-200x133.png 200w, https:\/\/universomola.com\/wp-content\/uploads\/2021\/08\/Captura188-300x200.png 300w, https:\/\/universomola.com\/wp-content\/uploads\/2021\/08\/Captura188-400x266.png 400w, https:\/\/universomola.com\/wp-content\/uploads\/2021\/08\/Captura188-500x333.png 500w, https:\/\/universomola.com\/wp-content\/uploads\/2021\/08\/Captura188.png 533w\" data-sizes=\"(max-width: 533px) 100vw, 533px\" src=\"data:image\/svg+xml;base64,PHN2ZyB3aWR0aD0iMSIgaGVpZ2h0PSIxIiB4bWxucz0iaHR0cDovL3d3dy53My5vcmcvMjAwMC9zdmciPjwvc3ZnPg==\" style=\"--smush-placeholder-width: 533px; --smush-placeholder-aspect-ratio: 533\/355;\" \/><\/p>\n<\/div><\/div><\/div><\/div><\/div>","protected":false},"excerpt":{"rendered":"<p>Lorem ipsum dolor sit amet, consectetur adipiscing elit. Nam pharetra dictum eleifend. Sed posuere magna at luctus pretium. Aliquam ligula sem, aliquet sit amet nisi ac, dignissim porta ipsum.<\/p>","protected":false},"author":9,"featured_media":5430,"comment_status":"open","ping_status":"open","sticky":false,"template":"","format":"standard","meta":{"_monsterinsights_skip_tracking":false,"_monsterinsights_sitenote_active":false,"_monsterinsights_sitenote_note":"","_monsterinsights_sitenote_category":0,"footnotes":""},"categories":[40],"tags":[93,89,48,92,47,96,88],"class_list":["post-5428","post","type-post","status-publish","format-standard","has-post-thumbnail","hentry","category-blog","tag-disenadores-sostenibles","tag-moda-etica","tag-moda-latina","tag-moda-latinoamericana","tag-moda-sostenible","tag-moda-sustentable","tag-universo-mola"],"_links":{"self":[{"href":"https:\/\/universomola.com\/en\/wp-json\/wp\/v2\/posts\/5428","targetHints":{"allow":["GET"]}}],"collection":[{"href":"https:\/\/universomola.com\/en\/wp-json\/wp\/v2\/posts"}],"about":[{"href":"https:\/\/universomola.com\/en\/wp-json\/wp\/v2\/types\/post"}],"author":[{"embeddable":true,"href":"https:\/\/universomola.com\/en\/wp-json\/wp\/v2\/users\/9"}],"replies":[{"embeddable":true,"href":"https:\/\/universomola.com\/en\/wp-json\/wp\/v2\/comments?post=5428"}],"version-history":[{"count":1,"href":"https:\/\/universomola.com\/en\/wp-json\/wp\/v2\/posts\/5428\/revisions"}],"predecessor-version":[{"id":5432,"href":"https:\/\/universomola.com\/en\/wp-json\/wp\/v2\/posts\/5428\/revisions\/5432"}],"wp:featuredmedia":[{"embeddable":true,"href":"https:\/\/universomola.com\/en\/wp-json\/wp\/v2\/media\/5430"}],"wp:attachment":[{"href":"https:\/\/universomola.com\/en\/wp-json\/wp\/v2\/media?parent=5428"}],"wp:term":[{"taxonomy":"category","embeddable":true,"href":"https:\/\/universomola.com\/en\/wp-json\/wp\/v2\/categories?post=5428"},{"taxonomy":"post_tag","embeddable":true,"href":"https:\/\/universomola.com\/en\/wp-json\/wp\/v2\/tags?post=5428"}],"curies":[{"name":"wp","href":"https:\/\/api.w.org\/{rel}","templated":true}]}}