{"id":5434,"date":"2019-07-02T17:32:50","date_gmt":"2019-07-02T20:32:50","guid":{"rendered":"http:\/\/desarrollosdeprueba.xyz\/universo_mola\/?p=5434"},"modified":"2021-08-08T17:37:05","modified_gmt":"2021-08-08T20:37:05","slug":"ximena-responsable-y-etica","status":"publish","type":"post","link":"https:\/\/universomola.com\/en\/ximena-responsable-y-etica\/","title":{"rendered":"XIMENA, RESPONSABLE Y \u00c9TICA"},"content":{"rendered":"<div class=\"fusion-fullwidth fullwidth-box fusion-builder-row-1 fusion-flex-container nonhundred-percent-fullwidth non-hundred-percent-height-scrolling\" style=\"--awb-border-radius-top-left:0px;--awb-border-radius-top-right:0px;--awb-border-radius-bottom-right:0px;--awb-border-radius-bottom-left:0px;--awb-flex-wrap:wrap;\" ><div class=\"fusion-builder-row fusion-row fusion-flex-align-items-flex-start fusion-flex-content-wrap\" style=\"max-width:1248px;margin-left: calc(-4% \/ 2 );margin-right: calc(-4% \/ 2 );\"><div class=\"fusion-layout-column fusion_builder_column fusion-builder-column-0 fusion_builder_column_1_1 1_1 fusion-flex-column\" style=\"--awb-bg-size:cover;--awb-width-large:100%;--awb-margin-top-large:0px;--awb-spacing-right-large:1.92%;--awb-margin-bottom-large:0px;--awb-spacing-left-large:1.92%;--awb-width-medium:100%;--awb-spacing-right-medium:1.92%;--awb-spacing-left-medium:1.92%;--awb-width-small:100%;--awb-spacing-right-small:1.92%;--awb-spacing-left-small:1.92%;\"><div class=\"fusion-column-wrapper fusion-flex-justify-content-flex-start fusion-content-layout-column\"><div class=\"fusion-text fusion-text-1\"><p><em><span style=\"color: #33cccc;\">Escrito por: Entrevista <\/span><\/em><em><span style=\"color: #33cccc;\">de Universo MOLA<\/span><\/em><\/p>\n<p><span style=\"color: #cf3030;\"><b>Ximena,<\/b><i><span style=\"font-weight: 400;\"> dise\u00f1adora<br \/>\n<\/span><\/i><i><span style=\"font-weight: 400;\">Conecta con ella<\/span><\/i> <b><i>here.<\/i><\/b><\/span><\/p>\n<p><img decoding=\"async\" class=\"alignnone size-full wp-image-5435 lazyload\" data-src=\"http:\/\/desarrollosdeprueba.xyz\/universo_mola\/wp-content\/uploads\/2021\/08\/Captura190.png\" alt=\"\" width=\"391\" height=\"385\" data-srcset=\"https:\/\/universomola.com\/wp-content\/uploads\/2021\/08\/Captura190-66x66.png 66w, https:\/\/universomola.com\/wp-content\/uploads\/2021\/08\/Captura190-200x197.png 200w, https:\/\/universomola.com\/wp-content\/uploads\/2021\/08\/Captura190-300x295.png 300w, https:\/\/universomola.com\/wp-content\/uploads\/2021\/08\/Captura190.png 391w\" data-sizes=\"(max-width: 391px) 100vw, 391px\" src=\"data:image\/svg+xml;base64,PHN2ZyB3aWR0aD0iMSIgaGVpZ2h0PSIxIiB4bWxucz0iaHR0cDovL3d3dy53My5vcmcvMjAwMC9zdmciPjwvc3ZnPg==\" style=\"--smush-placeholder-width: 391px; --smush-placeholder-aspect-ratio: 391\/385;\" \/><\/p>\n<p><b>Por qu\u00e9 haces lo que haces?:<\/b><\/p>\n<p><span style=\"font-weight: 400;\">Porque puedo plasmar mucho de lo que soy. Me permite crear y expresarme art\u00edstica y conceptualmente. Aunado a la satisfacci\u00f3n de estar explorando materiales que si no ser\u00edan desechables, y sentir que aporto mi granito en ese sentido.<\/span><\/p>\n<p><b>\u00bfQu\u00e9 es la sostenibilidad para ti?:<\/b><\/p>\n<p><span style=\"font-weight: 400;\">Visualizar el uso y descarte que hacemos de los recursos disponibles, desde los materiales hasta nuestro tiempo y energ\u00eda, y que cada momento de toma de consciencia sobre eso sirva para acrecentar el respeto y conexi\u00f3n con el entorno al que pertenecemos, lograr vivir de una forma respetuosa y consciente.<\/span><\/p>\n<p><b>\u00bfCu\u00e1l es tu habito sostenible clave?:<\/b><\/p>\n<p><span style=\"font-weight: 400;\">Buscar una forma creativa de pensar los desechos y darles nueva vida.<\/span><\/p>\n<p><b>\u00bfC\u00f3mo contagias el esp\u00edritu de sostenibilidad?:<\/b><\/p>\n<p><span style=\"font-weight: 400;\">Mostrando una \u00f3ptica diferente para observar lo que descartamos, invitando a crear a partir de esto.<\/span><\/p>\n<p><b>\u00bfUn sue\u00f1o?:<\/b><\/p>\n<p><span style=\"font-weight: 400;\">\u00a0<\/span><span style=\"font-weight: 400;\">Que socialmente se le de valor a lo realmente importante, al crecimiento espiritual, la tolerancia, la empat\u00eda y<\/span><b> se deprecie la cotizaci\u00f3n del \u00e9xito y el dinero como medida de valor.<\/b><\/p>\n<p><b>\u00bfQu\u00e9 te gustar\u00eda cambiar en el mundo?:<\/b><\/p>\n<p><span style=\"font-weight: 400;\">Me gustar\u00eda que cada uno pudiera contagiar con acciones y visiones constructivas desde un lugar humilde para mejorar colectivamente.<\/span><\/p>\n<p><b>\u00bfQu\u00e9 es para ti MOLA? <\/b><span style=\"font-weight: 400;\">\u00a0<\/span><\/p>\n<p><span style=\"font-weight: 400;\">Es un veh\u00edculo para potenciar ideas e iniciativas que van en la l\u00ednea de moda sostenible latinoamericana, nucle\u00e1ndolas, generando retroalimentaci\u00f3n y haci\u00e9ndolas visibles.<\/span><\/p>\n<p><span style=\"font-weight: 400;\">\u00a0<\/span><b>\u00bfQu\u00e9 destacas del trabajo de MOLA? \u00bfCu\u00e1l crees que es el impacto del movimiento?<\/b><\/p>\n<p><span style=\"font-weight: 400;\">Me encanta que surgido este movimiento en Uruguay, que se plantee como una apuesta latinoamericana y que tenga un encare serio y comprometido. Ayuda a poner el foco en lo sustentable y d\u00eda a d\u00eda genera m\u00e1s impacto.<\/span><\/p>\n<p><span style=\"font-weight: 400;\">\u00a0<\/span><\/p>\n<p><b>\u00bfAlgo m\u00e1s que quieras aportar?<\/b><\/p>\n<p><b>Recomiendo MOLA porque creo que participar de este movimiento ayuda a potenciar el\u00a0<\/b><\/p>\n<p><b>valor de la moda sustentable y se genera una sinergia muy positiva.<\/b><\/p>\n<\/div><\/div><\/div><\/div><\/div>","protected":false},"excerpt":{"rendered":"<p>Lorem ipsum dolor sit amet, consectetur adipiscing elit. Nam pharetra dictum eleifend. Sed posuere magna at luctus pretium. Aliquam ligula sem, aliquet sit amet nisi ac, dignissim porta ipsum.<\/p>","protected":false},"author":9,"featured_media":5436,"comment_status":"open","ping_status":"open","sticky":false,"template":"","format":"standard","meta":{"_monsterinsights_skip_tracking":false,"_monsterinsights_sitenote_active":false,"_monsterinsights_sitenote_note":"","_monsterinsights_sitenote_category":0,"footnotes":""},"categories":[40],"tags":[93,89,48,92,47,96,88],"class_list":["post-5434","post","type-post","status-publish","format-standard","has-post-thumbnail","hentry","category-blog","tag-disenadores-sostenibles","tag-moda-etica","tag-moda-latina","tag-moda-latinoamericana","tag-moda-sostenible","tag-moda-sustentable","tag-universo-mola"],"_links":{"self":[{"href":"https:\/\/universomola.com\/en\/wp-json\/wp\/v2\/posts\/5434","targetHints":{"allow":["GET"]}}],"collection":[{"href":"https:\/\/universomola.com\/en\/wp-json\/wp\/v2\/posts"}],"about":[{"href":"https:\/\/universomola.com\/en\/wp-json\/wp\/v2\/types\/post"}],"author":[{"embeddable":true,"href":"https:\/\/universomola.com\/en\/wp-json\/wp\/v2\/users\/9"}],"replies":[{"embeddable":true,"href":"https:\/\/universomola.com\/en\/wp-json\/wp\/v2\/comments?post=5434"}],"version-history":[{"count":2,"href":"https:\/\/universomola.com\/en\/wp-json\/wp\/v2\/posts\/5434\/revisions"}],"predecessor-version":[{"id":5439,"href":"https:\/\/universomola.com\/en\/wp-json\/wp\/v2\/posts\/5434\/revisions\/5439"}],"wp:featuredmedia":[{"embeddable":true,"href":"https:\/\/universomola.com\/en\/wp-json\/wp\/v2\/media\/5436"}],"wp:attachment":[{"href":"https:\/\/universomola.com\/en\/wp-json\/wp\/v2\/media?parent=5434"}],"wp:term":[{"taxonomy":"category","embeddable":true,"href":"https:\/\/universomola.com\/en\/wp-json\/wp\/v2\/categories?post=5434"},{"taxonomy":"post_tag","embeddable":true,"href":"https:\/\/universomola.com\/en\/wp-json\/wp\/v2\/tags?post=5434"}],"curies":[{"name":"wp","href":"https:\/\/api.w.org\/{rel}","templated":true}]}}