{"id":5447,"date":"2019-07-02T17:48:30","date_gmt":"2019-07-02T20:48:30","guid":{"rendered":"http:\/\/desarrollosdeprueba.xyz\/universo_mola\/?p=5447"},"modified":"2021-08-08T17:53:59","modified_gmt":"2021-08-08T20:53:59","slug":"monica-comunicadora-e-indagadora","status":"publish","type":"post","link":"https:\/\/universomola.com\/en\/monica-comunicadora-e-indagadora\/","title":{"rendered":"MONICA, COMUNICADORA E INDAGADORA"},"content":{"rendered":"<div class=\"fusion-fullwidth fullwidth-box fusion-builder-row-1 fusion-flex-container nonhundred-percent-fullwidth non-hundred-percent-height-scrolling\" style=\"--awb-border-radius-top-left:0px;--awb-border-radius-top-right:0px;--awb-border-radius-bottom-right:0px;--awb-border-radius-bottom-left:0px;--awb-flex-wrap:wrap;\" ><div class=\"fusion-builder-row fusion-row fusion-flex-align-items-flex-start fusion-flex-content-wrap\" style=\"max-width:1248px;margin-left: calc(-4% \/ 2 );margin-right: calc(-4% \/ 2 );\"><div class=\"fusion-layout-column fusion_builder_column fusion-builder-column-0 fusion_builder_column_1_1 1_1 fusion-flex-column\" style=\"--awb-bg-size:cover;--awb-width-large:100%;--awb-margin-top-large:0px;--awb-spacing-right-large:1.92%;--awb-margin-bottom-large:0px;--awb-spacing-left-large:1.92%;--awb-width-medium:100%;--awb-spacing-right-medium:1.92%;--awb-spacing-left-medium:1.92%;--awb-width-small:100%;--awb-spacing-right-small:1.92%;--awb-spacing-left-small:1.92%;\"><div class=\"fusion-column-wrapper fusion-flex-justify-content-flex-start fusion-content-layout-column\"><div class=\"fusion-text fusion-text-1\"><p><em><span style=\"color: #33cccc;\">Escrito por: Entrevista <\/span><\/em><em><span style=\"color: #33cccc;\">de Universo MOLA<\/span><\/em><\/p>\n<p><span style=\"color: #c72e2e;\"><b>M\u00f3nica,<\/b><i><span style=\"font-weight: 400;\"> dise\u00f1adora y blogger de moda, docente en mercadeo y comunicaci\u00f3n de moda, asesor\u00eda de imagen y styling.<\/span><\/i><\/span><\/p>\n<p><span style=\"color: #c72e2e;\"><i><span style=\"font-weight: 400;\">Conecta con ella<\/span><\/i> <span style=\"color: #33cccc;\"><b><i>here.<\/i><\/b><\/span><\/span><\/p>\n<p><img decoding=\"async\" class=\"alignnone size-full wp-image-5451 lazyload\" data-src=\"http:\/\/desarrollosdeprueba.xyz\/universo_mola\/wp-content\/uploads\/2021\/08\/Captura192.png\" alt=\"\" width=\"323\" height=\"475\" data-srcset=\"https:\/\/universomola.com\/wp-content\/uploads\/2021\/08\/Captura192-200x294.png 200w, https:\/\/universomola.com\/wp-content\/uploads\/2021\/08\/Captura192-204x300.png 204w, https:\/\/universomola.com\/wp-content\/uploads\/2021\/08\/Captura192.png 323w\" data-sizes=\"(max-width: 323px) 100vw, 323px\" src=\"data:image\/svg+xml;base64,PHN2ZyB3aWR0aD0iMSIgaGVpZ2h0PSIxIiB4bWxucz0iaHR0cDovL3d3dy53My5vcmcvMjAwMC9zdmciPjwvc3ZnPg==\" style=\"--smush-placeholder-width: 323px; --smush-placeholder-aspect-ratio: 323\/475;\" \/><\/p>\n<p><b>\u00bfPor qu\u00e9 haces lo que haces?:<\/b><\/p>\n<p><span style=\"font-weight: 400;\">Siempre so\u00f1\u00e9 con ser Dise\u00f1adora de Moda, salir en grandes pasarelas y lanzar muchas colecciones, pero lo que nunca imagin\u00e9 era que estar\u00eda <\/span><b>literalmente tras los pasos de las marcas colombianas<\/b><span style=\"font-weight: 400;\">, para conocer sus procesos productivos, la inclusi\u00f3n social de cada una, destacar su mano de obra, y todo con el firme prop\u00f3sito de darlas a conocer al mundo con mis letras.\u00a0 Empec\u00e9 con mi blog a generar espacios en la <\/span><b>moda colombiana y latinoamericana<\/b><span style=\"font-weight: 400;\">, y con mi l\u00ednea de moda femenina a implementar un camino a la <\/span><b>sustainability<\/b><span style=\"font-weight: 400;\">\u00a0 reutilizando prendas, convirti\u00e9ndolas en piezas multiusos para la mujer multitask. Luego una l\u00ednea de turbantes que rescata nuestras <\/span><b>ra\u00edces afrocolombianas<\/b><span style=\"font-weight: 400;\">, pero que respeta una identidad cultural,\u00a0 adem\u00e1s de utilizar residuos textiles para su producci\u00f3n.\u00a0 Esto es realmente lo que amo hacer y aunque trabaj\u00e9 en un tiempo para empresas privadas en \u00e1reas totalmente diferentes, mi vida estaba destinada a seguir los caminos de la moda.\u00a0<\/span><\/p>\n<p><b>\u00bfQu\u00e9 es la sostenibilidad para ti?:<\/b><\/p>\n<p><span style=\"font-weight: 400;\">Para mi sostenibilidad es <\/span><b>\u201cConciencia\u201d,\u00a0 conciencia de querer permanecer en la l\u00ednea de tiempo, generando un impacto de valor positivo en la sociedad<\/b><span style=\"font-weight: 400;\">.\u00a0 Es\u00a0 sensibilizar\u00a0 desde nuestros emprendimientos u oficios sobre lo que podemos aportar para edificarnos en una conciencia m\u00e1s ambiental. \u00a0 Es un <\/span><b>cambio de paradigmas<\/b><span style=\"font-weight: 400;\"> que nos permiten resistir ante un consumo masivo y como logar un camino m\u00e1s estable para nuestro d\u00eda a d\u00eda, econom\u00eda y planeta.<\/span><\/p>\n<p><b>\u00bfCu\u00e1l es tu habito sostenible clave?:<\/b><\/p>\n<p><b>Comunicar con veracidad<\/b><span style=\"font-weight: 400;\">, siempre resaltando los valores propios de las marcas, esto a nivel del blog, en mi l\u00ednea de turbantes es aprovechar al m\u00e1ximo todos los residuos textiles posibles, y en mi hogar, reciclando, reutilizando, y ense\u00f1ado a mi ni\u00f1o que todo o la mayor\u00eda de las cosas, pueden volver a tener un nuevo uso.\u00a0<\/span><\/p>\n<p><b>\u00bfC\u00f3mo contagias el esp\u00edritu de sostenibilidad?:<\/b><\/p>\n<p><span style=\"font-weight: 400;\"><span style=\"color: #c72e2e;\">Lo contagio desde mis canales de comunicaci\u00f3n, desde mi sentir, mis conversaciones, desde actos peque\u00f1os pero significativos<\/span>.<\/span><span style=\"font-weight: 400;\"> Me gusta que mis estudiantes, amigos, personas que me rodean o seguidores, entiendan que esto no es s\u00f3lo moda, y les hago ver en cada una de mis letras, que todos podemos contagiarnos de este esp\u00edritu que no la hace da\u00f1o a nadie, por el contrario edifica.<\/span><\/p>\n<p><b>\u00bfUn sue\u00f1o?:<\/b><\/p>\n<p><span style=\"font-weight: 400;\">Con un mundo libre de desechos t\u00f3xicos, que los ni\u00f1os tengan un planeta digno para vivir, que la mayor\u00eda de las industrias al menos intenten en el camino a la sostenibilidad, y sue\u00f1o con vivir muchos a\u00f1os para seguir trabajando en esta causa.\u00a0<\/span><\/p>\n<p><b>\u00bfQu\u00e9 te gustar\u00eda cambiar en el mundo?:<\/b><\/p>\n<p><span style=\"font-weight: 400;\">Principalmente que todos tomemos conciencia de los actos que contaminan nuestro planeta,\u00a0 pero de verdad, no simples pa\u00f1os de agua tibia.\u00a0 Entender que un simple papel que no se destine al piso pero si a tu bolsa, esto marca la diferencia.\u00a0 Cambiar pol\u00edticas p\u00fablicas que apoyen procesos en la industria que contaminen o atente contra un h\u00e1bitat natural.<\/span><\/p>\n<p><b>\u00bfQu\u00e9 es para ti MOLA? <\/b><span style=\"font-weight: 400;\">\u00a0<\/span><\/p>\n<p><span style=\"font-weight: 400;\">M\u00e1s que un movimiento, <\/span><span style=\"color: #c72e2e;\"><b>para mi MOLA es una red humana<\/b><\/span><span style=\"font-weight: 400;\">, son lazos que tejemos para ir pro de una vida m\u00e1s sostenible. Es aportar desde nuestras experiencias profesionales a la construcci\u00f3n de un mundo mejor. <\/span><span style=\"font-weight: 400;\">\u00a0<\/span><\/p>\n<p><b>\u00bfQu\u00e9 destacas del trabajo de MOLA? \u00bfCu\u00e1l crees que es el impacto del movimiento?<\/b><\/p>\n<p><span style=\"font-weight: 400;\">Destaco que siempre se est\u00e1 en una b\u00fasqueda constante de esos pilares que construyen la sostenibilidad y que gracias a sus voces latinoamericanas lo estamos logrando. \u00a0 Para m\u00ed el impacto es llegar a lugares inimaginables gracias al mismo trabajo mencionado anteriormente, tocar corazones y empezar a generar esos cambios positivos en las personas que nos rodean. <\/span><span style=\"font-weight: 400;\">\u00a0<\/span><\/p>\n<p><b>\u00bfAlgo m\u00e1s que quieras aportar?<\/b><\/p>\n<p><span style=\"font-weight: 400;\">Sin pensarlo, pues siento que MOLA en m\u00ed ha despertado mucho m\u00e1s este sentir por la sostenibilidad y como, desde mi trabajo puedo impactar en red con todos mis compa\u00f1eros. Hablamos un mismo idioma y as\u00ed podemos lograr generar una conciencia ambiental, de inclusi\u00f3n y de valores importantes que hacen una marca, emprendimiento o causa.\u00a0<\/span><\/p>\n<p><b>Mi invitaci\u00f3n es a que hagas parte de MOLA, un movimiento que toca corazones, que trabaja incansablemente por construir un mundo m\u00e1s sostenible, que genera espacios importantes para crecer en equipo y que constantemente est\u00e1 compartiendo vivencias, proyectos, emprendimientos latinoamericanos para que t\u00fa los conozcas.<\/b><\/p>\n<\/div><\/div><\/div><\/div><\/div>","protected":false},"excerpt":{"rendered":"<p>Lorem ipsum dolor sit amet, consectetur adipiscing elit. Nam pharetra dictum eleifend. Sed posuere magna at luctus pretium. Aliquam ligula sem, aliquet sit amet nisi ac, dignissim porta ipsum.<\/p>","protected":false},"author":9,"featured_media":5452,"comment_status":"open","ping_status":"open","sticky":false,"template":"","format":"standard","meta":{"_monsterinsights_skip_tracking":false,"_monsterinsights_sitenote_active":false,"_monsterinsights_sitenote_note":"","_monsterinsights_sitenote_category":0,"footnotes":""},"categories":[40],"tags":[93,89,48,92,47,96,88],"class_list":["post-5447","post","type-post","status-publish","format-standard","has-post-thumbnail","hentry","category-blog","tag-disenadores-sostenibles","tag-moda-etica","tag-moda-latina","tag-moda-latinoamericana","tag-moda-sostenible","tag-moda-sustentable","tag-universo-mola"],"_links":{"self":[{"href":"https:\/\/universomola.com\/en\/wp-json\/wp\/v2\/posts\/5447","targetHints":{"allow":["GET"]}}],"collection":[{"href":"https:\/\/universomola.com\/en\/wp-json\/wp\/v2\/posts"}],"about":[{"href":"https:\/\/universomola.com\/en\/wp-json\/wp\/v2\/types\/post"}],"author":[{"embeddable":true,"href":"https:\/\/universomola.com\/en\/wp-json\/wp\/v2\/users\/9"}],"replies":[{"embeddable":true,"href":"https:\/\/universomola.com\/en\/wp-json\/wp\/v2\/comments?post=5447"}],"version-history":[{"count":1,"href":"https:\/\/universomola.com\/en\/wp-json\/wp\/v2\/posts\/5447\/revisions"}],"predecessor-version":[{"id":5454,"href":"https:\/\/universomola.com\/en\/wp-json\/wp\/v2\/posts\/5447\/revisions\/5454"}],"wp:featuredmedia":[{"embeddable":true,"href":"https:\/\/universomola.com\/en\/wp-json\/wp\/v2\/media\/5452"}],"wp:attachment":[{"href":"https:\/\/universomola.com\/en\/wp-json\/wp\/v2\/media?parent=5447"}],"wp:term":[{"taxonomy":"category","embeddable":true,"href":"https:\/\/universomola.com\/en\/wp-json\/wp\/v2\/categories?post=5447"},{"taxonomy":"post_tag","embeddable":true,"href":"https:\/\/universomola.com\/en\/wp-json\/wp\/v2\/tags?post=5447"}],"curies":[{"name":"wp","href":"https:\/\/api.w.org\/{rel}","templated":true}]}}