{"id":5456,"date":"2020-07-18T17:54:42","date_gmt":"2020-07-18T20:54:42","guid":{"rendered":"http:\/\/desarrollosdeprueba.xyz\/universo_mola\/?p=5456"},"modified":"2021-08-08T17:57:33","modified_gmt":"2021-08-08T20:57:33","slug":"midori-akamine-herencia-japonesa-en-argentina","status":"publish","type":"post","link":"https:\/\/universomola.com\/en\/midori-akamine-herencia-japonesa-en-argentina\/","title":{"rendered":"MIDORI AKAMINE, HERENCIA JAPONESA EN ARGENTINA"},"content":{"rendered":"<div class=\"fusion-fullwidth fullwidth-box fusion-builder-row-1 fusion-flex-container nonhundred-percent-fullwidth non-hundred-percent-height-scrolling\" style=\"--awb-border-radius-top-left:0px;--awb-border-radius-top-right:0px;--awb-border-radius-bottom-right:0px;--awb-border-radius-bottom-left:0px;--awb-flex-wrap:wrap;\" ><div class=\"fusion-builder-row fusion-row fusion-flex-align-items-flex-start fusion-flex-content-wrap\" style=\"max-width:1248px;margin-left: calc(-4% \/ 2 );margin-right: calc(-4% \/ 2 );\"><div class=\"fusion-layout-column fusion_builder_column fusion-builder-column-0 fusion_builder_column_1_1 1_1 fusion-flex-column\" style=\"--awb-bg-size:cover;--awb-width-large:100%;--awb-margin-top-large:0px;--awb-spacing-right-large:1.92%;--awb-margin-bottom-large:0px;--awb-spacing-left-large:1.92%;--awb-width-medium:100%;--awb-spacing-right-medium:1.92%;--awb-spacing-left-medium:1.92%;--awb-width-small:100%;--awb-spacing-right-small:1.92%;--awb-spacing-left-small:1.92%;\"><div class=\"fusion-column-wrapper fusion-flex-justify-content-flex-start fusion-content-layout-column\"><div class=\"fusion-text fusion-text-1\"><\/div><div class=\"fusion-text fusion-text-2\"><p><span style=\"font-weight: 400;\"><em><span style=\"color: #33cccc;\">Por Andrea de Iacovo, Voz del #UniversoMOLA Argentina<\/span><\/em>.\u00a0\u00a0<\/span><\/p>\n<p><span style=\"font-weight: 400;\">Hoy conversamos con<\/span><a href=\"https:\/\/www.instagram.com\/midoriakamine\/\"><b> Midori Akamine<\/b><\/a><span style=\"font-weight: 400;\">, dise\u00f1adora sustentable, sus dise\u00f1os llevan impreso un <\/span><b>ADN de arte ancestral japon\u00e9s.<\/b><\/p>\n<p><i><span style=\"font-weight: 400;\">\"<\/span><\/i><b><i>A m\u00ed me gusta mucho utilizar textiles que encuentro sean de otras personas o de otros emprendimientos o mismo de otras empresas<\/i><\/b><i><span style=\"font-weight: 400;\">. Poder utilizar estos materiales para poder hacer nuevas piezas me parece alucinante. Estoy difundiendo lo que es el <\/span><\/i><b><i>bordado japon\u00e9s<\/i><\/b><i><span style=\"font-weight: 400;\"> desde el nuevo valor que le damos al material que tenemos a mano y desde un lugar de conexi\u00f3n con lo que hacemos, prestando atenci\u00f3n a nuestro lenguaje corporal y lo que\u00a0 la mente nos est\u00e1 diciendo en ese momento de hacer puntada tras puntada.\u00bb<\/span><\/i><\/p>\n<p><b>1-<\/b> <b>La recuperaci\u00f3n textil y el m\u00e9todo zero waste qu\u00e9 utilizas en tu taller, \u00bfte ayuda a optimizar recursos a la hora de dise\u00f1ar, proyectar y producir? \u00bfEs m\u00e1s exhaustivo qu\u00e9 el modo tradicional de trabajar en indumentaria?<\/b><\/p>\n<p><span style=\"font-weight: 400;\">R\/ Si, la verdad que juntar todos los descartes de producci\u00f3n sea propios y de terceros es m\u00e1s complejo porque se requiere de mucho trabajo de confecci\u00f3n y planeamiento de los productos. La combinaci\u00f3n de los textiles y lograr una est\u00e9tica minimalista, versatil y con impronta japonesa no es f\u00e1cil cuando cont\u00e1s con los materiales que ten\u00e9s.<\/span><\/p>\n<p><b>2-<\/b><span style=\"font-weight: 400;\">\u00a0 <\/span><b>Brindas workshops sobre las mismas, al momento de armar las clases \u00bftienes un p\u00fablico objetivo o va orientado a un p\u00fablico en general?\u00a0<\/b><\/p>\n<p><span style=\"font-weight: 400;\">R\/ Armo los workshops pensando en que sea de utilidad, desde una perspectiva de consciencia del\u00a0 uso de los materiales que cada uno dispone. Adem\u00e1s\u00a0 la idea es que se encuentren conectados en esa actividad y la capacidad de poder valorar los procesos que lleva hacer un producto. <\/span><i><span style=\"font-weight: 400;\">Trato de incorporar un poco de la cultura japonesa en lo que voy ense\u00f1ando.<\/span><\/i><\/p>\n<p><b>3-<\/b><b> Contanos qu\u00e9 ideas, acciones y productos nuevos pudiste crear a partir de la pandemia.<\/b><\/p>\n<p><span style=\"font-weight: 400;\">R\/ <\/span><i><span style=\"font-weight: 400;\">Pude compartir mis conocimientos del bordado japon\u00e9s<\/span><\/i><span style=\"font-weight: 400;\">, ense\u00f1ar lo que significa el remiendo desde una perspectiva de hacerlo visible, y as\u00ed hacer vivos en instagram pudiendo acompa\u00f1ar a la distancia y poder brindar una nueva perspectiva de las cosas que tenemos y resignificar los materiales y las prendas que ten\u00edan. Ofrec\u00ed Kits de bordado, hacer \u00abtabi\u00bb,calcetines japoneses, con descartes textiles.\u00a0<\/span><\/p>\n<p><b>4-<\/b><b>\u00a0 Participaste del Fashion Manifesto de Universo MOLA en la Ciudad Vieja, Uruguay,\u00a0 el a\u00f1o pasado, contanos tu experiencia de participar en el mismo y c\u00f3mo conociste a Universo MOLA.<\/b><\/p>\n<p><span style=\"font-weight: 400;\">R\/ Fue una experiencia alucinante. Conectar con otros y compartir charlas y experiencias con personas que tienen valores muy similares, con prop\u00f3sitos de un mundo m\u00e1s sustentable fue hermoso.\u00a0 Conoc\u00ed Universo MOLA, gracias a Fedra, en una charla me coment\u00f3 el evento que se estaba por hacer y la verdad que pude asistir.<\/span><\/p>\n<p><b>5-<\/b><b> Tambi\u00e9n participas de un colectivo de mujeres dise\u00f1adoras sustentables, contanos quienes lo conforman y c\u00f3mo pudieron reinventarse a partir del confinamiento, ya que ustedes participaban en exposiciones al aire libre, eventos etc.<\/b><\/p>\n<p><span style=\"font-weight: 400;\">R\/ Formo parte de un colectivo de marcas que nos juntamos para participar de las Feria de Agronom\u00eda, la idea fue empezar con emprendimientos del rubro textil que trabajaran el recupero textil como una de las maneras de trabajo en cuanto al material. Fue una iniciativa de Lucila (de Reinventando Prendas) y Luciana (de Luma Baez), y me encant\u00f3 estar en contacto con estas mujeres que le ponen el cuerpo y apoyo activo. Se sum\u00f3 adem\u00e1s Cristina Oviedo, Flor (de Dacal) y Lau (de Proyecta Echaniz). Esperamos que se sumen otras dise\u00f1adoras m\u00e1s, que este colectivo crezca y generemos una comunidad donde el acompa\u00f1amiento sea codo a codo.<\/span><\/p>\n<p><b>6-<\/b><b> Mostranos al pie de la nota unos de tus packagings tan creativos qu\u00e9 entregas con tus prendas y contanos alguna an\u00e9cdota sobre los mismos.<\/b><\/p>\n<p><span style=\"font-weight: 400;\">R\/ Estoy usando varios tipos de packaging, empec\u00e9 a incorporar cajas de cartulina para que tengan una funci\u00f3n luego de la compra, las bolsas de papel terminan siendo deshechadas al minuto de cero de la compra. En la cuarentena desarroll\u00e9 unos barbijos con los descartes que una colega emprendedora me hab\u00eda dado, pero no ten\u00eda packaging armado. Al ir al taller a buscar elementos para trabajar en mi casa, vi los pappeles de moldes que ten\u00eda y empec\u00e9 a desarrollar sobres de origami, estos son compostables, y adem\u00e1s agrego parte de mi identidad al producto.<\/span><\/p>\n<p><b>\u00a0<\/b><b>7-<\/b><b> Por \u00faltimo, dejanos un tip saludable de esos que adoptas en tu vida diaria en alimentaci\u00f3n ayurv\u00e9dica.<\/b><\/p>\n<p><span style=\"font-weight: 400;\">R\/ Lo m\u00e1s importante, es que puedan incorporar cosas nuevas y de a poco ir reemplazando lo que quieren dejar de comer. Es un cambio lento, pero \u00e9ste es necesario para poder sostenerlo. Estar atentos a lo que el cuerpo nos pide, si nos pide salado, dulce, amargo. Cuidar los excesos. y buscar un bienestar an\u00edmico, <\/span><i><span style=\"font-weight: 400;\">ingerir pensando en que todo lo que comemos es energ\u00eda y decidir qu\u00e9 tipo de energ\u00eda queremos tener.<\/span><\/i><\/p>\n<p><span style=\"font-weight: 400;\">Cada vez m\u00e1s quiero empezar a trabajar con textiles recuperados, y con transformaciones de prendas que fueron heredadas, esas prendas que significan tanto para nosotros y que as\u00ed como est\u00e1n no pueden ser utilizadas. La idea es crear piezas \u00fanicas para que puedan lucirlo desde un lugar sentimental y con mucho cari\u00f1o.<\/span><\/p>\n<\/div><\/div><\/div><\/div><\/div>","protected":false},"excerpt":{"rendered":"<p>Lorem ipsum dolor sit amet, consectetur adipiscing elit. Nam pharetra dictum eleifend. Sed posuere magna at luctus pretium. Aliquam ligula sem, aliquet sit amet nisi ac, dignissim porta ipsum.<\/p>","protected":false},"author":9,"featured_media":5459,"comment_status":"open","ping_status":"open","sticky":false,"template":"","format":"standard","meta":{"_monsterinsights_skip_tracking":false,"_monsterinsights_sitenote_active":false,"_monsterinsights_sitenote_note":"","_monsterinsights_sitenote_category":0,"footnotes":""},"categories":[40],"tags":[93,91,89,48,92,47,96,90,88],"class_list":["post-5456","post","type-post","status-publish","format-standard","has-post-thumbnail","hentry","category-blog","tag-disenadores-sostenibles","tag-ethical-fashion","tag-moda-etica","tag-moda-latina","tag-moda-latinoamericana","tag-moda-sostenible","tag-moda-sustentable","tag-sustainable","tag-universo-mola"],"_links":{"self":[{"href":"https:\/\/universomola.com\/en\/wp-json\/wp\/v2\/posts\/5456","targetHints":{"allow":["GET"]}}],"collection":[{"href":"https:\/\/universomola.com\/en\/wp-json\/wp\/v2\/posts"}],"about":[{"href":"https:\/\/universomola.com\/en\/wp-json\/wp\/v2\/types\/post"}],"author":[{"embeddable":true,"href":"https:\/\/universomola.com\/en\/wp-json\/wp\/v2\/users\/9"}],"replies":[{"embeddable":true,"href":"https:\/\/universomola.com\/en\/wp-json\/wp\/v2\/comments?post=5456"}],"version-history":[{"count":1,"href":"https:\/\/universomola.com\/en\/wp-json\/wp\/v2\/posts\/5456\/revisions"}],"predecessor-version":[{"id":5460,"href":"https:\/\/universomola.com\/en\/wp-json\/wp\/v2\/posts\/5456\/revisions\/5460"}],"wp:featuredmedia":[{"embeddable":true,"href":"https:\/\/universomola.com\/en\/wp-json\/wp\/v2\/media\/5459"}],"wp:attachment":[{"href":"https:\/\/universomola.com\/en\/wp-json\/wp\/v2\/media?parent=5456"}],"wp:term":[{"taxonomy":"category","embeddable":true,"href":"https:\/\/universomola.com\/en\/wp-json\/wp\/v2\/categories?post=5456"},{"taxonomy":"post_tag","embeddable":true,"href":"https:\/\/universomola.com\/en\/wp-json\/wp\/v2\/tags?post=5456"}],"curies":[{"name":"wp","href":"https:\/\/api.w.org\/{rel}","templated":true}]}}