{"id":5457,"date":"2019-07-14T17:55:00","date_gmt":"2019-07-14T20:55:00","guid":{"rendered":"http:\/\/desarrollosdeprueba.xyz\/universo_mola\/?p=5457"},"modified":"2021-08-08T17:57:02","modified_gmt":"2021-08-08T20:57:02","slug":"upcyclar-suprareciclar","status":"publish","type":"post","link":"https:\/\/universomola.com\/en\/upcyclar-suprareciclar\/","title":{"rendered":"UPCYCLAR (SUPRARECICLAR)"},"content":{"rendered":"<div class=\"fusion-fullwidth fullwidth-box fusion-builder-row-1 fusion-flex-container nonhundred-percent-fullwidth non-hundred-percent-height-scrolling\" style=\"--awb-border-radius-top-left:0px;--awb-border-radius-top-right:0px;--awb-border-radius-bottom-right:0px;--awb-border-radius-bottom-left:0px;--awb-flex-wrap:wrap;\" ><div class=\"fusion-builder-row fusion-row fusion-flex-align-items-flex-start fusion-flex-content-wrap\" style=\"max-width:1248px;margin-left: calc(-4% \/ 2 );margin-right: calc(-4% \/ 2 );\"><div class=\"fusion-layout-column fusion_builder_column fusion-builder-column-0 fusion_builder_column_1_1 1_1 fusion-flex-column\" style=\"--awb-bg-size:cover;--awb-width-large:100%;--awb-margin-top-large:0px;--awb-spacing-right-large:1.92%;--awb-margin-bottom-large:0px;--awb-spacing-left-large:1.92%;--awb-width-medium:100%;--awb-spacing-right-medium:1.92%;--awb-spacing-left-medium:1.92%;--awb-width-small:100%;--awb-spacing-right-small:1.92%;--awb-spacing-left-small:1.92%;\"><div class=\"fusion-column-wrapper fusion-flex-justify-content-flex-start fusion-content-layout-column\"><div class=\"fusion-text fusion-text-1\"><p><em><span style=\"color: #33cccc;\">Escrito por: Noticias <\/span><\/em><em><span style=\"color: #33cccc;\">de Universo MOLA<\/span><\/em><\/p>\n<p><span style=\"font-weight: 400; color: #999999;\">Por Andrea de Iacovo, Voz del #UniversoMOLA Argentina<\/span><\/p>\n<p><span style=\"font-weight: 400;\">Tomar un objeto de manera diferente, creativa, con el fin de darle un nuevo valor agregado, una segunda opci\u00f3n. Este t\u00e9rmino ya se hab\u00eda acu\u00f1ado unos a\u00f1os antes, la idea aparece en el a\u00f1o 2003 en el libro \u00ab<\/span><b><i>Cradle to Cradle, remaking the way we make things\u00bb<\/i><\/b><span style=\"font-weight: 400;\"> ( de la cuna a la cuna redise\u00f1ando la forma en\u00a0 que hacemos las cosas ). Sus autores el qu\u00edmico alem\u00e1n Michael Braungart y el dise\u00f1ador estadounidense William Mc Donough afirman que <\/span><b>el sistema actual de reciclaje es en realidad un infra-reciclaje que s\u00f3lo consigue ralentizar el ciclo destructivo<\/b><span style=\"font-weight: 400;\">.\u00a0<\/span><\/p>\n<p><span style=\"font-weight: 400;\">\u00a0Cada vez m\u00e1s dise\u00f1adores y emprendedores sustentables utilizan materia prima recuperada, con descartes. <\/span><b>Tienen como objetivo disminuir el impacto ambiental<\/b><span style=\"font-weight: 400;\">, generando una econom\u00eda paralela, circular, bas\u00e1ndose en el aprovechamiento de recursos ya existentes. Tienen como bases una econom\u00eda paralela subproducto de un sistema capitalista, lo que para las grandes empresas e industrias es descarte, para ellos es una nueva posibilidad de creaci\u00f3n. <\/span><b>Generan un valor al residuo, excedente o sobrante industrial.<\/b><\/p>\n<p><span style=\"font-weight: 400;\">En Argentina, recientemente, se cre\u00f3 un directorio de upcycling, coordinado por la marca <\/span><b>12NA<\/b><span style=\"font-weight: 400;\"> , residente en Chile, el mismo directorio, contiene la informaci\u00f3n de todas las marcas latinoamericanas que se dedican a upcyclar.<\/span><\/p>\n<p><span style=\"font-weight: 400;\">Conversamos con Marian de 12NA y nos cont\u00f3 un poco, sobre el directorio, y cu\u00e1les fueron los motivos que lo llev\u00f3 a crearlo.<\/span><\/p>\n<p><span style=\"color: #cc0c0c;\"><b>\u00bfQui\u00e9nes, cu\u00e1ndo y d\u00f3nde crearon 12NA?<\/b><\/span><\/p>\n<p><span style=\"font-weight: 400;\">Somos Argentinos, el proyecto naci\u00f3 all\u00ed, comenzamos en el 2004 en un showroom en Palermo, y produciendo en San Antonio de Padua, junto a mi compa\u00f1era Mechi Martinez. Al poco tiempo nos trasladamos a Chile y all\u00ed el proyecto se convirti\u00f3 en plataforma ampli\u00e1ndose a otras \u00e1reas de trabajo como arte, activismo, \u00e1rea visual y educaci\u00f3n en Santiago nos afianzamos como una oficina creativa para finalmente en el a\u00f1o 2014 instalarnos en Valpara\u00edso y abrir nuestro concept store en Cerro Alegre y Atalaya ,un estudio en Playa Ancha un espacio abierto a la comunidad y de intercambio.\u00a0<\/span><\/p>\n<p><span style=\"color: #cc0c0c;\"><b>Para vos, \u00bfqu\u00e9 significa reciclar? \u00bfcu\u00e1l es el t\u00e9rmino adecuado de upcyclar? y \u00bfqu\u00e9 diferencias ves en \u00e9stos dos t\u00e9rminos?<\/b><\/span><\/p>\n<p><i><span style=\"font-weight: 400;\">Una forma de estar presente y ser consciente en el impacto que genera mi paso por el planeta cuestionando mis actos y procesos para hacerlos m\u00e1s eficientes\u00a0 y pensado en dejar el planeta en el mismo estado que lo recib\u00ed, tarea m\u00e1s d\u00edficil de lo que parece pero apasionante.<\/span><\/i><\/p>\n<p><span style=\"color: #cc0c0c;\"><b>\u00bfCu\u00e1les fueron los motivos para crear el directorio?<\/b><\/span><\/p>\n<p><span style=\"font-weight: 400;\">Lo venimos trabajando hace 3 a\u00f1os con Axel Melendez, dise\u00f1ador transmedial. <\/span><b>Sentimos la necesidad de actuar con otras personas que tengan los mismos principios de dise\u00f1o<\/b><span style=\"font-weight: 400;\">. Cuanto a nuestro proceso el t\u00e9rmino que utilizamos es doce\u00f1ar, una palabra nuestra para hacer de nuestro juego una mezcla de dise\u00f1o, reciclaje co- creaci\u00f3n, m\u00fasica en cuanto al movimiento prefiero la palabra <\/span><b>suprareciclaje<\/b><span style=\"font-weight: 400;\"> agregando valor mediante el proceso de transformaci\u00f3n,\u00a0<\/span><\/p>\n<p><span style=\"color: #cc0c0c;\"><b>\u00bfQu\u00e9 encontraste en Argentina de distinto o qu\u00e9 te sorprendi\u00f3 en el mismo ?<\/b><\/span><\/p>\n<p><span style=\"font-weight: 400;\">Lo que m\u00e1s me sorprendi\u00f3 <\/span><b>de la comunidad Argentina es que hay varios proyectos muy desarrollados con capacidad o potencial internacional<\/b><span style=\"font-weight: 400;\">, con ingenio,\u00a0 materiales innovadores, se articul\u00f3 muy bien en el grupo de WhatsApp intercambiando data y con una agenda natural y de mucha apertura.<\/span><\/p>\n<p><span style=\"color: #cc0c0c;\"><b>\u00bfC\u00f3mo se vive el upcycling en Chile?<\/b><\/span><\/p>\n<p><span style=\"font-weight: 400;\">Se vive con mucha intensidad, es un movimiento relativamente nuevo, de un enorme potencial, tenemos muchas marcas haci\u00e9ndolo muy bien, entendiendo lo importante de transparentar procesos, compartir y desarrollarse en comunidad.<\/span><\/p>\n<p><span style=\"font-weight: 400; color: #33cccc;\">CONOCE AQU\u00cd EL DIRECTORIO SUPRARECICLAJE<\/span><\/p>\n<p><b>Directorio de upcycladores en Argentina. Conoce algunas de las 40 marcas que lo componen:<\/b><\/p>\n<p><span style=\"font-weight: 400;\">Dacal \/ Reinventando prendas\u00a0 \/ Swahili fundas\u00a0 \/ Mailen Calvo dise\u00f1o consciente \/ Qualiaeyewear \/ Midori Akamine \/ Cirilo moda sustentable \/ Martha \/ 2 veces \/ Telare \/ Seniquela \/ Boobamara vegan shoes \/ Inquietus Bag \/ Carola Cornejo \/ Biotico \/ Luma Baez \/ Bruta \/ Echaniz \/ Sera vintage<\/span><\/p>\n<p><span style=\"font-weight: 400;\">En Argentina una gran upcycladora dej\u00f3 su legado con su marca BOP RECICLADO, Lorena Lagostena Lezica, cre\u00f3 su marca a partir de mangueras antiincendios y lonas de cami\u00f3n recuperados, trabaj\u00f3 \u00e9stos materiales at\u00edpicos con originalidad , capacitando talleristas y sin perder su impronta 100% personalizada.<\/span><\/p>\n<\/div><\/div><\/div><\/div><\/div>","protected":false},"excerpt":{"rendered":"<p>Lorem ipsum dolor sit amet, consectetur adipiscing elit. Nam pharetra dictum eleifend. Sed posuere magna at luctus pretium. Aliquam ligula sem, aliquet sit amet nisi ac, dignissim porta ipsum.<\/p>","protected":false},"author":9,"featured_media":5452,"comment_status":"open","ping_status":"open","sticky":false,"template":"","format":"standard","meta":{"_monsterinsights_skip_tracking":false,"_monsterinsights_sitenote_active":false,"_monsterinsights_sitenote_note":"","_monsterinsights_sitenote_category":0,"footnotes":""},"categories":[40],"tags":[93,89,48,92,47,96,88],"class_list":["post-5457","post","type-post","status-publish","format-standard","has-post-thumbnail","hentry","category-blog","tag-disenadores-sostenibles","tag-moda-etica","tag-moda-latina","tag-moda-latinoamericana","tag-moda-sostenible","tag-moda-sustentable","tag-universo-mola"],"_links":{"self":[{"href":"https:\/\/universomola.com\/en\/wp-json\/wp\/v2\/posts\/5457","targetHints":{"allow":["GET"]}}],"collection":[{"href":"https:\/\/universomola.com\/en\/wp-json\/wp\/v2\/posts"}],"about":[{"href":"https:\/\/universomola.com\/en\/wp-json\/wp\/v2\/types\/post"}],"author":[{"embeddable":true,"href":"https:\/\/universomola.com\/en\/wp-json\/wp\/v2\/users\/9"}],"replies":[{"embeddable":true,"href":"https:\/\/universomola.com\/en\/wp-json\/wp\/v2\/comments?post=5457"}],"version-history":[{"count":1,"href":"https:\/\/universomola.com\/en\/wp-json\/wp\/v2\/posts\/5457\/revisions"}],"predecessor-version":[{"id":5458,"href":"https:\/\/universomola.com\/en\/wp-json\/wp\/v2\/posts\/5457\/revisions\/5458"}],"wp:featuredmedia":[{"embeddable":true,"href":"https:\/\/universomola.com\/en\/wp-json\/wp\/v2\/media\/5452"}],"wp:attachment":[{"href":"https:\/\/universomola.com\/en\/wp-json\/wp\/v2\/media?parent=5457"}],"wp:term":[{"taxonomy":"category","embeddable":true,"href":"https:\/\/universomola.com\/en\/wp-json\/wp\/v2\/categories?post=5457"},{"taxonomy":"post_tag","embeddable":true,"href":"https:\/\/universomola.com\/en\/wp-json\/wp\/v2\/tags?post=5457"}],"curies":[{"name":"wp","href":"https:\/\/api.w.org\/{rel}","templated":true}]}}