{"id":5464,"date":"2020-07-24T18:01:10","date_gmt":"2020-07-24T21:01:10","guid":{"rendered":"http:\/\/desarrollosdeprueba.xyz\/universo_mola\/?p=5464"},"modified":"2021-08-08T18:08:48","modified_gmt":"2021-08-08T21:08:48","slug":"la-importancia-de-tomar-la-moda-como-patrimonio","status":"publish","type":"post","link":"https:\/\/universomola.com\/en\/la-importancia-de-tomar-la-moda-como-patrimonio\/","title":{"rendered":"LA IMPORTANCIA DE TOMAR LA MODA COMO PATRIMONIO"},"content":{"rendered":"<div class=\"fusion-fullwidth fullwidth-box fusion-builder-row-1 fusion-flex-container nonhundred-percent-fullwidth non-hundred-percent-height-scrolling\" style=\"--awb-border-radius-top-left:0px;--awb-border-radius-top-right:0px;--awb-border-radius-bottom-right:0px;--awb-border-radius-bottom-left:0px;--awb-flex-wrap:wrap;\" ><div class=\"fusion-builder-row fusion-row fusion-flex-align-items-flex-start fusion-flex-content-wrap\" style=\"max-width:1248px;margin-left: calc(-4% \/ 2 );margin-right: calc(-4% \/ 2 );\"><div class=\"fusion-layout-column fusion_builder_column fusion-builder-column-0 fusion_builder_column_1_1 1_1 fusion-flex-column\" style=\"--awb-bg-size:cover;--awb-width-large:100%;--awb-margin-top-large:0px;--awb-spacing-right-large:1.92%;--awb-margin-bottom-large:0px;--awb-spacing-left-large:1.92%;--awb-width-medium:100%;--awb-spacing-right-medium:1.92%;--awb-spacing-left-medium:1.92%;--awb-width-small:100%;--awb-spacing-right-small:1.92%;--awb-spacing-left-small:1.92%;\"><div class=\"fusion-column-wrapper fusion-flex-justify-content-flex-start fusion-content-layout-column\"><div class=\"fusion-text fusion-text-1\"><\/div><div class=\"fusion-text fusion-text-2\"><p><span style=\"color: #33cccc;\"><i><span style=\"font-weight: 400;\">Por Luisa Bedoya, Universo MOLA.\u00a0 \/ Imagen portada: selvajuana<\/span><\/i><\/span><\/p>\n<p><b>El Patrimonio es una riqueza amplia que nos identifica a todos, que refleja lo cultural, lo simb\u00f3lico y todo aquello inmaterial que nos hace como individuos. El patrimonio est\u00e1 con nosotros cotidianamente.<\/b><\/p>\n<p><span style=\"font-weight: 400;\">El patrimonio se mueve y se transforma en la medida en que crecemos y conocemos y exploramos nuevos lugares, culturas, espacios, momentos, entre otros. Y es precisamente esa variedad lo que hace la riqueza de Am\u00e9rica Latina.<\/span><\/p>\n<p><img decoding=\"async\" class=\"size-full wp-image-5465 aligncenter lazyload\" data-src=\"http:\/\/desarrollosdeprueba.xyz\/universo_mola\/wp-content\/uploads\/2021\/08\/30.png\" alt=\"\" width=\"1247\" height=\"307\" data-srcset=\"https:\/\/universomola.com\/wp-content\/uploads\/2021\/08\/30-200x49.png 200w, https:\/\/universomola.com\/wp-content\/uploads\/2021\/08\/30-300x74.png 300w, https:\/\/universomola.com\/wp-content\/uploads\/2021\/08\/30-400x98.png 400w, https:\/\/universomola.com\/wp-content\/uploads\/2021\/08\/30-500x123.png 500w, https:\/\/universomola.com\/wp-content\/uploads\/2021\/08\/30-600x148.png 600w, https:\/\/universomola.com\/wp-content\/uploads\/2021\/08\/30-700x172.png 700w, https:\/\/universomola.com\/wp-content\/uploads\/2021\/08\/30-768x189.png 768w, https:\/\/universomola.com\/wp-content\/uploads\/2021\/08\/30-800x197.png 800w, https:\/\/universomola.com\/wp-content\/uploads\/2021\/08\/30-1024x252.png 1024w, https:\/\/universomola.com\/wp-content\/uploads\/2021\/08\/30-1200x295.png 1200w, https:\/\/universomola.com\/wp-content\/uploads\/2021\/08\/30.png 1247w\" data-sizes=\"(max-width: 1247px) 100vw, 1247px\" src=\"data:image\/svg+xml;base64,PHN2ZyB3aWR0aD0iMSIgaGVpZ2h0PSIxIiB4bWxucz0iaHR0cDovL3d3dy53My5vcmcvMjAwMC9zdmciPjwvc3ZnPg==\" style=\"--smush-placeholder-width: 1247px; --smush-placeholder-aspect-ratio: 1247\/307;\" \/><\/p>\n<p><span style=\"font-weight: 400;\">Todos los seres humanos somos patrimonio en movimiento. Porque llevamos todas nuestra riqueza material e inmaterial y la evidenciamos en todo lo que hacemos.\u00a0<\/span><\/p>\n<p><span style=\"font-weight: 400;\">A su vez el patrimonio se refleja en la moda, en las identidades expresadas a trav\u00e9s de esta y que hoy en dia son\u00a0 adem\u00e1s el resultado de las movilidades humanas. Adem\u00e1s, la moda es un factor patrimonial muy fuerte ya que es un s\u00edmbolo de expresi\u00f3n cultural e identitario primario.\u00a0<\/span><\/p>\n<p><img decoding=\"async\" class=\"size-full wp-image-5466 aligncenter lazyload\" data-src=\"http:\/\/desarrollosdeprueba.xyz\/universo_mola\/wp-content\/uploads\/2021\/08\/30-1.png\" alt=\"\" width=\"1164\" height=\"296\" data-srcset=\"https:\/\/universomola.com\/wp-content\/uploads\/2021\/08\/30-1-200x51.png 200w, https:\/\/universomola.com\/wp-content\/uploads\/2021\/08\/30-1-300x76.png 300w, https:\/\/universomola.com\/wp-content\/uploads\/2021\/08\/30-1-400x102.png 400w, https:\/\/universomola.com\/wp-content\/uploads\/2021\/08\/30-1-500x127.png 500w, https:\/\/universomola.com\/wp-content\/uploads\/2021\/08\/30-1-600x153.png 600w, https:\/\/universomola.com\/wp-content\/uploads\/2021\/08\/30-1-700x178.png 700w, https:\/\/universomola.com\/wp-content\/uploads\/2021\/08\/30-1-768x195.png 768w, https:\/\/universomola.com\/wp-content\/uploads\/2021\/08\/30-1-800x203.png 800w, https:\/\/universomola.com\/wp-content\/uploads\/2021\/08\/30-1-1024x260.png 1024w, https:\/\/universomola.com\/wp-content\/uploads\/2021\/08\/30-1.png 1164w\" data-sizes=\"(max-width: 1164px) 100vw, 1164px\" src=\"data:image\/svg+xml;base64,PHN2ZyB3aWR0aD0iMSIgaGVpZ2h0PSIxIiB4bWxucz0iaHR0cDovL3d3dy53My5vcmcvMjAwMC9zdmciPjwvc3ZnPg==\" style=\"--smush-placeholder-width: 1164px; --smush-placeholder-aspect-ratio: 1164\/296;\" \/><\/p>\n<p><span style=\"font-weight: 400;\">Es por ello que, los trajes, culturas e historia han sido por a\u00f1os fuente de inspiraci\u00f3n para aquellos dise\u00f1adores que se preocupan por preservar el patrimonio cultural.\u00a0<\/span><\/p>\n<p><span style=\"font-weight: 400;\">Para finalizar cabe resaltar que,<\/span><span style=\"font-weight: 400;\"> their <\/span><span style=\"font-weight: 400;\">patrimonio cultural es un mosaico de expresiones culturales y creativas que almacena la herencia de nuestros antepasados y que se convertir\u00e1 en el legado para las generaciones del futuro.<\/span><\/p>\n<p><img decoding=\"async\" class=\"size-full wp-image-5467 aligncenter lazyload\" data-src=\"http:\/\/desarrollosdeprueba.xyz\/universo_mola\/wp-content\/uploads\/2021\/08\/30-2.png\" alt=\"\" width=\"1281\" height=\"301\" data-srcset=\"https:\/\/universomola.com\/wp-content\/uploads\/2021\/08\/30-2-200x47.png 200w, https:\/\/universomola.com\/wp-content\/uploads\/2021\/08\/30-2-300x70.png 300w, https:\/\/universomola.com\/wp-content\/uploads\/2021\/08\/30-2-400x94.png 400w, https:\/\/universomola.com\/wp-content\/uploads\/2021\/08\/30-2-500x117.png 500w, https:\/\/universomola.com\/wp-content\/uploads\/2021\/08\/30-2-600x141.png 600w, https:\/\/universomola.com\/wp-content\/uploads\/2021\/08\/30-2-700x164.png 700w, https:\/\/universomola.com\/wp-content\/uploads\/2021\/08\/30-2-768x180.png 768w, https:\/\/universomola.com\/wp-content\/uploads\/2021\/08\/30-2-800x188.png 800w, https:\/\/universomola.com\/wp-content\/uploads\/2021\/08\/30-2-1024x241.png 1024w, https:\/\/universomola.com\/wp-content\/uploads\/2021\/08\/30-2-1200x282.png 1200w, https:\/\/universomola.com\/wp-content\/uploads\/2021\/08\/30-2.png 1281w\" data-sizes=\"(max-width: 1281px) 100vw, 1281px\" src=\"data:image\/svg+xml;base64,PHN2ZyB3aWR0aD0iMSIgaGVpZ2h0PSIxIiB4bWxucz0iaHR0cDovL3d3dy53My5vcmcvMjAwMC9zdmciPjwvc3ZnPg==\" style=\"--smush-placeholder-width: 1281px; --smush-placeholder-aspect-ratio: 1281\/301;\" \/><\/p>\n<p><span style=\"font-weight: 400;\">\u00a0<\/span><\/p>\n<p><b>Sources:\u00a0<\/b><\/p>\n<p><span style=\"font-weight: 400;\">-Webinar construir una cultura de moda Latinoamericana\u00a0<\/span><\/p>\n<p><span style=\"font-weight: 400;\">-Podcast Am\u00e9rica Latina Pa&#8217;l Mundo: Moda y Patrimonio: \u00abEl traje como patrimonio cultural\u00bb<\/span><\/p>\n<p><span style=\"font-weight: 400;\">&#8211;<\/span><a href=\"http:\/\/www.saladeprensainexmoda.com\/la-moda-los-saberes-y-el-patrimonio-se-conjugaran-en-las-diferentes-puestas-en-escena-de-bcapital-2018\/\"><span style=\"font-weight: 400;\">http:\/\/www.saladeprensainexmoda.com\/la-moda-los-saberes-y-el-patrimonio-se-conjugaran-en-las-diferentes-puestas-en-escena-de-bcapital-2018\/<\/span><\/a><\/p>\n<\/div><\/div><\/div><\/div><\/div>","protected":false},"excerpt":{"rendered":"<p>Lorem ipsum dolor sit amet, consectetur adipiscing elit. Nam pharetra dictum eleifend. Sed posuere magna at luctus pretium. Aliquam ligula sem, aliquet sit amet nisi ac, dignissim porta ipsum.<\/p>","protected":false},"author":9,"featured_media":5468,"comment_status":"open","ping_status":"open","sticky":false,"template":"","format":"standard","meta":{"_monsterinsights_skip_tracking":false,"_monsterinsights_sitenote_active":false,"_monsterinsights_sitenote_note":"","_monsterinsights_sitenote_category":0,"footnotes":""},"categories":[40],"tags":[93,91,89,48,92,47,96,90,88],"class_list":["post-5464","post","type-post","status-publish","format-standard","has-post-thumbnail","hentry","category-blog","tag-disenadores-sostenibles","tag-ethical-fashion","tag-moda-etica","tag-moda-latina","tag-moda-latinoamericana","tag-moda-sostenible","tag-moda-sustentable","tag-sustainable","tag-universo-mola"],"_links":{"self":[{"href":"https:\/\/universomola.com\/en\/wp-json\/wp\/v2\/posts\/5464","targetHints":{"allow":["GET"]}}],"collection":[{"href":"https:\/\/universomola.com\/en\/wp-json\/wp\/v2\/posts"}],"about":[{"href":"https:\/\/universomola.com\/en\/wp-json\/wp\/v2\/types\/post"}],"author":[{"embeddable":true,"href":"https:\/\/universomola.com\/en\/wp-json\/wp\/v2\/users\/9"}],"replies":[{"embeddable":true,"href":"https:\/\/universomola.com\/en\/wp-json\/wp\/v2\/comments?post=5464"}],"version-history":[{"count":1,"href":"https:\/\/universomola.com\/en\/wp-json\/wp\/v2\/posts\/5464\/revisions"}],"predecessor-version":[{"id":5471,"href":"https:\/\/universomola.com\/en\/wp-json\/wp\/v2\/posts\/5464\/revisions\/5471"}],"wp:featuredmedia":[{"embeddable":true,"href":"https:\/\/universomola.com\/en\/wp-json\/wp\/v2\/media\/5468"}],"wp:attachment":[{"href":"https:\/\/universomola.com\/en\/wp-json\/wp\/v2\/media?parent=5464"}],"wp:term":[{"taxonomy":"category","embeddable":true,"href":"https:\/\/universomola.com\/en\/wp-json\/wp\/v2\/categories?post=5464"},{"taxonomy":"post_tag","embeddable":true,"href":"https:\/\/universomola.com\/en\/wp-json\/wp\/v2\/tags?post=5464"}],"curies":[{"name":"wp","href":"https:\/\/api.w.org\/{rel}","templated":true}]}}