{"id":5473,"date":"2019-07-23T18:09:47","date_gmt":"2019-07-23T21:09:47","guid":{"rendered":"http:\/\/desarrollosdeprueba.xyz\/universo_mola\/?p=5473"},"modified":"2021-08-08T18:12:36","modified_gmt":"2021-08-08T21:12:36","slug":"virginia-de-la-lana-al-diseno-2","status":"publish","type":"post","link":"https:\/\/universomola.com\/en\/virginia-de-la-lana-al-diseno-2\/","title":{"rendered":"VIRGINIA, DE LA LANA AL DISE\u00d1O"},"content":{"rendered":"<div class=\"fusion-fullwidth fullwidth-box fusion-builder-row-1 fusion-flex-container nonhundred-percent-fullwidth non-hundred-percent-height-scrolling\" style=\"--awb-border-radius-top-left:0px;--awb-border-radius-top-right:0px;--awb-border-radius-bottom-right:0px;--awb-border-radius-bottom-left:0px;--awb-flex-wrap:wrap;\" ><div class=\"fusion-builder-row fusion-row fusion-flex-align-items-flex-start fusion-flex-content-wrap\" style=\"max-width:1248px;margin-left: calc(-4% \/ 2 );margin-right: calc(-4% \/ 2 );\"><div class=\"fusion-layout-column fusion_builder_column fusion-builder-column-0 fusion_builder_column_1_1 1_1 fusion-flex-column\" style=\"--awb-bg-size:cover;--awb-width-large:100%;--awb-margin-top-large:0px;--awb-spacing-right-large:1.92%;--awb-margin-bottom-large:0px;--awb-spacing-left-large:1.92%;--awb-width-medium:100%;--awb-spacing-right-medium:1.92%;--awb-spacing-left-medium:1.92%;--awb-width-small:100%;--awb-spacing-right-small:1.92%;--awb-spacing-left-small:1.92%;\"><div class=\"fusion-column-wrapper fusion-flex-justify-content-flex-start fusion-content-layout-column\"><div class=\"fusion-text fusion-text-1\"><p><em><span style=\"color: #33cccc;\">Escrito por: Noticias <\/span><\/em><em><span style=\"color: #33cccc;\">de Universo MOLA<\/span><\/em><\/p>\n<p><span style=\"font-weight: 400;\">Por Gabriela De Laurentis, Voz del #UniversoMOLA Brasil<\/span><\/p>\n<p><span style=\"font-weight: 400;\">\u00a0<\/span><i><span style=\"font-weight: 400;\">O m\u00eas de julho \u00e9 um m\u00eas de alta temporada no turismo mundial. Uma forma de promover ainda mais o turismo e combater sua sazonalidade \u00e9 investir em outros tipos de turismo, al\u00e9m do turismo de lazer, tais como:<\/span><\/i><\/p>\n<ul>\n<li style=\"font-weight: 400;\" aria-level=\"1\"><i><span style=\"font-weight: 400;\">Turismo de Desenvolvimento \/ Turismo Social<\/span><\/i><\/li>\n<li style=\"font-weight: 400;\" aria-level=\"1\"><i><span style=\"font-weight: 400;\">Turismo Esportivo<\/span><\/i><\/li>\n<li style=\"font-weight: 400;\" aria-level=\"1\"><i><span style=\"font-weight: 400;\">Turismo de Sa\u00fade<\/span><\/i><\/li>\n<li style=\"font-weight: 400;\" aria-level=\"1\"><i><span style=\"font-weight: 400;\">Turismo de Eventos; entre outros.<\/span><\/i>&nbsp;<\/li>\n<\/ul>\n<p><span style=\"font-weight: 400;\">El mes de julio es un mes de alta temporada em el turismo mundial. <\/span><b>Una manera de promover m\u00e1s el turismo y combatir su temporalidad es invertir en otro tipo de turismo<\/b><span style=\"font-weight: 400;\">, m\u00e1s all\u00e1 del turismo del ocio, tales como:<\/span><\/p>\n<ul>\n<li style=\"font-weight: 400;\" aria-level=\"1\"><span style=\"font-weight: 400;\">Turismo de Desarrollo \/ Social<\/span><\/li>\n<li style=\"font-weight: 400;\" aria-level=\"1\"><span style=\"font-weight: 400;\">Turismo Deportivo<\/span><\/li>\n<li style=\"font-weight: 400;\" aria-level=\"1\"><span style=\"font-weight: 400;\">Turismo de Salud<\/span><\/li>\n<li style=\"font-weight: 400;\" aria-level=\"1\"><span style=\"font-weight: 400;\">Turismo de Eventos; entre otros.<\/span><\/li>\n<\/ul>\n<p><span style=\"font-weight: 400;\">\u00a0<\/span><\/p>\n<p><i><span style=\"font-weight: 400;\">No dia 4 de julho, o SEMIN\u00c1RIO TURISMO SOCIAL<\/span><\/i><i><span style=\"font-weight: 400;\">1<\/span><\/i><i><span style=\"font-weight: 400;\"> ministrado no Rio de Janeiro, Brasil, que faz parte do ciclo de debates \u00abTurismo &#8211; Cen\u00e1rios em Debate\u00bb, com o apoio da CNC (Confedera\u00e7\u00e3o Nacional de Bens, Servi\u00e7os e Turismo) e do SESC (Servi\u00e7o Social de Com\u00e9rcio), teve como objetivo discutir quest\u00f5es para promover o turismo social. Muito se discutiu sobre o novo viajante, cujas necessidades b\u00e1sicas n\u00e3o s\u00e3o essencialmente materiais, apesar da casa pr\u00f3pria ainda estar em primeiro lugar; os consumidores atuais s\u00e3o \u00abconsumidores de prazer\u00bb.<\/span><\/i><\/p>\n<p><span style=\"font-weight: 400;\">El 4 de julio se realiz\u00f3 en Rio de Janeiro, Brasil, el SEMIN\u00c1RIO TURISMO SOCIAL <\/span><span style=\"font-weight: 400;\">1<\/span><span style=\"font-weight: 400;\"> que hace parte del ciclo de debates \u201cTurismo \u2013 Escenarios em Debate\u201d, con el apoyo de CNC (Confederaci\u00f3n Nacional del Com\u00e9rcio de Bienes, Servicios y Turismo) y SESC (Servicio Social del Comercio), tuvo como objeto debatir cuestiones para\u00a0 promover el turismo social. Se habl\u00f3 mucho del <\/span><b>nuevo viajero<\/b><span style=\"font-weight: 400;\">, en cuyas necessidades b\u00e1sicas no son m\u00e1s esencialmente materiales, a pesar de la casa propia a\u00fan figurar en el 1<\/span><span style=\"font-weight: 400;\">er<\/span><span style=\"font-weight: 400;\"> lugar; <\/span><b>los consumidores actuales son \u201cconsumidores del placer\u201d<\/b><span style=\"font-weight: 400;\">.<\/span><\/p>\n<p><span style=\"color: #999999;\"><i><span style=\"font-weight: 400;\">Procura-se outro tipo de satisfa\u00e7\u00e3o; s\u00e3o consumidores de experi\u00eancia, de aprendizado e com maior consci\u00eancia ambiental. \u00c9 justamente nesse cen\u00e1rio que ocorre o turismo social. N\u00e3o se trata de assistencialismo, mas de uma nova dimens\u00e3o: um turismo de desenvolvimento.<\/span><\/i><\/span><\/p>\n<p><b>Buscan a otro tipo de satisfacci\u00f3n; son consumidores de experiencia, de aprendizaje, y con mayor consciencia ambiental.<\/b><span style=\"font-weight: 400;\"> Es justamente en ese escenario que ocurre el turismo social. No se trata de asistencialismo, y s\u00ed de una nueva dimensi\u00f3n: un turismo de desarrollo.<\/span><\/p>\n<p><span style=\"font-weight: 400;\">Segundo Sergio Rodriguez, presidente do OITS Americas (Organiza\u00e7\u00e3o Internacional do Turismo Social), o turismo de desenvolvimento est\u00e1 resumido nos 3 \u00abS\u00bb:<\/span><\/p>\n<ol>\n<li style=\"font-weight: 400;\" aria-level=\"1\"><span style=\"font-weight: 400;\">Sustent\u00e1vel (uso de recursos ambientais de longo prazo)<\/span><\/li>\n<li style=\"font-weight: 400;\" aria-level=\"1\"><span style=\"font-weight: 400;\">Solid\u00e1rio (acess\u00edvel, digno e adequado a todos os p\u00fablicos)<\/span><\/li>\n<li style=\"font-weight: 400;\" aria-level=\"1\"><span style=\"font-weight: 400;\">Socialmente respons\u00e1vel<\/span><\/li>\n<\/ol>\n<p><span style=\"font-weight: 400;\">\u00a0<\/span><\/p>\n<p><span style=\"font-weight: 400;\">Seg\u00fan Sergio Rodriguez, el presidente de la OITS Americas (Organizaci\u00f3n Internacional del Turismo Social), <\/span><b>el turismo de desarrollo se resume en las 3 \u201cS\u201d:<\/b><\/p>\n<ul>\n<li style=\"font-weight: 400;\" aria-level=\"1\"><span style=\"font-weight: 400;\">Sustentable (uso de los recursos ambientales a largo plazo)<\/span><\/li>\n<li style=\"font-weight: 400;\" aria-level=\"1\"><span style=\"font-weight: 400;\">Solid\u00e1rio (acesible, digno y apropriado a todos los p\u00fablicos)<\/span><\/li>\n<li style=\"font-weight: 400;\" aria-level=\"1\"><span style=\"font-weight: 400;\">Socialmente responsable<\/span><\/li>\n<\/ul>\n<p><span style=\"font-weight: 400;\">\u00a0<\/span><\/p>\n<p><span style=\"color: #999999;\"><i><span style=\"font-weight: 400;\">O conceito de antropocentrismo \u00e9 englobado no turismo social, que coloca a pessoa no centro, como protagonista. Deixamos de ser consumidores para ser cidad\u00e3os, que buscam um turismo com conte\u00fado, significado e responsabilidade. Ou seja, o turismo social n\u00e3o enxerga a pessoa como consumidor, mas como cidad\u00e3o.<\/span><\/i><\/span><\/p>\n<p><span style=\"font-weight: 400;\">El concepto de antropocentrismo es abarcado en el turismo social, lo cual pone la persona en el centro, como protagonista. Dejamos de ser consumidores para ser <\/span><span style=\"font-weight: 400;\">ciudadanos, que buscan un turismo con contenido, sentido y responsabilidad. <\/span><b>O sea, el turismo social no visualiza a la persona como consumidora, pero si como ciudadana.<\/b><\/p>\n<p><span style=\"color: #999999;\"><i><span style=\"font-weight: 400;\">Os benef\u00edcios sociais s\u00e3o explicados de acordo com Rodriguez da OITS Americas em:<\/span><\/i><\/span><\/p>\n<ol>\n<li style=\"font-weight: 400;\" aria-level=\"1\"><span style=\"color: #999999;\"><i><span style=\"font-weight: 400;\">Tecer redes de conviv\u00eancia<\/span><\/i><\/span><\/li>\n<li style=\"font-weight: 400;\" aria-level=\"1\"><span style=\"color: #999999;\"><i><span style=\"font-weight: 400;\">Voltar a ocupar os lugares<\/span><\/i><\/span><\/li>\n<li style=\"font-weight: 400;\" aria-level=\"1\"><span style=\"color: #999999;\"><i><span style=\"font-weight: 400;\">Construir e valorizar a identidade local<\/span><\/i><\/span><\/li>\n<\/ol>\n<p><span style=\"font-weight: 400; color: #999999;\">\u00a0<\/span><\/p>\n<p><span style=\"font-weight: 400;\">Los benef\u00edcios sociales se explican seg\u00fan Rodriguez de la OITS Americas en:<\/span><\/p>\n<ul>\n<li style=\"font-weight: 400;\" aria-level=\"1\"><span style=\"font-weight: 400;\">Tejer redes de convivencia<\/span><\/li>\n<li style=\"font-weight: 400;\" aria-level=\"1\"><span style=\"font-weight: 400;\">Volver a ocupar a los lugares<\/span><\/li>\n<li style=\"font-weight: 400;\" aria-level=\"1\"><span style=\"font-weight: 400;\">Construir y valorar a la identidad local<\/span><\/li>\n<\/ul>\n<p><i><span style=\"font-weight: 400;\">\u00a0<\/span><\/i><\/p>\n<p><i><span style=\"font-weight: 400;\">O turismo teve uma mudan\u00e7a de foco ao um turismo social, sustent\u00e1vel, \u00e9tico e respons\u00e1vel. A demanda das experi\u00eancias pode ser vista nas diferentes tribos \/ tipologias dos turistas atuais, como \u00e9 mencionado no relat\u00f3rio Amadeus <\/span><\/i><i><span style=\"font-weight: 400;\">2<\/span><\/i><i><span style=\"font-weight: 400;\">: \u201cFuture Traveler Tribes 2030\u201d.<\/span><\/i><\/p>\n<p><span style=\"color: #999999;\"><i><span style=\"font-weight: 400;\">O relat\u00f3rio prev\u00ea seis tipos de viajantes, ou \u00abtribos\u00bb, que s\u00e3o ou ser\u00e3o influentes no futuro. Ele destaca os \u00abpuristas culturais\u00bb que tratam suas viagens como uma oportunidade de romper completamente com sua vida cotidiana e realmente se comprometer com um modo de vida diferente.<\/span><\/i><\/span><\/p>\n<p><b>El turismo ha cambiado su enfoque a um turismo\u00a0 social, sustentable, \u00e9tico y responsable<\/b><span style=\"font-weight: 400;\">. La demanda de las experiencias puede ser vista en las diferentes tribus \/ tipologias de turistas actuales, como nombra el relatorio de Amadeus <\/span><span style=\"font-weight: 400;\">2<\/span><span style=\"font-weight: 400;\">: \u201cFuture Traveller Tribes 2030\u201d.\u00a0<\/span><\/p>\n<p><span style=\"font-weight: 400;\">El informe pronostica seis tipos de viajeros, o \u00abtribus\u00bb, que son o ser\u00e1n influyentes en el futuro. <\/span><b>Se destaca el tipo \u201clos puristas culturales\u201d que tratan sus viajes como una oportunidad para romperse por completo desde sus vidas hogare\u00f1as y comprometerse realmente con una forma diferente de vivir.<\/b><\/p>\n<p><i><span style=\"font-weight: 400;\">Algumas iniciativas de turismo social e turismo respons\u00e1vel no pa\u00eds e exterior podem ser apreciadas na p\u00e1gina web \/ blog de turismo sustent\u00e1vel Viajar Verde <\/span><\/i><i><span style=\"font-weight: 400;\">3. <\/span><\/i><i><span style=\"font-weight: 400;\">Como exemplo, pode-se citar o pr\u00eamio Braztoa de Sustentabilidade. Lan\u00e7ado em 2012 pela Associa\u00e7\u00e3o Brasileira das Operadoras de Turismo \u2013 Braztoa, o Pr\u00eamio \u00e9 primeiro no mundo a receber a chancela da OMT (Organiza\u00e7\u00e3o Mundial do Turismo) e o principal reconhecimento em turismo sustent\u00e1vel no Brasil.\u00a0<\/span><\/i><\/p>\n<p><span style=\"font-weight: 400;\">Algunas iniciativas de turismo social y de turismo responsable en el pa\u00eds y afuera pueden ser apreciadas en la p\u00e1gina web \/ blog de turismo sustentable <\/span><b>Viajar Verde<\/b> <span style=\"font-weight: 400;\">3<\/span><span style=\"font-weight: 400;\">.\u00a0<\/span><\/p>\n<p><span style=\"font-weight: 400;\">Como ejemplo, podemos mencionar el Premio Braztoa de Sostenibilidad. Lanzado en 2012 por la Asociaci\u00f3n Brasile\u00f1a de Operadores de Turismo &#8211; Braztoa, el Premio es el primero en el mundo en recibir el sello de la Organizaci\u00f3n Mundial del Turismo (OMC) y el principal reconocimiento en turismo sostenible en Brasil.<\/span><\/p>\n<p><i><span style=\"font-weight: 400;\">Refer\u00eancias \/ <\/span><\/i><i><span style=\"font-weight: 400;\">Referencias :<\/span><\/i><\/p>\n<p><i><span style=\"font-weight: 400;\">1\u00a0 SEMIN\u00c1RIO TURISMO SOCIAL- Confedera\u00e7\u00e3o Nacional do Com\u00e9rcio de Bens, Servi\u00e7os e Turismo (CNC):<\/span><\/i> <span style=\"color: #33cccc;\"><a style=\"color: #33cccc;\" href=\"http:\/\/cnc.org.br\/editorias\/turismo\/eventos\/turismo-cenarios-em-debate-turismo-social\"><i><span style=\"font-weight: 400;\">http:\/\/cnc.org.br\/editorias\/turismo\/eventos\/turismo-cenarios-em-debate-turismo-social<\/span><\/i><\/a><\/span><\/p>\n<p><i><span style=\"font-weight: 400;\">2 Future Traveller Tribes 2030: <\/span><\/i><a href=\"https:\/\/amadeus.com\/documents\/en\/retail-travel-agencies\/research-report\/amadeus-future-traveller-tribes-2030-report.pdf\"><i><span style=\"font-weight: 400;\"><span style=\"color: #33cccc;\">https:\/\/amadeus.com\/documents\/en\/retail-travel-agencies\/research-report\/amadeus-future-traveller-tribes-2030-report.pdf<\/span><\/span><\/i><\/a><\/p>\n<p><i><span style=\"font-weight: 400;\">3\u00a0 \u00a0 Blog Viajar Verde: <\/span><\/i><span style=\"color: #33cccc;\"><a style=\"color: #33cccc;\" href=\"http:\/\/www.viajarverde.com.br\/\"><i><span style=\"font-weight: 400;\">www.viajarverde.com.br<\/span><\/i><\/a><\/span><\/p>\n<p><i><span style=\"font-weight: 400;\">Foto: Est\u00e2ncia Ecol\u00f3gica do Sesc Pantanal \u2013 Pr\u00eamio de Sustentabilidade Braztoa 2019<\/span><\/i><\/p>\n<\/div><\/div><\/div><\/div><\/div>","protected":false},"excerpt":{"rendered":"<p>Lorem ipsum dolor sit amet, consectetur adipiscing elit. Nam pharetra dictum eleifend. Sed posuere magna at luctus pretium. Aliquam ligula sem, aliquet sit amet nisi ac, dignissim porta ipsum.<\/p>","protected":false},"author":9,"featured_media":5474,"comment_status":"open","ping_status":"open","sticky":false,"template":"","format":"standard","meta":{"_monsterinsights_skip_tracking":false,"_monsterinsights_sitenote_active":false,"_monsterinsights_sitenote_note":"","_monsterinsights_sitenote_category":0,"footnotes":""},"categories":[40],"tags":[93,89,48,92,47,96,88],"class_list":["post-5473","post","type-post","status-publish","format-standard","has-post-thumbnail","hentry","category-blog","tag-disenadores-sostenibles","tag-moda-etica","tag-moda-latina","tag-moda-latinoamericana","tag-moda-sostenible","tag-moda-sustentable","tag-universo-mola"],"_links":{"self":[{"href":"https:\/\/universomola.com\/en\/wp-json\/wp\/v2\/posts\/5473","targetHints":{"allow":["GET"]}}],"collection":[{"href":"https:\/\/universomola.com\/en\/wp-json\/wp\/v2\/posts"}],"about":[{"href":"https:\/\/universomola.com\/en\/wp-json\/wp\/v2\/types\/post"}],"author":[{"embeddable":true,"href":"https:\/\/universomola.com\/en\/wp-json\/wp\/v2\/users\/9"}],"replies":[{"embeddable":true,"href":"https:\/\/universomola.com\/en\/wp-json\/wp\/v2\/comments?post=5473"}],"version-history":[{"count":1,"href":"https:\/\/universomola.com\/en\/wp-json\/wp\/v2\/posts\/5473\/revisions"}],"predecessor-version":[{"id":5475,"href":"https:\/\/universomola.com\/en\/wp-json\/wp\/v2\/posts\/5473\/revisions\/5475"}],"wp:featuredmedia":[{"embeddable":true,"href":"https:\/\/universomola.com\/en\/wp-json\/wp\/v2\/media\/5474"}],"wp:attachment":[{"href":"https:\/\/universomola.com\/en\/wp-json\/wp\/v2\/media?parent=5473"}],"wp:term":[{"taxonomy":"category","embeddable":true,"href":"https:\/\/universomola.com\/en\/wp-json\/wp\/v2\/categories?post=5473"},{"taxonomy":"post_tag","embeddable":true,"href":"https:\/\/universomola.com\/en\/wp-json\/wp\/v2\/tags?post=5473"}],"curies":[{"name":"wp","href":"https:\/\/api.w.org\/{rel}","templated":true}]}}