{"id":5476,"date":"2020-07-31T18:13:00","date_gmt":"2020-07-31T21:13:00","guid":{"rendered":"http:\/\/desarrollosdeprueba.xyz\/universo_mola\/?p=5476"},"modified":"2021-08-08T18:19:07","modified_gmt":"2021-08-08T21:19:07","slug":"los-talleres-clandestinos-siguen-siendo-una-realidad-en-nuestros-dias","status":"publish","type":"post","link":"https:\/\/universomola.com\/en\/los-talleres-clandestinos-siguen-siendo-una-realidad-en-nuestros-dias\/","title":{"rendered":"LOS TALLERES CLANDESTINOS SIGUEN SIENDO UNA REALIDAD EN NUESTROS D\u00cdAS"},"content":{"rendered":"<div class=\"fusion-fullwidth fullwidth-box fusion-builder-row-1 fusion-flex-container nonhundred-percent-fullwidth non-hundred-percent-height-scrolling\" style=\"--awb-border-radius-top-left:0px;--awb-border-radius-top-right:0px;--awb-border-radius-bottom-right:0px;--awb-border-radius-bottom-left:0px;--awb-flex-wrap:wrap;\" ><div class=\"fusion-builder-row fusion-row fusion-flex-align-items-flex-start fusion-flex-content-wrap\" style=\"max-width:1248px;margin-left: calc(-4% \/ 2 );margin-right: calc(-4% \/ 2 );\"><div class=\"fusion-layout-column fusion_builder_column fusion-builder-column-0 fusion_builder_column_1_1 1_1 fusion-flex-column\" style=\"--awb-bg-size:cover;--awb-width-large:100%;--awb-margin-top-large:0px;--awb-spacing-right-large:1.92%;--awb-margin-bottom-large:0px;--awb-spacing-left-large:1.92%;--awb-width-medium:100%;--awb-spacing-right-medium:1.92%;--awb-spacing-left-medium:1.92%;--awb-width-small:100%;--awb-spacing-right-small:1.92%;--awb-spacing-left-small:1.92%;\"><div class=\"fusion-column-wrapper fusion-flex-justify-content-flex-start fusion-content-layout-column\"><div class=\"fusion-text fusion-text-1\"><\/div><div class=\"fusion-text fusion-text-2\"><p><span style=\"color: #33cccc;\"><i><span style=\"font-weight: 400;\">Por Luisa Bedoya, Universo MOLA.\u00a0 \/ Imagen portada: <\/span><\/i><a style=\"color: #33cccc;\" href=\"https:\/\/pe.fashionnetwork.com\/news\/Argentina-la-industria-textil-registra-un-50-de-trabajo-ilegal,542696.html\"><i><span style=\"font-weight: 400;\">Fashion Network<\/span><\/i><\/a><i><span style=\"font-weight: 400;\">.<\/span><\/i><\/span><\/p>\n<p><span style=\"font-weight: 400;\">En 2005, la Fundaci\u00f3n Liga Argentina por los Derechos Humanos (FLADH) present\u00f3 quejas ante la Oficina del Defensor P\u00fablico de Buenos Aires sobre la <\/span><b>participaci\u00f3n en la implementaci\u00f3n de talleres ilegales, violando las leyes sobre trabajo, residencia y migraci\u00f3n ya que estos estaban utilizando el trabajo esclavo de migrantes bolivianos en Argentina.\u00a0<\/b><\/p>\n<p><span style=\"font-weight: 400;\">El coordinador del programa de Erradicaci\u00f3n del Trabajo Esclavo , Renato Bignami, asegura que el n\u00famero de extranjeros rescatados por trabajos que se acercan a la esclavitud ha aumentado en los \u00faltimos a\u00f1os.\u00a0<\/span><\/p>\n<p><span style=\"font-weight: 400;\">Investigaciones afirman que los trabajadores son expuestos a contraer grandes deudas con los empleadores, hacer largas jornadas de trabajos forzados y padecer condiciones laborales degradantes. <\/span><b>Seg\u00fan La Alameda, el 78% de las prendas que se fabrican y venden proviene de mano de obra esclava (2015)<\/b><\/p>\n<p><span style=\"font-weight: 400;\">En el 2015, <\/span><span style=\"font-weight: 400;\">en el barrio porte\u00f1o de Flores, un taller textil clandestino que funcionaba en la calle P\u00e1ez tuvo un incendio en el que dos menores fallecieron.<\/span><\/p>\n<p><span style=\"font-weight: 400;\">Esto es fruto de Locales que tienen licencia para solo cuatro o cinco m\u00e1quinas, sin embargo, albergan en realidad m\u00e1s de treinta o cuarenta generando condiciones de hacinamiento, a su vez obligan a los trabajadores a vivir en los mismos talleres bajo condiciones precarias, teniendo tambi\u00e9n turnos laborales de m\u00e1s de catorce o diecis\u00e9is horas.\u00a0<\/span><\/p>\n<p><span style=\"font-weight: 400;\">Muchos de estos talleres cambian constantemente de domicilio con el fin de evitar controles o demandas. Por otro lado, cabe resaltar que estos talleres han ido mejorando sus condiciones de seguridad e higiene, esto sobretodo para evitar incendios, los cuales significan grandes p\u00e9rdidas de producci\u00f3n.\u00a0<\/span><\/p>\n<p><b>En el 2018, a\u00fan hombres Bolivianos, Paraguayos y Argentinos oriundos del NOA segu\u00edan siendo reclutados en el Estado Plurinacional de Bolivia <\/b><span style=\"font-weight: 400;\">\u00a0siendo enga\u00f1ados bajo la premisa de un futuro lleno de prosperidad. Sin embargo estos terminar\u00e1n endeudados por los costos del traslado, hacinados y explotados en talleres textiles,\u00a0 f\u00e1bricas o en fincas agr\u00edcolas ubicadas en su mayor\u00eda en la provincia de Buenos Aires.<\/span><\/p>\n<p><span style=\"font-weight: 400;\">All\u00ed a muchos les retendr\u00e1n los documentos, con el prop\u00f3sito de que no pudieran escaparse a denunciar o a huir del pa\u00eds. <\/span><b>En Julio del 2019 segu\u00edan trayendo personas vali\u00e9ndose de ofertas laborales enga\u00f1osas y los obligaban a trabajar en talleres textiles clandestinos.<\/b><span style=\"font-weight: 400;\"> Como resultado de un operativo llevado a cabo por la Polic\u00eda Federal Argentina en la provincia de Buenos Aires, dos v\u00edctimas de trata de personas con fines de explotaci\u00f3n laboral fueron rescatadas.<\/span><\/p>\n<p><span style=\"font-weight: 400;\">Imagen tomada de:<\/span><a href=\"https:\/\/www.argentina.gob.ar\/noticias\/allanamos-talleres-clandestinos-detuvimos-cuatro-personas-y-rescatamos-dos-victimas-de\"><span style=\"font-weight: 400;\"> https:\/\/www.argentina.gob.ar\/noticias\/allanamos-talleres-clandestinos-detuvimos-cuatro-personas-y-rescatamos-dos-victimas-de<\/span><\/a><\/p>\n<p><img decoding=\"async\" class=\"wp-image-5478 aligncenter lazyload\" data-src=\"http:\/\/desarrollosdeprueba.xyz\/universo_mola\/wp-content\/uploads\/2021\/08\/32.png\" alt=\"\" width=\"456\" height=\"342\" data-srcset=\"https:\/\/universomola.com\/wp-content\/uploads\/2021\/08\/32-200x150.png 200w, https:\/\/universomola.com\/wp-content\/uploads\/2021\/08\/32-300x225.png 300w, https:\/\/universomola.com\/wp-content\/uploads\/2021\/08\/32-400x300.png 400w, https:\/\/universomola.com\/wp-content\/uploads\/2021\/08\/32-500x375.png 500w, https:\/\/universomola.com\/wp-content\/uploads\/2021\/08\/32-600x450.png 600w, https:\/\/universomola.com\/wp-content\/uploads\/2021\/08\/32-700x525.png 700w, https:\/\/universomola.com\/wp-content\/uploads\/2021\/08\/32.png 734w\" data-sizes=\"(max-width: 456px) 100vw, 456px\" src=\"data:image\/svg+xml;base64,PHN2ZyB3aWR0aD0iMSIgaGVpZ2h0PSIxIiB4bWxucz0iaHR0cDovL3d3dy53My5vcmcvMjAwMC9zdmciPjwvc3ZnPg==\" style=\"--smush-placeholder-width: 456px; --smush-placeholder-aspect-ratio: 456\/342;\" \/><\/p>\n<p><span style=\"font-weight: 400;\">En septiembre del mismo a\u00f1o, fueron clausurados ocho talleres textiles que funcionaban sin habilitaci\u00f3n ni medidas de seguridad para los trabajadores en el complejo habitacional de \u00abVilla F\u00e1tima\u00bb, en el barrio porte\u00f1o de Villa Soldati. Adem\u00e1s, se decomisaron 99 m\u00e1quinas de uso textil- -entre estampadoras, costura, de corte, 189 bultos con indumentaria, 82 rollos de tela; 14 cajas con recortes de tela y 22 bultos de prendas varias con marca ap\u00f3crifa. Estos locales carec\u00edan de las m\u00ednimas condiciones de funcionamiento, seguridad e higiene.<\/span><\/p>\n<p style=\"text-align: center;\"><span style=\"font-weight: 400;\">Imagen tomada de:<\/span><a href=\"https:\/\/www.pagina12.com.ar\/221788-clausuran-ocho-talleres-clandestinos\"><span style=\"font-weight: 400;\"> https:\/\/www.pagina12.com.ar\/221788-clausuran-ocho-talleres-clandestinos<\/span><\/a><\/p>\n<p><img decoding=\"async\" class=\"wp-image-5482 aligncenter lazyload\" data-src=\"http:\/\/desarrollosdeprueba.xyz\/universo_mola\/wp-content\/uploads\/2021\/08\/32-1.png\" alt=\"\" width=\"479\" height=\"324\" data-srcset=\"https:\/\/universomola.com\/wp-content\/uploads\/2021\/08\/32-1-200x135.png 200w, https:\/\/universomola.com\/wp-content\/uploads\/2021\/08\/32-1-300x203.png 300w, https:\/\/universomola.com\/wp-content\/uploads\/2021\/08\/32-1-400x270.png 400w, https:\/\/universomola.com\/wp-content\/uploads\/2021\/08\/32-1-500x338.png 500w, https:\/\/universomola.com\/wp-content\/uploads\/2021\/08\/32-1-600x406.png 600w, https:\/\/universomola.com\/wp-content\/uploads\/2021\/08\/32-1.png 614w\" data-sizes=\"(max-width: 479px) 100vw, 479px\" src=\"data:image\/svg+xml;base64,PHN2ZyB3aWR0aD0iMSIgaGVpZ2h0PSIxIiB4bWxucz0iaHR0cDovL3d3dy53My5vcmcvMjAwMC9zdmciPjwvc3ZnPg==\" style=\"--smush-placeholder-width: 479px; --smush-placeholder-aspect-ratio: 479\/324;\" \/><\/p>\n<p><span style=\"font-weight: 400;\">Todos estos datos solo nos llevan a pensar que los talleres clandestinos y el uso de mano esclava sigue siendo una realidad en nuestros d\u00edas y aunque muchos sabemos que esto suele ser muy com\u00fan en paises asi\u00e1ticos, no podemos desconocer que esto tambi\u00e9n se vive en nuestro continente. <\/span><b>He ah\u00ed la importancia de conocer de donde proviene mi prenda y saber que cuando compro este tipo de ropa, tambi\u00e9n estoy apoyando la mano de obra esclava.\u00a0<\/b><\/p>\n<p><b>Sources:<\/b><\/p>\n<p><a href=\"http:\/\/www.laprensa.com.ar\/472348-El-drama-de-los-talleres-clandestinos.note.aspx\"><span style=\"font-weight: 400;\">http:\/\/www.laprensa.com.ar\/472348-El-drama-de-los-talleres-clandestinos.note.aspx<\/span><\/a><\/p>\n<p><a href=\"https:\/\/www.contagioradio.com\/talleres-clandestinos-la-explotacion-como-pan-de-cada-dia\/\"><span style=\"font-weight: 400;\">https:\/\/www.contagioradio.com\/talleres-clandestinos-la-explotacion-como-pan-de-cada-dia\/<\/span><\/a><\/p>\n<p><a href=\"https:\/\/www.infobae.com\/sociedad\/policiales\/2019\/01\/06\/bolivianos-explotados-en-talleres-textiles-las-principales-victimas-de-trata-en-2018\/\"><span style=\"font-weight: 400;\">https:\/\/www.infobae.com\/sociedad\/policiales\/2019\/01\/06\/bolivianos-explotados-en-talleres-textiles-las-principales-victimas-de-trata-en-2018\/<\/span><\/a><\/p>\n<p><a href=\"http:\/\/www.laizquierdadiario.com\/Taller-clandestino\"><span style=\"font-weight: 400;\">http:\/\/www.laizquierdadiario.com\/Taller-clandestino<\/span><\/a><\/p>\n<p><a href=\"https:\/\/www.pagina12.com.ar\/221788-clausuran-ocho-talleres-clandestinos\"><span style=\"font-weight: 400;\">https:\/\/www.pagina12.com.ar\/221788-clausuran-ocho-talleres-clandestinos<\/span><\/a><\/p>\n<p><a href=\"https:\/\/www.argentina.gob.ar\/noticias\/allanamos-talleres-clandestinos-detuvimos-cuatro-personas-y-rescatamos-dos-victimas-de\"><span style=\"font-weight: 400;\">https:\/\/www.argentina.gob.ar\/noticias\/allanamos-talleres-clandestinos-detuvimos-cuatro-personas-y-rescatamos-dos-victimas-de<\/span><span style=\"font-weight: 400;\"><br \/>\n<\/span><\/a><\/p>\n<\/div><\/div><\/div><\/div><\/div>","protected":false},"excerpt":{"rendered":"<p>Lorem ipsum dolor sit amet, consectetur adipiscing elit. Nam pharetra dictum eleifend. Sed posuere magna at luctus pretium. Aliquam ligula sem, aliquet sit amet nisi ac, dignissim porta ipsum.<\/p>","protected":false},"author":9,"featured_media":5483,"comment_status":"open","ping_status":"open","sticky":false,"template":"","format":"standard","meta":{"_monsterinsights_skip_tracking":false,"_monsterinsights_sitenote_active":false,"_monsterinsights_sitenote_note":"","_monsterinsights_sitenote_category":0,"footnotes":""},"categories":[40],"tags":[93,91,89,48,92,47,96,90,88],"class_list":["post-5476","post","type-post","status-publish","format-standard","has-post-thumbnail","hentry","category-blog","tag-disenadores-sostenibles","tag-ethical-fashion","tag-moda-etica","tag-moda-latina","tag-moda-latinoamericana","tag-moda-sostenible","tag-moda-sustentable","tag-sustainable","tag-universo-mola"],"_links":{"self":[{"href":"https:\/\/universomola.com\/en\/wp-json\/wp\/v2\/posts\/5476","targetHints":{"allow":["GET"]}}],"collection":[{"href":"https:\/\/universomola.com\/en\/wp-json\/wp\/v2\/posts"}],"about":[{"href":"https:\/\/universomola.com\/en\/wp-json\/wp\/v2\/types\/post"}],"author":[{"embeddable":true,"href":"https:\/\/universomola.com\/en\/wp-json\/wp\/v2\/users\/9"}],"replies":[{"embeddable":true,"href":"https:\/\/universomola.com\/en\/wp-json\/wp\/v2\/comments?post=5476"}],"version-history":[{"count":1,"href":"https:\/\/universomola.com\/en\/wp-json\/wp\/v2\/posts\/5476\/revisions"}],"predecessor-version":[{"id":5485,"href":"https:\/\/universomola.com\/en\/wp-json\/wp\/v2\/posts\/5476\/revisions\/5485"}],"wp:featuredmedia":[{"embeddable":true,"href":"https:\/\/universomola.com\/en\/wp-json\/wp\/v2\/media\/5483"}],"wp:attachment":[{"href":"https:\/\/universomola.com\/en\/wp-json\/wp\/v2\/media?parent=5476"}],"wp:term":[{"taxonomy":"category","embeddable":true,"href":"https:\/\/universomola.com\/en\/wp-json\/wp\/v2\/categories?post=5476"},{"taxonomy":"post_tag","embeddable":true,"href":"https:\/\/universomola.com\/en\/wp-json\/wp\/v2\/tags?post=5476"}],"curies":[{"name":"wp","href":"https:\/\/api.w.org\/{rel}","templated":true}]}}