{"id":5477,"date":"2019-07-24T18:14:51","date_gmt":"2019-07-24T21:14:51","guid":{"rendered":"http:\/\/desarrollosdeprueba.xyz\/universo_mola\/?p=5477"},"modified":"2021-08-08T18:16:31","modified_gmt":"2021-08-08T21:16:31","slug":"ana-carolina-abogada-empatica","status":"publish","type":"post","link":"https:\/\/universomola.com\/en\/ana-carolina-abogada-empatica\/","title":{"rendered":"ANA CAROLINA, ABOGADA EMP\u00c1TICA"},"content":{"rendered":"<div class=\"fusion-fullwidth fullwidth-box fusion-builder-row-1 fusion-flex-container nonhundred-percent-fullwidth non-hundred-percent-height-scrolling\" style=\"--awb-border-radius-top-left:0px;--awb-border-radius-top-right:0px;--awb-border-radius-bottom-right:0px;--awb-border-radius-bottom-left:0px;--awb-flex-wrap:wrap;\" ><div class=\"fusion-builder-row fusion-row fusion-flex-align-items-flex-start fusion-flex-content-wrap\" style=\"max-width:1248px;margin-left: calc(-4% \/ 2 );margin-right: calc(-4% \/ 2 );\"><div class=\"fusion-layout-column fusion_builder_column fusion-builder-column-0 fusion_builder_column_1_1 1_1 fusion-flex-column\" style=\"--awb-bg-size:cover;--awb-width-large:100%;--awb-margin-top-large:0px;--awb-spacing-right-large:1.92%;--awb-margin-bottom-large:0px;--awb-spacing-left-large:1.92%;--awb-width-medium:100%;--awb-spacing-right-medium:1.92%;--awb-spacing-left-medium:1.92%;--awb-width-small:100%;--awb-spacing-right-small:1.92%;--awb-spacing-left-small:1.92%;\"><div class=\"fusion-column-wrapper fusion-flex-justify-content-flex-start fusion-content-layout-column\"><div class=\"fusion-text fusion-text-1\"><p><em><span style=\"color: #33cccc;\">Escrito por: Entrevista <\/span><\/em><em><span style=\"color: #33cccc;\">de Universo MOLA<\/span><\/em><\/p>\n<p><span style=\"color: #c22323;\"><b>Ana Carolina,<\/b><i><span style=\"font-weight: 400;\"> abogada.<\/span><\/i><\/span><\/p>\n<p><span style=\"color: #c22323;\"><i><span style=\"font-weight: 400;\">Conecta con ella<\/span><\/i><span style=\"color: #33cccc;\">\u00a0<\/span><\/span><\/p>\n<p><img decoding=\"async\" class=\"alignnone size-full wp-image-5480 lazyload\" data-src=\"http:\/\/desarrollosdeprueba.xyz\/universo_mola\/wp-content\/uploads\/2021\/08\/Captura199.png\" alt=\"\" width=\"194\" height=\"288\" src=\"data:image\/svg+xml;base64,PHN2ZyB3aWR0aD0iMSIgaGVpZ2h0PSIxIiB4bWxucz0iaHR0cDovL3d3dy53My5vcmcvMjAwMC9zdmciPjwvc3ZnPg==\" style=\"--smush-placeholder-width: 194px; --smush-placeholder-aspect-ratio: 194\/288;\" \/><\/p>\n<p><b>\u00bfQu\u00e9 es la sostenibilidad para ti?:<\/b><\/p>\n<p><span style=\"font-weight: 400;\">Como concepto, entiendo que es la forma en que cubrimos nuestras necesidades en el presente pensando en no da\u00f1ar las generaciones futuras, como todos ya mas o menos sabemos. Para mi, es un d\u00eda a d\u00eda y un camino a recorrer, sembrado de peque\u00f1os y a veces no tan peque\u00f1os pero siempre valientes decisiones.<\/span><\/p>\n<p><b>\u00bfCu\u00e1l es tu habito sostenible clave?:<\/b><\/p>\n<p><span style=\"font-weight: 400;\">En cuanto a la indumentaria, el <\/span><b>slow fashion como concepto global<\/b><span style=\"font-weight: 400;\"> a la hora de elegir un producto. El comercio justo, la calidad de las materias primas utilizadas, la revaloraci\u00f3n de lo ancestral y lo propio (t\u00e9cnicas, materiales, personas que intervienen en desarrollo de productos)\u00a0\u00a0<\/span><\/p>\n<p><b>\u00bfC\u00f3mo contagias el esp\u00edritu de sostenibilidad?:<\/b><\/p>\n<p><span style=\"font-weight: 400;\">Simplemente <\/span><b>habl\u00e1ndolo<\/b><span style=\"font-weight: 400;\">, contando a la gente de qu\u00e9 se trata, intentando que entiendan lo valiosos que somos como consumidores a la hora de aportar en una cadena determinada.\u00a0<\/span><\/p>\n<p><b>\u00bfUn sue\u00f1o?:<\/b><\/p>\n<p><span style=\"font-weight: 400;\">Poder transmitir mis ideas y mis conocimientos a un publico global. Ver consumidores responsables que marquen a las marcas el camino de la nueva tendencia, la sostenibilidad.<\/span><\/p>\n<p><b>\u00bfQu\u00e9 te gustar\u00eda cambiar en el mundo?:<\/b><\/p>\n<p><span style=\"font-weight: 400;\">Uf much\u00edsimas cosas. Si tengo que elegir una, que ning\u00fan ni\u00f1o sea agredido de ninguna manera, en su cuerpo, en su mente, ni en su espiritualidad.\u00a0<\/span><\/p>\n<p><b>\u00bfQu\u00e9 es para ti MOLA? <\/b><span style=\"font-weight: 400;\">\u00a0<\/span><\/p>\n<p><span style=\"font-weight: 400;\">Es un lugar de encuentro para compartir saberes y experiencias. <\/span><b>Es la plataforma por la que desde Latinoam\u00e9rica le mostramos al mundo cuan responsables somos y que camino queremos seguir.<\/b><\/p>\n<p><span style=\"font-weight: 400;\">\u00a0<\/span><\/p>\n<p><b>\u00bfQu\u00e9 destacas del trabajo de MOLA? \u00bfCu\u00e1l crees que es el impacto del movimiento?<\/b><\/p>\n<p><span style=\"font-weight: 400;\">El impacto del movimiento creo que se destaca desde el foco regional. Es decir no es una mirada de un grupo. Es una mirada de pa\u00edses que conformamos una regi\u00f3n fuerte, que cada vez de manera m\u00e1s visible levanta la mano y abre los ojos del mundo. Es mostrar lo nuestro, nuestros artesanos, nuestro dise\u00f1o, nuestro lujo inigualable desde nuestras ra\u00edces.<\/span><\/p>\n<p><span style=\"font-weight: 400;\">MOLA es esfuerzo y gratificaci\u00f3n. <\/span><b>MOLA es el universo en Latinoam\u00e9rica.<\/b><span style=\"font-weight: 400;\"> MOLA es la fuerza de sus creadores y el granito de arena que podemos aportar el resto.<\/span><\/p>\n<p><b>\u00bfAlgo m\u00e1s que quieras aportar?<\/b><\/p>\n<p><span style=\"font-weight: 400;\">Invito a quienes piensan que adem\u00e1s del Planeta, tenemos que pensar en nosotros, que somos quienes lo habitamos, los invito a ser parte de MOLA. A quienes sientan un poquito de curiosidad cuando leen la palabra \u201csostenible\u201d, y a quienes no, los invito tambi\u00e9n para que no se pierdan la oportunidad de conocer el #universoMOLA que habitamos.<\/span><\/p>\n<\/div><\/div><\/div><\/div><\/div>","protected":false},"excerpt":{"rendered":"<p>Lorem ipsum dolor sit amet, consectetur adipiscing elit. Nam pharetra dictum eleifend. Sed posuere magna at luctus pretium. Aliquam ligula sem, aliquet sit amet nisi ac, dignissim porta ipsum.<\/p>","protected":false},"author":9,"featured_media":5479,"comment_status":"open","ping_status":"open","sticky":false,"template":"","format":"standard","meta":{"_monsterinsights_skip_tracking":false,"_monsterinsights_sitenote_active":false,"_monsterinsights_sitenote_note":"","_monsterinsights_sitenote_category":0,"footnotes":""},"categories":[40],"tags":[93,89,48,92,47,96,88],"class_list":["post-5477","post","type-post","status-publish","format-standard","has-post-thumbnail","hentry","category-blog","tag-disenadores-sostenibles","tag-moda-etica","tag-moda-latina","tag-moda-latinoamericana","tag-moda-sostenible","tag-moda-sustentable","tag-universo-mola"],"_links":{"self":[{"href":"https:\/\/universomola.com\/en\/wp-json\/wp\/v2\/posts\/5477","targetHints":{"allow":["GET"]}}],"collection":[{"href":"https:\/\/universomola.com\/en\/wp-json\/wp\/v2\/posts"}],"about":[{"href":"https:\/\/universomola.com\/en\/wp-json\/wp\/v2\/types\/post"}],"author":[{"embeddable":true,"href":"https:\/\/universomola.com\/en\/wp-json\/wp\/v2\/users\/9"}],"replies":[{"embeddable":true,"href":"https:\/\/universomola.com\/en\/wp-json\/wp\/v2\/comments?post=5477"}],"version-history":[{"count":1,"href":"https:\/\/universomola.com\/en\/wp-json\/wp\/v2\/posts\/5477\/revisions"}],"predecessor-version":[{"id":5481,"href":"https:\/\/universomola.com\/en\/wp-json\/wp\/v2\/posts\/5477\/revisions\/5481"}],"wp:featuredmedia":[{"embeddable":true,"href":"https:\/\/universomola.com\/en\/wp-json\/wp\/v2\/media\/5479"}],"wp:attachment":[{"href":"https:\/\/universomola.com\/en\/wp-json\/wp\/v2\/media?parent=5477"}],"wp:term":[{"taxonomy":"category","embeddable":true,"href":"https:\/\/universomola.com\/en\/wp-json\/wp\/v2\/categories?post=5477"},{"taxonomy":"post_tag","embeddable":true,"href":"https:\/\/universomola.com\/en\/wp-json\/wp\/v2\/tags?post=5477"}],"curies":[{"name":"wp","href":"https:\/\/api.w.org\/{rel}","templated":true}]}}