{"id":5484,"date":"2019-07-24T18:19:11","date_gmt":"2019-07-24T21:19:11","guid":{"rendered":"http:\/\/desarrollosdeprueba.xyz\/universo_mola\/?p=5484"},"modified":"2021-08-08T18:21:44","modified_gmt":"2021-08-08T21:21:44","slug":"marcas-colombianas-que-se-construyen-en-base-de-una-moda-mas-sostenible","status":"publish","type":"post","link":"https:\/\/universomola.com\/en\/marcas-colombianas-que-se-construyen-en-base-de-una-moda-mas-sostenible\/","title":{"rendered":"MARCAS COLOMBIANAS QUE SE CONSTRUYEN EN BASE DE UNA MODA M\u00c1S SOSTENIBLE"},"content":{"rendered":"<div class=\"fusion-fullwidth fullwidth-box fusion-builder-row-1 fusion-flex-container nonhundred-percent-fullwidth non-hundred-percent-height-scrolling\" style=\"--awb-border-radius-top-left:0px;--awb-border-radius-top-right:0px;--awb-border-radius-bottom-right:0px;--awb-border-radius-bottom-left:0px;--awb-flex-wrap:wrap;\" ><div class=\"fusion-builder-row fusion-row fusion-flex-align-items-flex-start fusion-flex-content-wrap\" style=\"max-width:1248px;margin-left: calc(-4% \/ 2 );margin-right: calc(-4% \/ 2 );\"><div class=\"fusion-layout-column fusion_builder_column fusion-builder-column-0 fusion_builder_column_1_1 1_1 fusion-flex-column\" style=\"--awb-bg-size:cover;--awb-width-large:100%;--awb-margin-top-large:0px;--awb-spacing-right-large:1.92%;--awb-margin-bottom-large:0px;--awb-spacing-left-large:1.92%;--awb-width-medium:100%;--awb-spacing-right-medium:1.92%;--awb-spacing-left-medium:1.92%;--awb-width-small:100%;--awb-spacing-right-small:1.92%;--awb-spacing-left-small:1.92%;\"><div class=\"fusion-column-wrapper fusion-flex-justify-content-flex-start fusion-content-layout-column\"><div class=\"fusion-text fusion-text-1\"><p><em><span style=\"color: #33cccc;\">Escrito por: Noticias <\/span><\/em><em><span style=\"color: #33cccc;\">de Universo MOLA<\/span><\/em><\/p>\n<p><span style=\"font-weight: 400;\">Por Voces del #UniversoMOLA Colombia<\/span><\/p>\n<p><span style=\"font-weight: 400;\">En la industria de la moda colombiana se est\u00e1 empezando a hablar de moda sostenible desde lo consciente y tambi\u00e9n como una tendencia que todos quieren seguir.\u00a0 As\u00ed como dice el dicho: \u201cPara donde va Vicente&#8230; va toda la gente\u201d. <\/span><b>Pero muchas veces nos preguntamos si las marcas y\/o dise\u00f1adores,\u00a0 tienen claro c\u00f3mo soportan la sostenibilidad en sus procesos o productos.<\/b><span style=\"font-weight: 400;\">\u00a0<\/span><\/p>\n<p><span style=\"font-weight: 400;\">Es por este motivo, que llegan las Voces MOLA Colombia con un nuevo post\u00a0 en donde queremos <\/span><b>resaltar el trabajo de dos marcas muy colombianas<\/b><span style=\"font-weight: 400;\"> que sin duda, se encaminan en una moda m\u00e1s consciente.<\/span><\/p>\n<p><span style=\"font-weight: 400;\">Nuestra principal intenci\u00f3n es poder llegar a muchos rincones en el mundo y que conozcan de emprendimientos como estos, que tienen muy claro los pasos o procesos que se deben seguir para entregar colecciones que aporten a la conservaci\u00f3n de nuestro medio ambiente, inclusi\u00f3n, responsabilidad social y todos los pilares que soportan una marca sostenible.\u00a0<\/span><\/p>\n<p><span style=\"font-weight: 400;\">En las \u00faltimas semanas hemos le\u00eddo y escuchado que la sostenibilidad es un <\/span><i><span style=\"font-weight: 400;\">boom,<\/span><\/i><span style=\"font-weight: 400;\"> sin embargo se va convirtiendo en algo superfluo y\u00a0 de redes. Lo que pretendemos todos los actores o personas que estamos involucrados de manera directa o indirecta, es <\/span><b>prepararnos y prepararlos para un futuro sostenible,<\/b><span style=\"font-weight: 400;\"> con menos desperdicios de agua, energ\u00eda y bolsas pl\u00e1sticas.\u00a0<\/span><\/p>\n<p><span style=\"font-weight: 400;\">Y en esta b\u00fasqueda de referentes en Colombia, van llegando marcas muy interesantes que debemos conocer para entender un poco sus inicios y prop\u00f3sitos.\u00a0 A continuaci\u00f3n nuestras dos elegidas:<\/span><\/p>\n<p><b><i>ANDREA SERNA, <\/i><\/b><i><span style=\"font-weight: 400;\">una<\/span><\/i><span style=\"font-weight: 400;\"> marca que nace en el seno de su hogar, pues su dise\u00f1adora viv\u00eda inmersa en el trabajo de modista que realizaba su Mam\u00e1, raz\u00f3n suficiente para tomar este camino.\u00a0 <\/span><i><span style=\"font-weight: 400;\">\u201cMi mam\u00e1 tiene 51 a\u00f1os y lleva m\u00e1s de 20 siendo una modista con un trabajo exquisito; me ense\u00f1\u00f3 a envolver a mis mu\u00f1ecas en los retales de tela, me dejaba maquillarlas con marcadores y cortarles el pelo seg\u00fan el vestido que hab\u00eda \u201ccreado\u201d a partir de las telas que recog\u00eda de una canasta\u201d \u2013 cuenta Andrea.\u00a0<\/span><\/i><\/p>\n<p><img decoding=\"async\" class=\"alignnone size-full wp-image-5488 lazyload\" data-src=\"http:\/\/desarrollosdeprueba.xyz\/universo_mola\/wp-content\/uploads\/2021\/08\/Captura201.png\" alt=\"\" width=\"510\" height=\"497\" data-srcset=\"https:\/\/universomola.com\/wp-content\/uploads\/2021\/08\/Captura201-200x195.png 200w, https:\/\/universomola.com\/wp-content\/uploads\/2021\/08\/Captura201-300x292.png 300w, https:\/\/universomola.com\/wp-content\/uploads\/2021\/08\/Captura201-400x390.png 400w, https:\/\/universomola.com\/wp-content\/uploads\/2021\/08\/Captura201-500x487.png 500w, https:\/\/universomola.com\/wp-content\/uploads\/2021\/08\/Captura201.png 510w\" data-sizes=\"(max-width: 510px) 100vw, 510px\" src=\"data:image\/svg+xml;base64,PHN2ZyB3aWR0aD0iMSIgaGVpZ2h0PSIxIiB4bWxucz0iaHR0cDovL3d3dy53My5vcmcvMjAwMC9zdmciPjwvc3ZnPg==\" style=\"--smush-placeholder-width: 510px; --smush-placeholder-aspect-ratio: 510\/497;\" \/><\/p>\n<p><b>Dirigida a mujeres que buscan autenticidad y todo libre de prejuicios.<\/b><span style=\"font-weight: 400;\"> La marca de Andrea tiene voz en cada uno de sus dise\u00f1os, pues todos gritan libertad. \u00a0 Resaltar la figura de la mujer es uno de sus prop\u00f3sitos y para ella la moda est\u00e1 en todo: en el cielo, en los \u00e1rboles, la comida, en las manos de un artesano.\u00a0<\/span><\/p>\n<p><span style=\"font-weight: 400;\">Su concepto lo define como <\/span><b>org\u00e1nico<\/b><span style=\"font-weight: 400;\"> y cree firmemente que la mujer debe sentirse en plena libertad de elegir lo que m\u00e1s se adapte a su estilo, a su diario vivir. Esta marca colombiana la podemos encontrar ciudades como Medell\u00edn y Manizales y en redes como @asmodasostenible y @mercadodetox \u2013\u00a0<\/span><\/p>\n<p><span style=\"font-weight: 400;\">Camila, Voz MOLA Colombia por Bogot\u00e1, le pregunt\u00f3 a Andrea sobre sus planes con la marca\u00a0 y c\u00f3mo\u00a0 aporta a la moda sostenible en el pa\u00eds:\u00a0\u00a0<\/span><\/p>\n<p><i><span style=\"font-weight: 400;\">\u201cHace 8 meses abrimos nuestra plataforma para la venta y compra de ropa de segunda mano y la bautizamos <\/span><\/i><b><i>MERCADO DETOX<\/i><\/b><i><span style=\"font-weight: 400;\">; una forma de desintoxicar tu closet de las prendas que ya no usas y devolverlas al ciclo encontr\u00e1ndoles un segundo due\u00f1o, as\u00ed nos aseguramos de minimizar el desecho que producimos con la moda.<\/span><\/i><\/p>\n<p><i><span style=\"font-weight: 400;\">Tambi\u00e9n abrimos las puertas de <\/span><\/i><b><i>El Laboratorio<\/i><\/b><i><span style=\"font-weight: 400;\"> (en redes como @delab.co) en donde vamos a mostrarles todo el proceso que viven las prendas cuando son intervenidas y tienen una segunda oportunidad de vida. Estamos empezando a hacer colaboraciones con artesanos y artistas colombianos para sacar piezas \u00fanicas con un valor art\u00edstico impresionante.<\/span><\/i><\/p>\n<p><i><span style=\"font-weight: 400;\">\u00a1Vamos a hacer cruces de talentos para que resulten especies llenas de moda!\u00bb<\/span><\/i><\/p>\n<p><span style=\"font-weight: 400;\">Ahora el turno es para otra marca muy colombiana llamada <\/span><b><i>ENTREAGUAS WEARABLE ART<\/i><\/b><span style=\"font-weight: 400;\">, y su dise\u00f1adora Natalia Botero con un equipo de trabajo que producen verdaderas obras de arte para el universo swimwear.<\/span><\/p>\n<p><img decoding=\"async\" class=\"alignnone size-full wp-image-5487 lazyload\" data-src=\"http:\/\/desarrollosdeprueba.xyz\/universo_mola\/wp-content\/uploads\/2021\/08\/Captura200.png\" alt=\"\" width=\"271\" height=\"408\" data-srcset=\"https:\/\/universomola.com\/wp-content\/uploads\/2021\/08\/Captura200-199x300.png 199w, https:\/\/universomola.com\/wp-content\/uploads\/2021\/08\/Captura200-200x301.png 200w, https:\/\/universomola.com\/wp-content\/uploads\/2021\/08\/Captura200.png 271w\" data-sizes=\"(max-width: 271px) 100vw, 271px\" src=\"data:image\/svg+xml;base64,PHN2ZyB3aWR0aD0iMSIgaGVpZ2h0PSIxIiB4bWxucz0iaHR0cDovL3d3dy53My5vcmcvMjAwMC9zdmciPjwvc3ZnPg==\" style=\"--smush-placeholder-width: 271px; --smush-placeholder-aspect-ratio: 271\/408;\" \/><\/p>\n<p><span style=\"font-weight: 400;\">El arte manual de la marca es realizado por madres cabeza de hogar, quienes<\/span><b> elaboran desde sus casas hermosos tejidos para estar al tanto de sus hijos<\/b><span style=\"font-weight: 400;\">, pero tambi\u00e9n para capacitarse gracias a la <\/span><i><span style=\"font-weight: 400;\">Fundaci\u00f3n Entreaguas<\/span><\/i><span style=\"font-weight: 400;\">. Es as\u00ed como en cada colecci\u00f3n lleva <\/span><b>impreso un sentido de sostenibilidad por el reconocimiento de sueldos justos, responsabilidad social y beneficios educativos<\/b><span style=\"font-weight: 400;\"> permitiendo que el desarrollo de estas piezas sea muy importante y se vaya perfeccionando, de tal manera que pueden lograr dise\u00f1os \u00fanicos tan atemporales como los bikinis y accesorios para la playa.\u00a0<\/span><\/p>\n<p><b>Utilizando t\u00e9cnicas tan ancestrales como el tejido en macram\u00e9 y textiles te\u00f1idos a mano o <\/b><b><i>tie dye.<\/i><\/b><i><span style=\"font-weight: 400;\">\u00a0 <\/span><\/i><span style=\"font-weight: 400;\">Todo<\/span> <span style=\"font-weight: 400;\">Inspirado en la naturaleza, la tierra y todos sus elementos.<\/span><\/p>\n<p><span style=\"font-weight: 400;\">Marcas nuestras, generaciones que le apostamos a cambiar nuestro chip en pro de una responsable, ecoamigable, consciente, en donde prima adem\u00e1s el buen producto y beneficios importantes para los consumidores.\u00a0<\/span><\/p>\n<p><b>Nuestra invitaci\u00f3n es\u00a0 preguntarnos qu\u00e9 tan sostenible es tu marca o la marca que consumes y a que preferiblemente apoyes el producto local, pues as\u00ed aportas a la generaci\u00f3n de empleo y al comercio justo en tu pa\u00eds.<\/b><\/p>\n<\/div><\/div><\/div><\/div><\/div>","protected":false},"excerpt":{"rendered":"<p>Lorem ipsum dolor sit amet, consectetur adipiscing elit. Nam pharetra dictum eleifend. Sed posuere magna at luctus pretium. Aliquam ligula sem, aliquet sit amet nisi ac, dignissim porta ipsum.<\/p>","protected":false},"author":9,"featured_media":5489,"comment_status":"open","ping_status":"open","sticky":false,"template":"","format":"standard","meta":{"_monsterinsights_skip_tracking":false,"_monsterinsights_sitenote_active":false,"_monsterinsights_sitenote_note":"","_monsterinsights_sitenote_category":0,"footnotes":""},"categories":[40],"tags":[93,89,48,92,47,96,88],"class_list":["post-5484","post","type-post","status-publish","format-standard","has-post-thumbnail","hentry","category-blog","tag-disenadores-sostenibles","tag-moda-etica","tag-moda-latina","tag-moda-latinoamericana","tag-moda-sostenible","tag-moda-sustentable","tag-universo-mola"],"_links":{"self":[{"href":"https:\/\/universomola.com\/en\/wp-json\/wp\/v2\/posts\/5484","targetHints":{"allow":["GET"]}}],"collection":[{"href":"https:\/\/universomola.com\/en\/wp-json\/wp\/v2\/posts"}],"about":[{"href":"https:\/\/universomola.com\/en\/wp-json\/wp\/v2\/types\/post"}],"author":[{"embeddable":true,"href":"https:\/\/universomola.com\/en\/wp-json\/wp\/v2\/users\/9"}],"replies":[{"embeddable":true,"href":"https:\/\/universomola.com\/en\/wp-json\/wp\/v2\/comments?post=5484"}],"version-history":[{"count":1,"href":"https:\/\/universomola.com\/en\/wp-json\/wp\/v2\/posts\/5484\/revisions"}],"predecessor-version":[{"id":5490,"href":"https:\/\/universomola.com\/en\/wp-json\/wp\/v2\/posts\/5484\/revisions\/5490"}],"wp:featuredmedia":[{"embeddable":true,"href":"https:\/\/universomola.com\/en\/wp-json\/wp\/v2\/media\/5489"}],"wp:attachment":[{"href":"https:\/\/universomola.com\/en\/wp-json\/wp\/v2\/media?parent=5484"}],"wp:term":[{"taxonomy":"category","embeddable":true,"href":"https:\/\/universomola.com\/en\/wp-json\/wp\/v2\/categories?post=5484"},{"taxonomy":"post_tag","embeddable":true,"href":"https:\/\/universomola.com\/en\/wp-json\/wp\/v2\/tags?post=5484"}],"curies":[{"name":"wp","href":"https:\/\/api.w.org\/{rel}","templated":true}]}}